{"id":2091,"date":"2014-01-13T21:20:20","date_gmt":"2014-01-13T20:20:20","guid":{"rendered":"http:\/\/www.tvk-gaj.pl\/~gajonline\/?p=2091"},"modified":"2014-01-14T09:45:14","modified_gmt":"2014-01-14T08:45:14","slug":"informacja-dotyczaca-wywozu-smieci-na-terenie-osiedla","status":"publish","type":"post","link":"https:\/\/online.tvk-gaj.pl\/?p=2091","title":{"rendered":"Informacja dotycz\u0105ca wywozu \u015bmieci na terenie osiedla"},"content":{"rendered":"<p>Zamieszczamy do informacji publicznej komunikat Departamentu Nieruchomo\u015bci i Eksploatacji Urz\u0119du Miejskiego Wroc\u0142awia dotycz\u0105cy wywozu \u015bmieci z terenu osiedla.\u00a0<!--more--><\/p>\n<p>&nbsp;<\/p>\n<p>&nbsp;<\/p>\n<p>&nbsp;<\/p>\n<p><a href=\"http:\/\/www.tvk-gaj.pl\/~gajonline\/wp-content\/uploads\/2014\/01\/ScanImage2051.jpg\"><img loading=\"lazy\" decoding=\"async\" class=\"alignleft size-large wp-image-2092\" alt=\"ScanImage2051\" src=\"http:\/\/www.tvk-gaj.pl\/~gajonline\/wp-content\/uploads\/2014\/01\/ScanImage2051-723x1024.jpg\" width=\"723\" height=\"1024\" srcset=\"https:\/\/online.tvk-gaj.pl\/wp-content\/uploads\/2014\/01\/ScanImage2051-723x1024.jpg 723w, https:\/\/online.tvk-gaj.pl\/wp-content\/uploads\/2014\/01\/ScanImage2051-212x300.jpg 212w, https:\/\/online.tvk-gaj.pl\/wp-content\/uploads\/2014\/01\/ScanImage2051.jpg 1240w\" sizes=\"auto, (max-width: 723px) 100vw, 723px\" \/><\/a><\/p>\n<p>&nbsp;<\/p>\n<p>&nbsp;<\/p>\n<p>&nbsp;<\/p>\n<p>&nbsp;<\/p>\n<p>&nbsp;<\/p>\n","protected":false},"excerpt":{"rendered":"<p>Zamieszczamy do informacji publicznej komunikat Departamentu Nieruchomo\u015bci i Eksploatacji Urz\u0119du Miejskiego Wroc\u0142awia dotycz\u0105cy wywozu \u015bmieci z terenu osiedla.\u00a0<\/p>\n","protected":false},"author":1,"featured_media":2092,"comment_status":"open","ping_status":"open","sticky":false,"template":"","format":"standard","meta":{"footnotes":""},"categories":[14],"tags":[207,166,204,206,205],"class_list":["post-2091","post","type-post","status-publish","format-standard","has-post-thumbnail","hentry","category-aktualnosci","tag-ekosystem-sp-z-o-o","tag-osiedle-gaj","tag-smieci","tag-ustawa-smieciowa","tag-wywoz-smieci"],"_links":{"self":[{"href":"https:\/\/online.tvk-gaj.pl\/index.php?rest_route=\/wp\/v2\/posts\/2091","targetHints":{"allow":["GET"]}}],"collection":[{"href":"https:\/\/online.tvk-gaj.pl\/index.php?rest_route=\/wp\/v2\/posts"}],"about":[{"href":"https:\/\/online.tvk-gaj.pl\/index.php?rest_route=\/wp\/v2\/types\/post"}],"author":[{"embeddable":true,"href":"https:\/\/online.tvk-gaj.pl\/index.php?rest_route=\/wp\/v2\/users\/1"}],"replies":[{"embeddable":true,"href":"https:\/\/online.tvk-gaj.pl\/index.php?rest_route=%2Fwp%2Fv2%2Fcomments&post=2091"}],"version-history":[{"count":2,"href":"https:\/\/online.tvk-gaj.pl\/index.php?rest_route=\/wp\/v2\/posts\/2091\/revisions"}],"predecessor-version":[{"id":2094,"href":"https:\/\/online.tvk-gaj.pl\/index.php?rest_route=\/wp\/v2\/posts\/2091\/revisions\/2094"}],"wp:featuredmedia":[{"embeddable":true,"href":"https:\/\/online.tvk-gaj.pl\/index.php?rest_route=\/wp\/v2\/media\/2092"}],"wp:attachment":[{"href":"https:\/\/online.tvk-gaj.pl\/index.php?rest_route=%2Fwp%2Fv2%2Fmedia&parent=2091"}],"wp:term":[{"taxonomy":"category","embeddable":true,"href":"https:\/\/online.tvk-gaj.pl\/index.php?rest_route=%2Fwp%2Fv2%2Fcategories&post=2091"},{"taxonomy":"post_tag","embeddable":true,"href":"https:\/\/online.tvk-gaj.pl\/index.php?rest_route=%2Fwp%2Fv2%2Ftags&post=2091"}],"curies":[{"name":"wp","href":"https:\/\/api.w.org\/{rel}","templated":true}]}}