{"id":2095,"date":"2014-01-17T17:40:57","date_gmt":"2014-01-17T16:40:57","guid":{"rendered":"http:\/\/www.tvk-gaj.pl\/~gajonline\/?p=2095"},"modified":"2014-01-17T17:43:56","modified_gmt":"2014-01-17T16:43:56","slug":"drugi-w-tym-miesiacu-pozar-przy-krynickiej","status":"publish","type":"post","link":"https:\/\/online.tvk-gaj.pl\/?p=2095","title":{"rendered":"Drugi w tym miesi\u0105cu po\u017car przy Krynickiej"},"content":{"rendered":"<p>Dzi\u015b rano sp\u0142on\u0105\u0142 zsyp przy ulicy Krynickiej 78. Jest to ju\u017c drugie takie zdarzenie w tym miesi\u0105cu. Nieszcz\u0119\u015bliwy przypadek czy mo\u017ce celowe podpalenie?\u00a0<!--more--><\/p>\n<p>To ju\u017c drugie takie zdarzenie w ci\u0105gu miesi\u0105ca. Dzisiaj oko\u0142o godziny 8 rano mieszka\u0144cy budynku przy ul. Krynickiej zobaczyli dym wydostaj\u0105cy si\u0119 z pomieszczenia zsypu na \u015bmieci przy klatce Krynicka 78. Na miejscu szybko pojawi\u0142a si\u0119 Stra\u017c Po\u017carna, kt\u00f3ra ugasi\u0142a p\u0142on\u0105ce pomieszczenie z kontenerami na \u015bmieci.<\/p>\n<p>&nbsp;<\/p>\n<p style=\"text-align: center;\"><a href=\"http:\/\/www.tvk-gaj.pl\/~gajonline\/wp-content\/uploads\/2014\/01\/P1170004.jpg\"><img loading=\"lazy\" decoding=\"async\" class=\" wp-image-2096 aligncenter\" alt=\"OLYMPUS DIGITAL CAMERA\" src=\"http:\/\/www.tvk-gaj.pl\/~gajonline\/wp-content\/uploads\/2014\/01\/P1170004-1024x768.jpg\" width=\"614\" height=\"461\" srcset=\"https:\/\/online.tvk-gaj.pl\/wp-content\/uploads\/2014\/01\/P1170004-1024x768.jpg 1024w, https:\/\/online.tvk-gaj.pl\/wp-content\/uploads\/2014\/01\/P1170004-300x225.jpg 300w, https:\/\/online.tvk-gaj.pl\/wp-content\/uploads\/2014\/01\/P1170004.jpg 1984w\" sizes=\"auto, (max-width: 614px) 100vw, 614px\" \/><\/a><\/p>\n<p>&nbsp;<\/p>\n<p>Oko\u0142o godziny 12 na miejscu pojawili si\u0119 pracownicy firmy obs\u0142uguj\u0105cej wyw\u00f3z \u015bmieci z posesji. Usun\u0119li oni spalone kontenery oraz resztki spalonych \u015bmieci.<\/p>\n<p>&nbsp;<\/p>\n<p style=\"text-align: center;\"><a href=\"http:\/\/www.tvk-gaj.pl\/~gajonline\/wp-content\/uploads\/2014\/01\/P1170002.jpg\"><img loading=\"lazy\" decoding=\"async\" class=\"aligncenter  wp-image-2097\" alt=\"OLYMPUS DIGITAL CAMERA\" src=\"http:\/\/www.tvk-gaj.pl\/~gajonline\/wp-content\/uploads\/2014\/01\/P1170002-1024x768.jpg\" width=\"614\" height=\"461\" srcset=\"https:\/\/online.tvk-gaj.pl\/wp-content\/uploads\/2014\/01\/P1170002-1024x768.jpg 1024w, https:\/\/online.tvk-gaj.pl\/wp-content\/uploads\/2014\/01\/P1170002-300x225.jpg 300w, https:\/\/online.tvk-gaj.pl\/wp-content\/uploads\/2014\/01\/P1170002.jpg 1984w\" sizes=\"auto, (max-width: 614px) 100vw, 614px\" \/><\/a><\/p>\n<p>&nbsp;<\/p>\n<p>Ze wzgl\u0119du na kr\u00f3tki odst\u0119p czasu pomi\u0119dzy po\u017carami istnieje podejrzenie, \u017ce zsyp zosta\u0142 celowo podpalony.<\/p>\n<p>&nbsp;<\/p>\n<p style=\"text-align: center;\"><a href=\"http:\/\/www.tvk-gaj.pl\/~gajonline\/wp-content\/uploads\/2014\/01\/P1170003.jpg\"><img loading=\"lazy\" decoding=\"async\" class=\"aligncenter  wp-image-2098\" alt=\"OLYMPUS DIGITAL CAMERA\" src=\"http:\/\/www.tvk-gaj.pl\/~gajonline\/wp-content\/uploads\/2014\/01\/P1170003-1024x768.jpg\" width=\"614\" height=\"461\" srcset=\"https:\/\/online.tvk-gaj.pl\/wp-content\/uploads\/2014\/01\/P1170003-1024x768.jpg 1024w, https:\/\/online.tvk-gaj.pl\/wp-content\/uploads\/2014\/01\/P1170003-300x225.jpg 300w, https:\/\/online.tvk-gaj.pl\/wp-content\/uploads\/2014\/01\/P1170003.jpg 1984w\" sizes=\"auto, (max-width: 614px) 100vw, 614px\" \/><\/a><\/p>\n<p>&nbsp;<\/p>\n<p>St\u0105d apel do mieszka\u0144c\u00f3w o szczeg\u00f3ln\u0105 uwag\u0119 wzgl\u0119dem pomieszczenia.<\/p>\n<p>&nbsp;<\/p>\n<p>&nbsp;<\/p>\n","protected":false},"excerpt":{"rendered":"<p>Dzi\u015b rano sp\u0142on\u0105\u0142 zsyp przy ulicy Krynickiej 78. Jest to ju\u017c drugie takie zdarzenie w tym miesi\u0105cu. Nieszcz\u0119\u015bliwy przypadek czy mo\u017ce celowe podpalenie?\u00a0<\/p>\n","protected":false},"author":1,"featured_media":2096,"comment_status":"open","ping_status":"open","sticky":false,"template":"","format":"standard","meta":{"footnotes":""},"categories":[14,12],"tags":[209,208,211,210],"class_list":["post-2095","post","type-post","status-publish","format-standard","has-post-thumbnail","hentry","category-aktualnosci","category-artykuly","tag-krynicka","tag-podpalenie","tag-pozar","tag-zsyp"],"_links":{"self":[{"href":"https:\/\/online.tvk-gaj.pl\/index.php?rest_route=\/wp\/v2\/posts\/2095","targetHints":{"allow":["GET"]}}],"collection":[{"href":"https:\/\/online.tvk-gaj.pl\/index.php?rest_route=\/wp\/v2\/posts"}],"about":[{"href":"https:\/\/online.tvk-gaj.pl\/index.php?rest_route=\/wp\/v2\/types\/post"}],"author":[{"embeddable":true,"href":"https:\/\/online.tvk-gaj.pl\/index.php?rest_route=\/wp\/v2\/users\/1"}],"replies":[{"embeddable":true,"href":"https:\/\/online.tvk-gaj.pl\/index.php?rest_route=%2Fwp%2Fv2%2Fcomments&post=2095"}],"version-history":[{"count":3,"href":"https:\/\/online.tvk-gaj.pl\/index.php?rest_route=\/wp\/v2\/posts\/2095\/revisions"}],"predecessor-version":[{"id":2101,"href":"https:\/\/online.tvk-gaj.pl\/index.php?rest_route=\/wp\/v2\/posts\/2095\/revisions\/2101"}],"wp:featuredmedia":[{"embeddable":true,"href":"https:\/\/online.tvk-gaj.pl\/index.php?rest_route=\/wp\/v2\/media\/2096"}],"wp:attachment":[{"href":"https:\/\/online.tvk-gaj.pl\/index.php?rest_route=%2Fwp%2Fv2%2Fmedia&parent=2095"}],"wp:term":[{"taxonomy":"category","embeddable":true,"href":"https:\/\/online.tvk-gaj.pl\/index.php?rest_route=%2Fwp%2Fv2%2Fcategories&post=2095"},{"taxonomy":"post_tag","embeddable":true,"href":"https:\/\/online.tvk-gaj.pl\/index.php?rest_route=%2Fwp%2Fv2%2Ftags&post=2095"}],"curies":[{"name":"wp","href":"https:\/\/api.w.org\/{rel}","templated":true}]}}