{"id":2102,"date":"2014-01-19T11:02:11","date_gmt":"2014-01-19T10:02:11","guid":{"rendered":"http:\/\/www.tvk-gaj.pl\/~gajonline\/?p=2102"},"modified":"2014-01-19T11:05:52","modified_gmt":"2014-01-19T10:05:52","slug":"pr-artystyczne-warsztaty-dla-dzieci-w-ferio-gaj","status":"publish","type":"post","link":"https:\/\/online.tvk-gaj.pl\/?p=2102","title":{"rendered":"[PR] Artystyczne warsztaty dla dzieci w Centrum Handlowym Ferio Gaj"},"content":{"rendered":"<p>Informacja prasowa Centrum Handlowego Ferio Gaj. Zapraszamy na artystyczne warsztaty dla dzieci w Ferio Gaj, kt\u00f3re odb\u0119d\u0105 si\u0119 w najbli\u017cszy pi\u0105tek, 24 stycznia.<!--more--><\/p>\n<p><strong>Du\u017cymi krokami zbli\u017caj\u0105 si\u0119 \u015awi\u0119ta Babci i Dziadka. Z tej okazji FERIO Gaj Wroc\u0142aw zaprasza serdecznie wszystkie dzieci na cykliczne i ciesz\u0105ce si\u0119 ogromnym powodzeniem Rodzinne Warsztaty Artystyczne. Tym razem w ich trakcie przygotujemy wsp\u00f3lnie upominki dla naszych bab\u0107 i dziadk\u00f3w.<\/strong><\/p>\n<p>Wiedz\u0105c dobrze o tym, \u017ce dziadkowie uwielbiaj\u0105 rozsiada\u0107 si\u0119 w swoich g\u0142\u0119bokich fotelach i popija\u0107 w nich herbat\u0119 do porannej gazety, dzieci przygotuj\u0119 pami\u0105tkowe kubki z indywidualnym i niepowtarzalnym zdobieniem (na podstawie specjalnych szablon\u00f3w)\u00a0w postaci w\u0105s\u00f3w, okular\u00f3w i kwiat\u00f3w. Przygotujemy r\u00f3wnie\u017c opakowania do herbaty\u00a0z wizerunkiem dziadka lub babci. Upominki dopracujemy wed\u0142ug indywidualnych projekt\u00f3w uczestnik\u00f3w warsztat\u00f3w.<\/p>\n<p>Babcie otrzymaj\u0105 w prezencie od \u00a0wnucz\u0105t niepowtarzaln\u0105 i oryginaln\u0105 bi\u017cuteri\u0119.\u00a0W trakcie jej tworzenia wszyscy dowiemy si\u0119, co to s\u0105 hiszpa\u0144skie merynosy i jak si\u0119 robi filc. Efektem naszej pracy b\u0119d\u0105 kolorowe filcowe niespodzianki \u2013 kameleony i kwiaty idealnie pasuj\u0105ce do garderoby ka\u017cdej babci.<\/p>\n<p>Dla najm\u0142odszych uczestnik\u00f3w naszego warsztatowego spotkania przygotujemy k\u0105cik plastyczny.<\/p>\n<p>Warsztaty odbywa\u0107 si\u0119 b\u0119d\u0105 <b>24 stycznia mi\u0119dzy 14.00 a 20.00.<\/b><\/p>\n<p>&nbsp;<\/p>\n<p><a href=\"http:\/\/www.tvk-gaj.pl\/~gajonline\/wp-content\/uploads\/2014\/01\/FGW_Zima_Warsztaty_B1.jpg\"><img loading=\"lazy\" decoding=\"async\" class=\"aligncenter size-full wp-image-2103\" alt=\"FGW_Zima_Warsztaty_B1\" src=\"http:\/\/www.tvk-gaj.pl\/~gajonline\/wp-content\/uploads\/2014\/01\/FGW_Zima_Warsztaty_B1.jpg\" width=\"700\" height=\"1000\" srcset=\"https:\/\/online.tvk-gaj.pl\/wp-content\/uploads\/2014\/01\/FGW_Zima_Warsztaty_B1.jpg 700w, https:\/\/online.tvk-gaj.pl\/wp-content\/uploads\/2014\/01\/FGW_Zima_Warsztaty_B1-210x300.jpg 210w\" sizes=\"auto, (max-width: 700px) 100vw, 700px\" \/><\/a><\/p>\n<p>&nbsp;<\/p>\n<p>&nbsp;<\/p>\n<p>Serdecznie zapraszamy do FERIO Gaj.<\/p>\n<p>&nbsp;<\/p>\n<p><strong>Centrum handlowo \u2013 us\u0142ugowe FERIO Gaj<\/strong><\/p>\n<p>ul. \u015awieradowska 51\/57, 50-559 Wroc\u0142aw,<\/p>\n<p>Godziny otwarcia Centrum pon. &#8211; sb. 10:00-21:00, ndz. 10:00-19:00.<\/p>\n<p>Godziny otwarcia supermarketu Piotr i Pawe\u0142 pon. \u2013 sb. 8:00-22:30, ndz. 10:00-19:00.<\/p>\n<p><span style=\"color: #888888;\">www.feriogaj.com<\/span><\/p>\n<p>&nbsp;<\/p>\n<p>&nbsp;<\/p>\n<p style=\"text-align: left;\" align=\"center\"><b>\u00a0<\/b><\/p>\n","protected":false},"excerpt":{"rendered":"<p>Informacja prasowa Centrum Handlowego Ferio Gaj. Zapraszamy na artystyczne warsztaty dla dzieci w Ferio Gaj, kt\u00f3re odb\u0119d\u0105 si\u0119 w najbli\u017cszy pi\u0105tek, 24 stycznia.<\/p>\n","protected":false},"author":1,"featured_media":2103,"comment_status":"open","ping_status":"open","sticky":false,"template":"","format":"standard","meta":{"footnotes":""},"categories":[14],"tags":[212,117],"class_list":["post-2102","post","type-post","status-publish","format-standard","has-post-thumbnail","hentry","category-aktualnosci","tag-centrum-handlowe-ferio-gaj","tag-swieradowska"],"_links":{"self":[{"href":"https:\/\/online.tvk-gaj.pl\/index.php?rest_route=\/wp\/v2\/posts\/2102","targetHints":{"allow":["GET"]}}],"collection":[{"href":"https:\/\/online.tvk-gaj.pl\/index.php?rest_route=\/wp\/v2\/posts"}],"about":[{"href":"https:\/\/online.tvk-gaj.pl\/index.php?rest_route=\/wp\/v2\/types\/post"}],"author":[{"embeddable":true,"href":"https:\/\/online.tvk-gaj.pl\/index.php?rest_route=\/wp\/v2\/users\/1"}],"replies":[{"embeddable":true,"href":"https:\/\/online.tvk-gaj.pl\/index.php?rest_route=%2Fwp%2Fv2%2Fcomments&post=2102"}],"version-history":[{"count":4,"href":"https:\/\/online.tvk-gaj.pl\/index.php?rest_route=\/wp\/v2\/posts\/2102\/revisions"}],"predecessor-version":[{"id":2107,"href":"https:\/\/online.tvk-gaj.pl\/index.php?rest_route=\/wp\/v2\/posts\/2102\/revisions\/2107"}],"wp:featuredmedia":[{"embeddable":true,"href":"https:\/\/online.tvk-gaj.pl\/index.php?rest_route=\/wp\/v2\/media\/2103"}],"wp:attachment":[{"href":"https:\/\/online.tvk-gaj.pl\/index.php?rest_route=%2Fwp%2Fv2%2Fmedia&parent=2102"}],"wp:term":[{"taxonomy":"category","embeddable":true,"href":"https:\/\/online.tvk-gaj.pl\/index.php?rest_route=%2Fwp%2Fv2%2Fcategories&post=2102"},{"taxonomy":"post_tag","embeddable":true,"href":"https:\/\/online.tvk-gaj.pl\/index.php?rest_route=%2Fwp%2Fv2%2Ftags&post=2102"}],"curies":[{"name":"wp","href":"https:\/\/api.w.org\/{rel}","templated":true}]}}