{"id":2110,"date":"2014-01-20T16:42:26","date_gmt":"2014-01-20T15:42:26","guid":{"rendered":"http:\/\/www.tvk-gaj.pl\/~gajonline\/?p=2110"},"modified":"2014-01-20T16:48:56","modified_gmt":"2014-01-20T15:48:56","slug":"nowo-powstala-poradnia-rodzinna-na-osiedlu","status":"publish","type":"post","link":"https:\/\/online.tvk-gaj.pl\/?p=2110","title":{"rendered":"Nowo powsta\u0142a Poradnia Rodzinna na osiedlu"},"content":{"rendered":"<p>Od poniedzia\u0142ku, 20 stycznia, zapraszamy do nowo powsta\u0142ej Poradni Rodzinnej na Gaju. Poradnia znajduje si\u0119 w Rotundzie przy parafii \u015awi\u0119tego Franciszka z Asy\u017cu na ulicy Borowskiej. Mo\u017cna w niej skorzysta\u0107 z pomocy: doradcy \u017cycia rodzinnego, duszpasterza, pedagoga, mediatora rodzinnego, psychologa, psychoterapeuty oraz prawnika. Wszystkie porady udzielane s\u0105 bezp\u0142atnie.<!--more--><\/p>\n<p>&nbsp;<\/p>\n<p>Poradnia znajduje si\u0119 w Rotundzie Ko\u015bcio\u0142a pw. \u015awi\u0119tego Franciszka z Asy\u017cu przy ulicy Borowskiej 174.<\/p>\n<p>&nbsp;<\/p>\n<p style=\"text-align: center;\"><img loading=\"lazy\" decoding=\"async\" class=\"aligncenter\" alt=\"\" src=\"http:\/\/gfx.mmka.pl\/newsph\/333836\/506541.3.jpg\" width=\"600\" height=\"450\" \/><\/p>\n<p>&nbsp;<\/p>\n<p>Wszystkie dost\u0119pne tam porady udzielane s\u0105 bezp\u0142atnie.<\/p>\n<p>Dzia\u0142alno\u015b\u0107 Poradni jest wsp\u00f3\u0142finansowana przez gmin\u0119 Wroc\u0142aw.<\/p>\n<p>&nbsp;<\/p>\n<p><strong>Szczeg\u00f3\u0142owe informacje oraz grafik pracy specjalist\u00f3w przedstawiamy poni\u017cej.<\/strong><\/p>\n<p style=\"text-align: center;\"><a href=\"http:\/\/www.tvk-gaj.pl\/~gajonline\/wp-content\/uploads\/2014\/01\/poradnia2.jpg\"><img loading=\"lazy\" decoding=\"async\" class=\"aligncenter  wp-image-2109\" alt=\"poradnia2\" src=\"http:\/\/www.tvk-gaj.pl\/~gajonline\/wp-content\/uploads\/2014\/01\/poradnia2-725x1024.jpg\" width=\"435\" height=\"614\" srcset=\"https:\/\/online.tvk-gaj.pl\/wp-content\/uploads\/2014\/01\/poradnia2-725x1024.jpg 725w, https:\/\/online.tvk-gaj.pl\/wp-content\/uploads\/2014\/01\/poradnia2-212x300.jpg 212w, https:\/\/online.tvk-gaj.pl\/wp-content\/uploads\/2014\/01\/poradnia2.jpg 1539w\" sizes=\"auto, (max-width: 435px) 100vw, 435px\" \/><\/a><\/p>\n<p style=\"text-align: center;\"><a href=\"http:\/\/www.tvk-gaj.pl\/~gajonline\/wp-content\/uploads\/2014\/01\/poradnia1.jpg\"><img loading=\"lazy\" decoding=\"async\" class=\"aligncenter  wp-image-2108\" alt=\"poradnia1\" src=\"http:\/\/www.tvk-gaj.pl\/~gajonline\/wp-content\/uploads\/2014\/01\/poradnia1-728x1024.jpg\" width=\"437\" height=\"614\" srcset=\"https:\/\/online.tvk-gaj.pl\/wp-content\/uploads\/2014\/01\/poradnia1-728x1024.jpg 728w, https:\/\/online.tvk-gaj.pl\/wp-content\/uploads\/2014\/01\/poradnia1-213x300.jpg 213w, https:\/\/online.tvk-gaj.pl\/wp-content\/uploads\/2014\/01\/poradnia1.jpg 1535w\" sizes=\"auto, (max-width: 437px) 100vw, 437px\" \/><\/a><\/p>\n<p>&nbsp;<\/p>\n","protected":false},"excerpt":{"rendered":"<p>Od poniedzia\u0142ku, 20 stycznia, zapraszamy do nowo powsta\u0142ej Poradni Rodzinnej na Gaju. Poradnia znajduje si\u0119 w Rotundzie przy parafii \u015awi\u0119tego Franciszka z Asy\u017cu na ulicy Borowskiej. Mo\u017cna w niej skorzysta\u0107 z pomocy: doradcy \u017cycia rodzinnego, duszpasterza, pedagoga, mediatora rodzinnego, psychologa, psychoterapeuty oraz prawnika. Wszystkie porady udzielane s\u0105 bezp\u0142atnie.<\/p>\n","protected":false},"author":1,"featured_media":2114,"comment_status":"open","ping_status":"open","sticky":false,"template":"","format":"standard","meta":{"footnotes":""},"categories":[14],"tags":[113,112,217,216,213,215,214,195],"class_list":["post-2110","post","type-post","status-publish","format-standard","has-post-thumbnail","hentry","category-aktualnosci","tag-borowska","tag-gaj","tag-mediator-rodzinny","tag-pomoc-rodzinie","tag-poradnia-rodzinna","tag-prawnik","tag-psycholog","tag-rotunda-swietego-franciszka"],"_links":{"self":[{"href":"https:\/\/online.tvk-gaj.pl\/index.php?rest_route=\/wp\/v2\/posts\/2110","targetHints":{"allow":["GET"]}}],"collection":[{"href":"https:\/\/online.tvk-gaj.pl\/index.php?rest_route=\/wp\/v2\/posts"}],"about":[{"href":"https:\/\/online.tvk-gaj.pl\/index.php?rest_route=\/wp\/v2\/types\/post"}],"author":[{"embeddable":true,"href":"https:\/\/online.tvk-gaj.pl\/index.php?rest_route=\/wp\/v2\/users\/1"}],"replies":[{"embeddable":true,"href":"https:\/\/online.tvk-gaj.pl\/index.php?rest_route=%2Fwp%2Fv2%2Fcomments&post=2110"}],"version-history":[{"count":5,"href":"https:\/\/online.tvk-gaj.pl\/index.php?rest_route=\/wp\/v2\/posts\/2110\/revisions"}],"predecessor-version":[{"id":2116,"href":"https:\/\/online.tvk-gaj.pl\/index.php?rest_route=\/wp\/v2\/posts\/2110\/revisions\/2116"}],"wp:featuredmedia":[{"embeddable":true,"href":"https:\/\/online.tvk-gaj.pl\/index.php?rest_route=\/wp\/v2\/media\/2114"}],"wp:attachment":[{"href":"https:\/\/online.tvk-gaj.pl\/index.php?rest_route=%2Fwp%2Fv2%2Fmedia&parent=2110"}],"wp:term":[{"taxonomy":"category","embeddable":true,"href":"https:\/\/online.tvk-gaj.pl\/index.php?rest_route=%2Fwp%2Fv2%2Fcategories&post=2110"},{"taxonomy":"post_tag","embeddable":true,"href":"https:\/\/online.tvk-gaj.pl\/index.php?rest_route=%2Fwp%2Fv2%2Ftags&post=2110"}],"curies":[{"name":"wp","href":"https:\/\/api.w.org\/{rel}","templated":true}]}}