{"id":2118,"date":"2014-01-20T17:04:17","date_gmt":"2014-01-20T16:04:17","guid":{"rendered":"http:\/\/www.tvk-gaj.pl\/~gajonline\/?p=2118"},"modified":"2014-01-20T17:05:31","modified_gmt":"2014-01-20T16:05:31","slug":"sukcesywnie-poprawianie-bezpieczenstwa-drogowego-na-terenie-osiedla","status":"publish","type":"post","link":"https:\/\/online.tvk-gaj.pl\/?p=2118","title":{"rendered":"Sukcesywne poprawianie bezpiecze\u0144stwa drogowego na terenie osiedla"},"content":{"rendered":"<p>Sukcesywnie prowadzone s\u0105 na osiedlu r\u00f3\u017cnego rodzaju inwestycje oraz prace drogowe, maj\u0105ce na celu popraw\u0119 bezpiecze\u0144stwa ruchu drogowego na Gaju. Na pocz\u0105tku roku zabezpieczono przej\u015bcie dla pieszych wzd\u0142u\u017c ulicy \u015awieradowskiej (przy przeje\u017adzie tramwajowym), przed weekendem za\u015b zainstalowano barierki ogradzaj\u0105ce chodnik od jezdni przy skrzy\u017cowaniu ulic Orzechowej i Jab\u0142ecznej.<!--more--><\/p>\n<p>W pi\u0105tek 17 stycznia przy skrzy\u017cowaniu Jab\u0142ecznej z Orzechow\u0105 zainstalowano bariery ochronne, kt\u00f3re oddzielaj\u0105 chodnik od jezdni.<\/p>\n<p>Inwestycja jest szczeg\u00f3lnie istotna, poniewa\u017c ruch w tym miejscu jest wyj\u0105tkowo du\u017cy, za\u015b w pobli\u017cu znajduje si\u0119 szko\u0142a.<\/p>\n<p>&nbsp;<\/p>\n<p style=\"text-align: center;\"><a href=\"http:\/\/www.tvk-gaj.pl\/~gajonline\/wp-content\/uploads\/2014\/01\/P1170009.jpg\"><img loading=\"lazy\" decoding=\"async\" class=\" wp-image-2119 aligncenter\" alt=\"OLYMPUS DIGITAL CAMERA\" src=\"http:\/\/www.tvk-gaj.pl\/~gajonline\/wp-content\/uploads\/2014\/01\/P1170009-1024x767.jpg\" width=\"614\" height=\"460\" srcset=\"https:\/\/online.tvk-gaj.pl\/wp-content\/uploads\/2014\/01\/P1170009-1024x767.jpg 1024w, https:\/\/online.tvk-gaj.pl\/wp-content\/uploads\/2014\/01\/P1170009-300x224.jpg 300w, https:\/\/online.tvk-gaj.pl\/wp-content\/uploads\/2014\/01\/P1170009.jpg 1974w\" sizes=\"auto, (max-width: 614px) 100vw, 614px\" \/><\/a><\/p>\n<p>&nbsp;<\/p>\n<p>Jest to druga w tym miesi\u0105cu inwestycja obejmuj\u0105ca infrastruktur\u0119 drogow\u0105 na Gaju.\u00a0Na pocz\u0105tku stycznia przy ulicy \u015awieradowskiej pojawi\u0142y si\u0119 barierki zabezpieczaj\u0105ce pieszych i rowerzyst\u00f3w przed przypadkowym wtargni\u0119ciem na torowisko.<\/p>\n<p>&nbsp;<\/p>\n<p style=\"text-align: center;\"><a href=\"http:\/\/www.tvk-gaj.pl\/~gajonline\/wp-content\/uploads\/2014\/01\/2014-01-04-15.34.24.jpg\"><img loading=\"lazy\" decoding=\"async\" class=\"aligncenter  wp-image-2039\" alt=\"2014-01-04 15.34.24\" src=\"http:\/\/www.tvk-gaj.pl\/~gajonline\/wp-content\/uploads\/2014\/01\/2014-01-04-15.34.24-1024x575.jpg\" width=\"614\" height=\"345\" srcset=\"https:\/\/online.tvk-gaj.pl\/wp-content\/uploads\/2014\/01\/2014-01-04-15.34.24-1024x575.jpg 1024w, https:\/\/online.tvk-gaj.pl\/wp-content\/uploads\/2014\/01\/2014-01-04-15.34.24-300x168.jpg 300w, https:\/\/online.tvk-gaj.pl\/wp-content\/uploads\/2014\/01\/2014-01-04-15.34.24.jpg 1874w\" sizes=\"auto, (max-width: 614px) 100vw, 614px\" \/><\/a><\/p>\n<p>&nbsp;<\/p>\n<p>Inwestycje chroni\u0105ca pieszych przechodz\u0105cych na drug\u0105 stron\u0119 ulic \u015awieradowskiej oraz dzieci id\u0105ce do szko\u0142y przy ul. Orzechowej s\u0105 nast\u0119pstwem dzia\u0142a\u0144 na rzecz zwi\u0119kszenia bezpiecze\u0144stwa wszystkich uczestnik\u00f3w ruchu drogowego podj\u0119tych przez Rad\u0119 Osiedla Gaj pod koniec minionego roku.<\/p>\n<p>W planach przewidziane jest zabezpieczenie skrzy\u017cowania Krynickiej ze \u015awieradowsk\u0105 oraz instalacja prog\u00f3w zwalniaj\u0105cych w okolicy Gimnazjum Nr 25 przy ul. Orzechowej.<\/p>\n<p>&nbsp;<\/p>\n","protected":false},"excerpt":{"rendered":"<p>Sukcesywnie prowadzone s\u0105 na osiedlu r\u00f3\u017cnego rodzaju inwestycje oraz prace drogowe, maj\u0105ce na celu popraw\u0119 bezpiecze\u0144stwa ruchu drogowego na Gaju. Na pocz\u0105tku roku zabezpieczono przej\u015bcie dla pieszych wzd\u0142u\u017c ulicy \u015awieradowskiej (przy przeje\u017adzie tramwajowym), przed weekendem za\u015b zainstalowano barierki ogradzaj\u0105ce chodnik od jezdni przy skrzy\u017cowaniu ulic Orzechowej i Jab\u0142ecznej.<\/p>\n","protected":false},"author":1,"featured_media":2119,"comment_status":"open","ping_status":"open","sticky":false,"template":"","format":"standard","meta":{"footnotes":""},"categories":[14,12],"tags":[220,147,219,112,218],"class_list":["post-2118","post","type-post","status-publish","format-standard","has-post-thumbnail","hentry","category-aktualnosci","category-artykuly","tag-barierki-zabezpieczajace","tag-bezpieczenstwo","tag-bezpieczenstwo-drogowe","tag-gaj","tag-orzechowa"],"_links":{"self":[{"href":"https:\/\/online.tvk-gaj.pl\/index.php?rest_route=\/wp\/v2\/posts\/2118","targetHints":{"allow":["GET"]}}],"collection":[{"href":"https:\/\/online.tvk-gaj.pl\/index.php?rest_route=\/wp\/v2\/posts"}],"about":[{"href":"https:\/\/online.tvk-gaj.pl\/index.php?rest_route=\/wp\/v2\/types\/post"}],"author":[{"embeddable":true,"href":"https:\/\/online.tvk-gaj.pl\/index.php?rest_route=\/wp\/v2\/users\/1"}],"replies":[{"embeddable":true,"href":"https:\/\/online.tvk-gaj.pl\/index.php?rest_route=%2Fwp%2Fv2%2Fcomments&post=2118"}],"version-history":[{"count":3,"href":"https:\/\/online.tvk-gaj.pl\/index.php?rest_route=\/wp\/v2\/posts\/2118\/revisions"}],"predecessor-version":[{"id":2122,"href":"https:\/\/online.tvk-gaj.pl\/index.php?rest_route=\/wp\/v2\/posts\/2118\/revisions\/2122"}],"wp:featuredmedia":[{"embeddable":true,"href":"https:\/\/online.tvk-gaj.pl\/index.php?rest_route=\/wp\/v2\/media\/2119"}],"wp:attachment":[{"href":"https:\/\/online.tvk-gaj.pl\/index.php?rest_route=%2Fwp%2Fv2%2Fmedia&parent=2118"}],"wp:term":[{"taxonomy":"category","embeddable":true,"href":"https:\/\/online.tvk-gaj.pl\/index.php?rest_route=%2Fwp%2Fv2%2Fcategories&post=2118"},{"taxonomy":"post_tag","embeddable":true,"href":"https:\/\/online.tvk-gaj.pl\/index.php?rest_route=%2Fwp%2Fv2%2Ftags&post=2118"}],"curies":[{"name":"wp","href":"https:\/\/api.w.org\/{rel}","templated":true}]}}