{"id":2124,"date":"2014-01-29T09:00:44","date_gmt":"2014-01-29T08:00:44","guid":{"rendered":"http:\/\/www.tvk-gaj.pl\/~gajonline\/?p=2124"},"modified":"2014-01-28T22:18:19","modified_gmt":"2014-01-28T21:18:19","slug":"30-lat-temu-odprawiono-pierwsza-msze-swieta-na-gaju","status":"publish","type":"post","link":"https:\/\/online.tvk-gaj.pl\/?p=2124","title":{"rendered":"30 lat temu odprawiono pierwsz\u0105 msz\u0119 \u015bwi\u0119ta na Gaju"},"content":{"rendered":"<p>W niedziel\u0119 dnia 29.01.1984 roku o godz.10:00 odprawiono pierwsz\u0105 msz\u0119 \u015bwi\u0119ta na ternie osiedla. R\u00f3wno 30 lat temu na placu przy skrzy\u017cowaniu Jab\u0142ecznej i Borowskiej, w baraku, kt\u00f3ry ustawiony by\u0142 na terenie dzisiejszego Ko\u015bcio\u0142a pw. \u015awi\u0119tego Franciszka z Asy\u017cu odprawiono pierwsz\u0105 Msz\u0119 \u015awi\u0119t\u0105. W zwi\u0105zku z rocznic\u0105 zapraszamy do zapoznania si\u0119 z histori\u0105 parafii i ko\u015bcio\u0142a&#8230;<!--more--><\/p>\n<h1><\/h1>\n<h1>Zarys dziej\u00f3w<br \/>\nParafii \u015aw. Franciszka z Asy\u017cu we Wroc\u0142awiu<\/h1>\n<p>&nbsp;<\/p>\n<p><a href=\"http:\/\/www.tvk-gaj.pl\/~gajonline\/wp-content\/uploads\/2014\/01\/kosciol1.png\"><img loading=\"lazy\" decoding=\"async\" class=\"aligncenter size-full wp-image-2126\" alt=\"kosciol1\" src=\"http:\/\/www.tvk-gaj.pl\/~gajonline\/wp-content\/uploads\/2014\/01\/kosciol1.png\" width=\"605\" height=\"398\" srcset=\"https:\/\/online.tvk-gaj.pl\/wp-content\/uploads\/2014\/01\/kosciol1.png 605w, https:\/\/online.tvk-gaj.pl\/wp-content\/uploads\/2014\/01\/kosciol1-300x197.png 300w, https:\/\/online.tvk-gaj.pl\/wp-content\/uploads\/2014\/01\/kosciol1-207x136.png 207w, https:\/\/online.tvk-gaj.pl\/wp-content\/uploads\/2014\/01\/kosciol1-260x170.png 260w, https:\/\/online.tvk-gaj.pl\/wp-content\/uploads\/2014\/01\/kosciol1-430x283.png 430w\" sizes=\"auto, (max-width: 605px) 100vw, 605px\" \/><\/a><\/p>\n<p>&nbsp;<\/p>\n<p>Historia Parafii \u015awi\u0119tego Franciszka z Asy\u017cu we Wroc\u0142awiu na Gaju si\u0119ga swymi korzeniami czas\u00f3w II Wojny \u015awiatowej. Wy\u0142oni\u0142a si\u0119 ona z rozleg\u0142ej Parafii \u015aw. Henryka. W latach przedwojennych z tego \u015brodowiska ko\u015bcielnego powsta\u0142a w 1929 roku Parafia \u015aw. Ducha na Tarnogaju. W nast\u0119pnych latach trudno by\u0142o biskupowi wroc\u0142awskiemu powo\u0142a\u0107 kolejny samodzielny o\u015brodek duszpasterski. Przyczyn\u0105 tego stanu rzeczy by\u0142a mi\u0119dzy innymi recesja gospodarcza w III Rzeszy. Wszystko do 1942 roku wskazywa\u0142o, \u017ce powstanie nowej parafii to sprawa bardzo dalekiej przysz\u0142o\u015bci, z powodu kosztownej i wyniszczaj\u0105cej II Wojny \u015awiatowej.<\/p>\n<p>&nbsp;<\/p>\n<p><a href=\"http:\/\/www.tvk-gaj.pl\/~gajonline\/wp-content\/uploads\/2014\/01\/kosciol2.png\"><img loading=\"lazy\" decoding=\"async\" class=\"aligncenter size-full wp-image-2127\" alt=\"kosciol2\" src=\"http:\/\/www.tvk-gaj.pl\/~gajonline\/wp-content\/uploads\/2014\/01\/kosciol2.png\" width=\"607\" height=\"359\" srcset=\"https:\/\/online.tvk-gaj.pl\/wp-content\/uploads\/2014\/01\/kosciol2.png 607w, https:\/\/online.tvk-gaj.pl\/wp-content\/uploads\/2014\/01\/kosciol2-300x177.png 300w\" sizes=\"auto, (max-width: 607px) 100vw, 607px\" \/><\/a><\/p>\n<p>&nbsp;<\/p>\n<p>Pozornie prozaiczn\u0105 przyczyn\u0105 wydzielenia z Parafii \u015aw. Henryka odr\u0119bnego \u015brodowiska religijno-administracyjnego by\u0142o prawo wojenne Rzeszy, kt\u00f3re zwalnia\u0142o proboszcz\u00f3w od s\u0142u\u017cby wojskowej na froncie. Rozleg\u0142a Parafia \u015awi\u0119tego Henryka nie mog\u0142aby funkcjonowa\u0107 maj\u0105c tylko jednego kap\u0142ana. M\u0105dro\u015b\u0107 i do\u015bwiadczenie rz\u0105dcy diecezji ksi\u0119dza Kardyna\u0142a Adolfa Bertrama (1914- 1945) podyktowa\u0142a decyzj\u0119 nie zrealizowan\u0105 w poprzednich czasach. Z dniem 9 lutego 1942 roku powo\u0142a\u0142 on lokali\u0119 \u015awi\u0119tego Franciszka z Asy\u017cu dla parafian zamieszkuj\u0105cych Gaj. Odpowiedzialnym kap\u0142anem wydzielonej cz\u0119\u015bci macierzystej parafii zosta\u0142 ks. Franciszek Minich, wikariusz \u015aw. Henryka. Nowo ustanowiona jednostka duszpasterska nie posiada\u0142a w\u0142asnego ko\u015bcio\u0142a. Schematyzmy &#8211; roczniki &#8211; Ko\u015bcio\u0142a Rzymskokatolickiego w Metropolii Wroc\u0142awskiej z lat 1942 &#8211; 1944 informuj\u0105 o istnieniu lokalii \u015awi\u0119tego Franciszka z Asy\u017cu bez w\u0142asnego ko\u015bcio\u0142a, kt\u00f3rej kap\u0142an zamieszkuje na plebanii \u015aw. Henryka przy ul. Glinianej oraz pos\u0142uguje on wiernym w ko\u015bciele \u015aw. Henryka. Pierwszy schematyzm wydany przez odradzaj\u0105c\u0105 si\u0119 polsk\u0105 administracj\u0119 ko\u015bcieln\u0105 w 1945 roku, lokali\u0119 \u015aw. Franciszka z Asy\u017cu zast\u0119puje terminem parafia. W zwi\u0105zku z tym stanem rzeczy, \u0142atwiej by\u0142o w latach osiemdziesi\u0105tych domaga\u0107 si\u0119 pozwolenia na budow\u0119 ko\u015bcio\u0142a dla parafii bez w\u0142asnego miejsca kultu. Po zako\u0144czeniu II Wojny \u015awiatowej na tereny parafii, na kt\u00f3rych jeszcze nawet pod koniec XVIII wieku mimo kilkuwiekowej germanizacji zamieszkiwali Polacy, przyby\u0142a ludno\u015b\u0107 przede wszystkim z okolic Aleksandrowa Kujawskiego i K\u0119pna.<\/p>\n<p>&nbsp;<\/p>\n<p><a href=\"http:\/\/www.tvk-gaj.pl\/~gajonline\/wp-content\/uploads\/2014\/01\/kosciol4.png\"><img loading=\"lazy\" decoding=\"async\" class=\"aligncenter size-full wp-image-2129\" alt=\"kosciol4\" src=\"http:\/\/www.tvk-gaj.pl\/~gajonline\/wp-content\/uploads\/2014\/01\/kosciol4.png\" width=\"604\" height=\"410\" srcset=\"https:\/\/online.tvk-gaj.pl\/wp-content\/uploads\/2014\/01\/kosciol4.png 604w, https:\/\/online.tvk-gaj.pl\/wp-content\/uploads\/2014\/01\/kosciol4-300x203.png 300w, https:\/\/online.tvk-gaj.pl\/wp-content\/uploads\/2014\/01\/kosciol4-140x94.png 140w\" sizes=\"auto, (max-width: 604px) 100vw, 604px\" \/><\/a><\/p>\n<p>&nbsp;<\/p>\n<p>Decyzj\u0105 Kurii Wroc\u0142awskiej parafianie \u015aw. Franciszka z Asy\u017cu byli powierzeni w ca\u0142o\u015bci, do po\u0142owy lat siedemdziesi\u0105tych, trosce duszpasterstwa Parafii \u015aw. Henryka. W drugiej po\u0142owie wspomnianej dekady, cz\u0119\u015b\u0107 odbudowywanej ulicy Borowskiej zosta\u0142a powierzona parafii, kt\u00f3ra budowa\u0142a sw\u00f3j nowy ko\u015bci\u00f3\u0142 p. w. \u015aw. Ducha przy ulicy Bardzkiej.<\/p>\n<p>Perspektywiczny plan z lat osiemdziesi\u0105tych rozbudowy miasta w czworoboku wytyczonym ulicami: Kamienn\u0105, Bardzk\u0105, Borowsk\u0105 i nasypem kolejowym od strony Wojszyc, przewidywa\u0142y powstanie nowego osiedla na 15000 mieszka\u0144c\u00f3w. Wizja powstania tak du\u017cego osiedla sk\u0142oni\u0142a Kuri\u0119 Metropolitaln\u0105 do wyst\u0105pienia do w\u0142adz miejskich o wyra\u017cenie zgody na budow\u0119 domu katechetycznego i ko\u015bcio\u0142a. Ogromny wk\u0142ad w faktyczne zaistnienie parafii bez ko\u015bcio\u0142a i w\u0142asnego duszpasterstwa wni\u00f3s\u0142 ks. pra\u0142at Stefan W\u00f3jcik, budowniczy i proboszcz Parafii \u015aw. Ducha we Wroc\u0142awiu, kt\u00f3remu Ks. Kardyna\u0142 Henryk Gulbinowicz zleci\u0142 spraw\u0119 reprezentowania Parafii w sprawach budowy, gdy parafia nie posiada\u0142a jeszcze wyznaczonego proboszcza.<\/p>\n<p>&nbsp;<\/p>\n<p><a href=\"http:\/\/www.tvk-gaj.pl\/~gajonline\/wp-content\/uploads\/2014\/01\/kosciol6.png\"><img loading=\"lazy\" decoding=\"async\" class=\"aligncenter size-full wp-image-2131\" alt=\"kosciol6\" src=\"http:\/\/www.tvk-gaj.pl\/~gajonline\/wp-content\/uploads\/2014\/01\/kosciol6.png\" width=\"604\" height=\"403\" srcset=\"https:\/\/online.tvk-gaj.pl\/wp-content\/uploads\/2014\/01\/kosciol6.png 604w, https:\/\/online.tvk-gaj.pl\/wp-content\/uploads\/2014\/01\/kosciol6-300x200.png 300w, https:\/\/online.tvk-gaj.pl\/wp-content\/uploads\/2014\/01\/kosciol6-321x214.png 321w, https:\/\/online.tvk-gaj.pl\/wp-content\/uploads\/2014\/01\/kosciol6-140x94.png 140w\" sizes=\"auto, (max-width: 604px) 100vw, 604px\" \/><\/a><\/p>\n<p>&nbsp;<\/p>\n<p>Z my\u015bl\u0105 o przysz\u0142ym ko\u015bciele \u015aw. Franciszka z Asy\u017cu w 1983 roku zosta\u0142 po\u015bwi\u0119cony przez Ojca \u015awi\u0119tego Jana Paw\u0142a II kamie\u0144 w\u0119gielny. Aktu tego dokona\u0142 Papie\u017c we Wroc\u0142awiu na Partynicach podczas drugiej pielgrzymki do Ojczyzny.<\/p>\n<p>Formaln\u0105 zgod\u0119 na budow\u0119 oczekiwanej inwestycji wyda\u0142y w\u0142adze miasta Wroc\u0142awia w dniu 31.05.1982 roku. W \u015blad za t\u0105 decyzj\u0105 pismem z dnia 28 pa\u017adziernika 1982 roku zatwierdzony zosta\u0142 plan realizacyjny na budow\u0119 ko\u015bcio\u0142a oraz domu katechetycznego z zapleczem duszpasterskim. Stwierdzono, \u017ce podj\u0119ta decyzja jest zgodna z ustaleniami planu og\u00f3lnego zagospodarowania przestrzennego miasta.<\/p>\n<p>&nbsp;<\/p>\n<p><a href=\"http:\/\/www.tvk-gaj.pl\/~gajonline\/wp-content\/uploads\/2014\/01\/kosciol9.png\"><img loading=\"lazy\" decoding=\"async\" class=\"aligncenter size-full wp-image-2133\" alt=\"kosciol9\" src=\"http:\/\/www.tvk-gaj.pl\/~gajonline\/wp-content\/uploads\/2014\/01\/kosciol9.png\" width=\"606\" height=\"410\" srcset=\"https:\/\/online.tvk-gaj.pl\/wp-content\/uploads\/2014\/01\/kosciol9.png 606w, https:\/\/online.tvk-gaj.pl\/wp-content\/uploads\/2014\/01\/kosciol9-300x202.png 300w, https:\/\/online.tvk-gaj.pl\/wp-content\/uploads\/2014\/01\/kosciol9-140x94.png 140w\" sizes=\"auto, (max-width: 606px) 100vw, 606px\" \/><\/a><\/p>\n<p>&nbsp;<\/p>\n<p>Planowany pod zabudow\u0119 ko\u015bcio\u0142a teren po\u0142o\u017cony przy ulicach: Borowskiej, Jab\u0142ecznej i Dzia\u0142kowej przeszed\u0142 na w\u0142asno\u015b\u0107 Rzymskokatolickiej Parafii \u015aw. Franciszka z Asy\u017cu aktem notarialnym w dniu 11.03.1983 roku. Nabycie terenu przez parafi\u0119 jeszcze nie upowa\u017cnia\u0142o inwestora do zagospodarowania przysz\u0142ego placu budowy, jak r\u00f3wnie\u017c do uczynienia go miejscem kultu.<\/p>\n<p>W tych dniach mia\u0142o miejsce znamienne wydarzenie. P\u00f3\u017anym popo\u0142udniem 30 kwietnia 1983 roku w przeddzie\u0144 1 Maja, gdy \u00f3wczesne si\u0142y porz\u0105dkowe mobilizowa\u0142y si\u0119 do zabezpieczenia manifestacji pierwszomajowej, na rogu ulic Jab\u0142ecznej i Borowskiej ustawiono bez pozwolenia, siedmiometrowy krzy\u017c, jako pierwszy w tej cz\u0119\u015bci miasta obiekt kultu religijnego.<\/p>\n<p>Powy\u017csze wydarzenie niew\u0105tpliwie pomog\u0142o Wydzia\u0142owi Gospodarki Przestrzennej i Architektury Urz\u0119du Dzielnicowego Wroc\u0142aw &#8211; Krzyki na wyra\u017cenie zgody w dniu 12 maja 1983 roku na zagospodarowanie placu budowy przez ustawienie tymczasowych budynk\u00f3w do sk\u0142adania materia\u0142\u00f3w, niwelacj\u0119 terenu oraz wykonanie ogrodzenia placu budowy od strony ulicy Borowskiej.<\/p>\n<p>Zgodnie z pozwoleniem rozpocz\u0119to grodzenie terenu budowy i ustawienie barak\u00f3w budowlanych. Latem 1983 roku dokonano niwelacji terenu, na kt\u00f3rym zacz\u0119to gromadzi\u0107 materia\u0142y budowlane.<\/p>\n<p>Wychodz\u0105c na przeciw oczekiwaniom wiernych, spraw\u0105 wa\u017cn\u0105 by\u0142o przygotowanie tymczasowego pomieszczenia, w kt\u00f3rym Parafianie mogliby gromadzi\u0107 si\u0119 na sprawowanie nabo\u017ce\u0144stw. Jesieni\u0105 1983 roku wynaj\u0119ci cie\u015ble postawili okaza\u0142y barak -kaplic\u0119. Niezorientowani s\u0105dzili, \u017ce b\u0119dzie to magazyn budowlany. Taki krok by\u0142 niezb\u0119dnie konieczny z powodu tego, \u017ce \u00f3wczesne w\u0142adze wyznaniowe nie wydawa\u0142y pozwolenia na tego rodzaju miejsca kultu. Do budowy baraku wykorzystano mi\u0119dzy innymi materia\u0142 budowlany ze zdemontowanego papieskiego o\u0142tarza na Partynicach.<\/p>\n<p>W sobot\u0119 28 stycznia 1994 roku w kilku ucz\u0119szczanych miejscach parafii pojawi\u0142y si\u0119 og\u0142oszenia o planowanej w nast\u0119pnym dniu Mszy \u015aw. Zgodnie z og\u0142oszeniem i oczekiwaniem wiernych w niedziel\u0119 29 stycznia o godzinie 9,00 zosta\u0142a po\u015bwi\u0119cona przez ksi\u0119dza pra\u0142ata Stefana W\u00f3jcika tymczasowa kaplica. Tej pierwszej mszy na terenie budowy przewodniczy\u0142 ksi\u0105dz Kazimierz Sroka. Id\u0105c \u015bladem tego wydarzenia, Metropolita Arcybiskup Henryk Gulbinowicz wy\u0142\u0105czy\u0142 z dniem 3 lutego Parafi\u0119 \u015aw. Franciszka z Asy\u017cu spod administracji Parafii \u015aw. Henryka.<\/p>\n<p>Nowe miejsce kultu nie pozosta\u0142o oboj\u0119tne \u00f3wczesnym w\u0142adzom oraz nie\u017cyczliwym Ko\u015bcio\u0142owi ludziom. Fakty przemawia\u0142y, \u017ce dwukrotnie by\u0142y podejmowane pr\u00f3by podpalenia miejsca modlitwy przez &#8222;nieznanych sprawc\u00f3w&#8221;. W takiej sytuacji podj\u0119\u0142o decyzj\u0119 o wybudowaniu w kr\u00f3tkim czasie kaplicy z materia\u0142u niepalnego. Jesieni\u0105 1984 roku wznie\u015bli j\u0105 parafianie do wysoko\u015bci ponad dw\u00f3ch metr\u00f3w. Budow\u0119 t\u0119 przerwano, gdy w wyniku zachodz\u0105cych zmian w Ojczy\u017anie zagro\u017cenie zniszczenia kaplicy min\u0119\u0142o. Po kilku latach w 1990 roku parafia podj\u0119\u0142a decyzj\u0119, aby rozpocz\u0119ty obiekt uczyni\u0107 ko\u015bcio\u0142em pomocniczym. Prace przy jej budowie prowadzone przy okazji innych rob\u00f3t na ca\u0142ej budowie trwa\u0142y do 1994 roku. We wspomnianym wy\u017cej roku ks. Kardyna\u0142 Henryk Gulbinowicz ordynariusz diecezji po\u015bwi\u0119ci\u0142 t\u0119 kaplic\u0119 jako ko\u015bci\u00f3\u0142 Matki Bo\u017cej Anielskiej.<\/p>\n<p>W 1984 roku na terenie Parafii mieszka\u0142o oko\u0142o 2000 os\u00f3b. W zwi\u0105zku z potrzeb\u0105 funkcjonowania duszpasterstwa, r\u00f3wnolegle z pracami budowlanymi, postanowiono powi\u0119kszy\u0107 dotychczasow\u0105 kaplic\u0119. Dobudowana cz\u0119\u015b\u0107 s\u0142u\u017cy\u0142a w tygodniu jako salka katechetyczna i kancelaria.<\/p>\n<p>&nbsp;<\/p>\n<p style=\"text-align: center;\"><a href=\"http:\/\/www.tvk-gaj.pl\/~gajonline\/wp-content\/uploads\/2014\/01\/kosciol8.png\"><img loading=\"lazy\" decoding=\"async\" class=\"aligncenter\" alt=\"kosciol8\" src=\"http:\/\/www.tvk-gaj.pl\/~gajonline\/wp-content\/uploads\/2014\/01\/kosciol8.png\" width=\"606\" height=\"448\" \/><\/a><\/p>\n<p>&nbsp;<\/p>\n<p>Jesieni\u0105 tego roku, na fali entuzjazmu, parafianie przyst\u0105pili do wykopania fundament\u00f3w pod salki katechetyczne oraz dom parafialny. Prace przy wznoszeniu mur\u00f3w trwa\u0142y zim\u0105 pomimo ostrych mroz\u00f3w. W surowym stanie ta cz\u0119\u015b\u0107 budowy zosta\u0142a oddana w 1988 roku.<\/p>\n<p>Wraz z post\u0119puj\u0105cymi pracami budowlanymi funkcjonowa\u0142o duszpasterstwo. Prowadzono regularnie katechizacj\u0119 w wymiarze dw\u00f3ch godzin tygodniowo dla dzieci ze szk\u00f3l podstawowych oraz dla m\u0142odzie\u017cy w wymiarze jednej godziny.<\/p>\n<p>W celu o\u017cywienia \u017cycia religijnego w dniach 8 &#8211; 16 grudnia 1984 r. odby\u0142y si\u0119 pierwsze w historii istnienia parafii Misje \u015awi\u0119te, przeprowadzone przez 00 Redemptoryst\u00f3w. Na zako\u0144czenie misji po\u015bwi\u0119cono krzy\u017c, kt\u00f3ry postawiono przy wej\u015bciu do ko\u015bcio\u0142a &#8211; baraku. Po latach, gdy urz\u0105dzono wystr\u00f3j ko\u015bcio\u0142a Matki Bo\u017cej Anielskiej, zosta\u0142 on umieszczony w prezbiterium tego ko\u015bcio\u0142a. Drugie Misje w historii parafii prowadzili, oddani naszej rodz\u0105cej si\u0119 wsp\u00f3lnocie, Ojcowie Kapucyni z ko\u015bcio\u0142a \u015aw. Augustyna. Poprzez prowadzone przez siebie Misje w dniach 25.IX- 2.X.1994 przygotowali oni nasz\u0105 rodzin\u0119 parafialn\u0105 na spotkanie z Maryj\u0105 peregrynuj\u0105c\u0105 w kopii Obrazu Jasnog\u00f3rskiego.<\/p>\n<p>Pomimo trudno\u015bci finansowych budowa sukcesywnie posuwa\u0142a si\u0119 naprz\u00f3d zgodnie z przyj\u0119t\u0105 wizj\u0105. Wzniesiono dom parafialny z o\u015bmioma salkami katechetycznymi. W roku szkolnym 1988\/89 z baraku przeniesiono katechizacj\u0119 do pierwszej salki nowego domu katechetycznego.<\/p>\n<p>W dniu 15 maja 1986 roku rozpocz\u0119to prace przy wykopach pod fundamenty ko\u015bcio\u0142a parafialnego. Prace budowlane przy ko\u015bciele z powodu skomplikowanej konstrukcji by\u0142y bardzo trudne. Wierni wykonywali je przy ogromnym nak\u0142adzie si\u0142. Owocem tych wysi\u0142k\u00f3w by\u0142o oddanie w stanie prowizorycznym przyziemia ko\u015bcio\u0142a na sprawowanie liturgii.<\/p>\n<p>W czasie \u015awi\u0105t Bo\u017cego Narodzenia 1991 roku J. E. ks. kard. H. Gulbinowicz pob\u0142ogos\u0142awi\u0142 miejsce sprawowania Naj\u015bwi\u0119tszej Ofiary &#8211; przyziemie ko\u015bcio\u0142a. Od tej pory w dolnej cz\u0119\u015bci ko\u015bcio\u0142a sprawowane by\u0142y nabo\u017ce\u0144stwa, a w g\u00f3rnej w nast\u0119pnych latach 1991-94 prowadzone by\u0142y prace budowlane.<\/p>\n<p>Bry\u0142\u0119 \u017celbetow\u0105 g\u00f3rnego ko\u015bcio\u0142a zwie\u0144czy\u0142 stalowy krzy\u017c po\u015bwi\u0119cony przez ks. Bp Jana Tyraw\u0119 w uroczysto\u015b\u0107 Bo\u017cego Cia\u0142a w 194 roku.<\/p>\n<p>W czasie budowania ko\u015bcio\u0142a zmieni\u0142 si\u0119 krajobraz osiedla. Od 1987 roku oddawano na nowym osiedlu bloki mieszkalne, przybywali nowi parafianie, a w\u015br\u00f3d nich kilkaset rodzin \u017co\u0142nierzy zawodowych. Niekt\u00f3rzy z nich po latach indoktrynacji i przymuszania ich przez \u00f3wczesne w\u0142adze do ukrywania swego \u015bwiatopogl\u0105du chrze\u015bcija\u0144skiego, mogli w nowych warunkach politycznych, na nowym miejscu zamieszkania, we wznoszonej mi\u0119dzy innymi przez siebie \u015bwi\u0105tyni, odbudowywa\u0107 wiar\u0119 wyniesion\u0105 z domu rodzinnego.<\/p>\n<p>&nbsp;<\/p>\n<p style=\"text-align: center;\"><a href=\"http:\/\/www.tvk-gaj.pl\/~gajonline\/wp-content\/uploads\/2014\/01\/kosciol5.png\"><img loading=\"lazy\" decoding=\"async\" class=\"aligncenter\" alt=\"kosciol5\" src=\"http:\/\/www.tvk-gaj.pl\/~gajonline\/wp-content\/uploads\/2014\/01\/kosciol5.png\" width=\"608\" height=\"402\" \/><\/a><\/p>\n<p>&nbsp;<\/p>\n<p>Z perspektywy czasu mo\u017cna stwierdzi\u0107, \u017ce zaanga\u017cowanie mieszka\u0144c\u00f3w przy budowie ko\u015bcio\u0142a by\u0142o ogromne. Bardzo wiele prac na budowie zosta\u0142o wykonanych systemem gospodarczym. Parafianie pozytywnie odpowiadali na propozycje miejscowego duszpasterstwa i w\u0142\u0105czali si\u0119 w proponowane struktury \u017cywego Ko\u015bcio\u0142a.<\/p>\n<p>Wyrazem tego jest fakt, \u017ce w parafii utworzy\u0142y si\u0119 r\u00f3\u017cne grupy: III Zakon Franciszka\u0144ski, Kr\u0119gi Oazy Rodzin, 13 R\u00f3\u017c \u017bywego R\u00f3\u017ca\u0144ca &#8211; w tej liczbie r\u00f3wnie\u017c R\u00f3\u017ca m\u0119ska, liczne Ko\u0142a R\u00f3\u017ca\u0144cowe dla dzieci. Grupa synodalna, istniej\u0105ca przy parafii, po latach pracy stworzy\u0142a solidne podwaliny pod Rad\u0119 Parafialn\u0105.<\/p>\n<p>W domu katechetycznym, pierwszym budowanym i wyka\u0144czanym obiekcie s\u0142u\u017c\u0105cym dzieciom i m\u0142odzie\u017cy, mimo powrotu religii do szk\u00f3\u0142, odbywaj\u0105 si\u0119 zaj\u0119cia katechetyczne oraz spotkania duszpasterskie. Poza katechez\u0105 duszpasterze i \u015bwieccy pracownicy gromadz\u0105 m\u0142odzie\u017c w ko\u0142ach ministranckich, wsp\u00f3lnotach modlitewno-formacyjnych oraz w grupach \u015bpiewu liturgicznego i religijnego. Duszpasterstwo, chc\u0105c efektywnie s\u0142u\u017cy\u0107 miejscowej wsp\u00f3lnocie parafialnej, wprowadzi\u0142o w swoje struktury duszpasterskie Siostry Przenaj\u015bwi\u0119tszej Krwi Chrystusowej -Adoratorki. Zamieszka\u0142y one od jesieni 1996 roku w domu parafialnym i podj\u0119\u0142y pos\u0142ug\u0119 w salkach, w zakrystii i kancelarii.<\/p>\n<p>Autorem projektu architektonicznego ko\u015bcio\u0142a wraz z zapleczem duszpasterskim jest pan mgr in\u017c. Zenon Nasterski. Zaprojektowana przez niego \u015bwi\u0105tynia ma kszta\u0142t namiotu, dwunastoboku ze \u015bcianami pochylonymi do \u015brodka pod k\u0105tem 65\u00b0, rozpi\u0119tymi pomi\u0119dzy \u017celbetowymi ramami o tym samym nachyleniu. Projektantem konstrukcji jest mgr in\u017c. Wojciech \u015awi\u0119cicki. Nachylenie \u015bcian nadaje budowli sakralnej dynamik\u0119 wznoszenia si\u0119 ku g\u00f3rze i przy wyeliminowaniu wszelkich podp\u00f3r wewn\u0119trznych mo\u017cna t\u0119 wsp\u00f3\u0142czesn\u0105 konstrukcj\u0119 por\u00f3wna\u0107 do mauzole\u00f3w rzymskich. Ko\u015bci\u00f3\u0142 centralny ma powierzchni\u0119 800 m<sup>2<\/sup>\u00a0oraz 120 m<sup>2<\/sup>\u00a0cz\u0119\u015bci ch\u00f3rowej.<\/p>\n<p>Ca\u0142y ko\u015bci\u00f3\u0142 sk\u0142ada si\u0119 z dw\u00f3ch kondygnacji. Poziom nawy usytuowany jest na wysoko\u015bci 2 m nad terenem. W dolnej cz\u0119\u015bci znajduje si\u0119 kaplica otoczona wie\u0144cem otwartych do \u015brodka absyd, o \u0142\u0105cznej powierzchni r\u00f3wnej ko\u015bcio\u0142owi g\u00f3rnemu. G\u0142\u00f3wnym akcentem wystroju ko\u015bcio\u0142a jest podwieszony nad o\u0142tarzem krzy\u017c \u015aw. Franciszka. Jest to dwukrotnie powi\u0119kszona kopia krzy\u017ca asyskiego, wykonana przez artyst\u0119 plastyka Andrzeja \u017barnowieckiego. O\u0142tarz przypomina otwart\u0105 ksi\u0119g\u0119, lew\u0105 stron\u0119 zdobi herb diecezji wroc\u0142awskiej a praw\u0105 &#8211; obraz Matki Bo\u017cej Nieustaj\u0105cej Pomocy. W centrum o\u0142tarza wyeksponowane jest tabernakulum. Na p\u0142ycie o\u0142tarzowej znajduje si\u0119 oryginalny st\u00f3\u0142 S\u0142owa Bo\u017cego, nie spotykany w nowych ko\u015bcio\u0142ach, nawi\u0105zuj\u0105cy w swym stylu do tradycyjnych ambon.<\/p>\n<p>Prace budowlane nadzorowa\u0142 kierownik budowy in\u017c. Franciszek Solba\u0144ski.<\/p>\n<p>&nbsp;<\/p>\n<p><a href=\"http:\/\/www.tvk-gaj.pl\/~gajonline\/wp-content\/uploads\/2014\/01\/kosciol10.png\"><img loading=\"lazy\" decoding=\"async\" class=\"aligncenter size-full wp-image-2134\" alt=\"kosciol10\" src=\"http:\/\/www.tvk-gaj.pl\/~gajonline\/wp-content\/uploads\/2014\/01\/kosciol10.png\" width=\"398\" height=\"607\" srcset=\"https:\/\/online.tvk-gaj.pl\/wp-content\/uploads\/2014\/01\/kosciol10.png 398w, https:\/\/online.tvk-gaj.pl\/wp-content\/uploads\/2014\/01\/kosciol10-196x300.png 196w\" sizes=\"auto, (max-width: 398px) 100vw, 398px\" \/><\/a><\/p>\n<p>&nbsp;<\/p>\n<p>Z takim oto dorobkiem duchowym i materialnym, parafia \u015aw. Franciszka z Asy\u017cu zbli\u017ca si\u0119 do niepowtarzalnego wydarzenia w \u017cyciu wsp\u00f3lnoty &#8211; konsekracji ko\u015bcio\u0142a w Uroczysto\u015b\u0107 Przenaj\u015bwi\u0119tszego Cia\u0142a i Krwi<\/p>\n<p>Pa\u0144skiej w dniu 29.05.1997 roku. Po latach ogromnego i ofiarnego trudu parafian oraz dzi\u0119ki \u017cyczliwo\u015bci J. E. ks. kard. H. Gulbinowicza, \u017cywo interesuj\u0105cego si\u0119 \u017cyciem naszej Parafii, ko\u015bci\u00f3\u0142 \u015aw. Franciszka z Asy\u017cu we Wroc\u0142awiu przy ulicy Borowskiej 174 zostanie konsekrowany przez ks. arcybiskupa Szczepana Weso\u0142ego duszpasterza Polonii i pob\u0142ogos\u0142awiony przez Jana Paw\u0142a II w dniach pielgrzymki do Wroc\u0142awia, przez co stanie si\u0119 pomnikiem 46 Mi\u0119dzynarodowego Kongresu Eucharystycznego i wiary parafian.<\/p>\n<p>&nbsp;<\/p>\n<p><a href=\"http:\/\/www.tvk-gaj.pl\/~gajonline\/wp-content\/uploads\/2014\/01\/kosciol3.jpg\"><img loading=\"lazy\" decoding=\"async\" class=\"aligncenter size-full wp-image-2128\" alt=\"kosciol3\" src=\"http:\/\/www.tvk-gaj.pl\/~gajonline\/wp-content\/uploads\/2014\/01\/kosciol3.jpg\" width=\"609\" height=\"405\" srcset=\"https:\/\/online.tvk-gaj.pl\/wp-content\/uploads\/2014\/01\/kosciol3.jpg 609w, https:\/\/online.tvk-gaj.pl\/wp-content\/uploads\/2014\/01\/kosciol3-300x199.jpg 300w, https:\/\/online.tvk-gaj.pl\/wp-content\/uploads\/2014\/01\/kosciol3-321x214.jpg 321w, https:\/\/online.tvk-gaj.pl\/wp-content\/uploads\/2014\/01\/kosciol3-140x94.jpg 140w\" sizes=\"auto, (max-width: 609px) 100vw, 609px\" \/><\/a><\/p>\n<p>&nbsp;<\/p>\n<div class='et-learn-more clearfix'>\n\t\t\t\t\t<h3 class='heading-more'>\u0179r\u00f3d\u0142o<span class='et_learnmore_arrow'><span><\/span><\/span><\/h3>\n\t\t\t\t\t<div class='learn-more-content'>Strona internetowa Parafii \u015aw. Franciszka z Asy\u017cu we Wroc\u0142awiu. Adres: http:\/\/parafia.mixxt.pl\/networks\/content\/index.Historia+Parafii<\/div>\n\t\t\t\t<\/div>\n<p>&nbsp;<\/p>\n","protected":false},"excerpt":{"rendered":"<p>W niedziel\u0119 dnia 29.01.1984 roku o godz.10:00 odprawiono pierwsz\u0105 msz\u0119 \u015bwi\u0119ta na ternie osiedla. R\u00f3wno 30 lat temu na placu przy skrzy\u017cowaniu Jab\u0142ecznej i Borowskiej, w baraku, kt\u00f3ry ustawiony by\u0142 na terenie dzisiejszego Ko\u015bcio\u0142a pw. \u015awi\u0119tego Franciszka z Asy\u017cu odprawiono pierwsz\u0105 Msz\u0119 \u015awi\u0119t\u0105. W zwi\u0105zku z rocznic\u0105 zapraszamy do zapoznania si\u0119 z histori\u0105 parafii i [&hellip;]<\/p>\n","protected":false},"author":1,"featured_media":2125,"comment_status":"open","ping_status":"open","sticky":false,"template":"","format":"standard","meta":{"footnotes":""},"categories":[14,12],"tags":[221,222,194],"class_list":["post-2124","post","type-post","status-publish","format-standard","has-post-thumbnail","hentry","category-aktualnosci","category-artykuly","tag-30-lat-parafii-swietego-franciszka-z-asyzu","tag-borowska-174","tag-parafia-sw-franciszka-z-asyzu"],"_links":{"self":[{"href":"https:\/\/online.tvk-gaj.pl\/index.php?rest_route=\/wp\/v2\/posts\/2124","targetHints":{"allow":["GET"]}}],"collection":[{"href":"https:\/\/online.tvk-gaj.pl\/index.php?rest_route=\/wp\/v2\/posts"}],"about":[{"href":"https:\/\/online.tvk-gaj.pl\/index.php?rest_route=\/wp\/v2\/types\/post"}],"author":[{"embeddable":true,"href":"https:\/\/online.tvk-gaj.pl\/index.php?rest_route=\/wp\/v2\/users\/1"}],"replies":[{"embeddable":true,"href":"https:\/\/online.tvk-gaj.pl\/index.php?rest_route=%2Fwp%2Fv2%2Fcomments&post=2124"}],"version-history":[{"count":2,"href":"https:\/\/online.tvk-gaj.pl\/index.php?rest_route=\/wp\/v2\/posts\/2124\/revisions"}],"predecessor-version":[{"id":2136,"href":"https:\/\/online.tvk-gaj.pl\/index.php?rest_route=\/wp\/v2\/posts\/2124\/revisions\/2136"}],"wp:featuredmedia":[{"embeddable":true,"href":"https:\/\/online.tvk-gaj.pl\/index.php?rest_route=\/wp\/v2\/media\/2125"}],"wp:attachment":[{"href":"https:\/\/online.tvk-gaj.pl\/index.php?rest_route=%2Fwp%2Fv2%2Fmedia&parent=2124"}],"wp:term":[{"taxonomy":"category","embeddable":true,"href":"https:\/\/online.tvk-gaj.pl\/index.php?rest_route=%2Fwp%2Fv2%2Fcategories&post=2124"},{"taxonomy":"post_tag","embeddable":true,"href":"https:\/\/online.tvk-gaj.pl\/index.php?rest_route=%2Fwp%2Fv2%2Ftags&post=2124"}],"curies":[{"name":"wp","href":"https:\/\/api.w.org\/{rel}","templated":true}]}}