{"id":2139,"date":"2014-02-03T08:55:18","date_gmt":"2014-02-03T07:55:18","guid":{"rendered":"http:\/\/www.tvk-gaj.pl\/~gajonline\/?p=2139"},"modified":"2014-02-17T11:10:44","modified_gmt":"2014-02-17T10:10:44","slug":"zmiana-stawki-za-wode-i-scieki-od-01-03-2014-dla-gminy-wroclaw","status":"publish","type":"post","link":"https:\/\/online.tvk-gaj.pl\/?p=2139","title":{"rendered":"Zmiana stawki za wod\u0119 i \u015bcieki od 01.03.2014 dla Gminy Wroc\u0142aw"},"content":{"rendered":"<p>Informujemy, \u017ce w zwi\u0105zku z Uchwa\u0142\u0105 podj\u0119t\u0105 przez Rad\u0119 Miejsk\u0105 Wroc\u0142awia nr nr LIII\/1323\/14 z dnia 23.01.2014 r., zmianie ulegaj\u0105 taryfy dla zbiorowego zaopatrzenia w wod\u0119 i zbiorowego odprowadzania \u015bciek\u00f3w na terenie Gminy Wroc\u0142aw. Nowe stawki obowi\u0105zuj\u0105\u00a0od dnia 1 marca 2014 r.<b><!--more--><\/b><\/p>\n<p>&nbsp;<\/p>\n<p>Dotychczasowa stawka za wod\u0119 i \u015bcieki wynosi\u0142a: 9,03 z\u0142 brutto.<\/p>\n<p>Obecnie po podwy\u017cce stawka zmieni si\u0119 i b\u0119dzie wynosi\u0142a:\u00a0<b>(3,97+4,64)+8% Vat = 9,30 brutto<\/b><\/p>\n<p>Wy\u017csza cena wody zostanie uwzgl\u0119dniona na naliczeniach <strong>od miesi\u0105ca Marca 2014<\/strong>.<\/p>\n<p>&nbsp;<\/p>\n<p><a href=\"http:\/\/www.tvk-gaj.pl\/~gajonline\/wp-content\/uploads\/2014\/02\/mpwikstawki.jpg\"><img loading=\"lazy\" decoding=\"async\" class=\"aligncenter size-large wp-image-2143\" alt=\"mpwikstawki\" src=\"http:\/\/www.tvk-gaj.pl\/~gajonline\/wp-content\/uploads\/2014\/02\/mpwikstawki-500x1024.jpg\" width=\"500\" height=\"1024\" srcset=\"https:\/\/online.tvk-gaj.pl\/wp-content\/uploads\/2014\/02\/mpwikstawki-500x1024.jpg 500w, https:\/\/online.tvk-gaj.pl\/wp-content\/uploads\/2014\/02\/mpwikstawki-146x300.jpg 146w, https:\/\/online.tvk-gaj.pl\/wp-content\/uploads\/2014\/02\/mpwikstawki.jpg 527w\" sizes=\"auto, (max-width: 500px) 100vw, 500px\" \/><\/a><\/p>\n<p>&nbsp;<\/p>\n<p>Wi\u0119cej informacji na stronie:\u00a0<a href=\"http:\/\/www.mpwik.wroclaw.pl\/sub.php?84\" target=\"_blank\">http:\/\/www.mpwik.wroclaw.pl\/<wbr \/>sub.php?84<\/a>\u00a0(tabela z nowymi stawkami, kt\u00f3ra wejdzie w \u017cycie jest na dole strony MPWIK, poni\u017cej obowi\u0105zuj\u0105cej w chwili obecnej)<\/p>\n<p>&nbsp;<\/p>\n","protected":false},"excerpt":{"rendered":"<p>Informujemy, \u017ce w zwi\u0105zku z Uchwa\u0142\u0105 podj\u0119t\u0105 przez Rad\u0119 Miejsk\u0105 Wroc\u0142awia nr nr LIII\/1323\/14 z dnia 23.01.2014 r., zmianie ulegaj\u0105 taryfy dla zbiorowego zaopatrzenia w wod\u0119 i zbiorowego odprowadzania \u015bciek\u00f3w na terenie Gminy Wroc\u0142aw. Nowe stawki obowi\u0105zuj\u0105\u00a0od dnia 1 marca 2014 r.<\/p>\n","protected":false},"author":1,"featured_media":2146,"comment_status":"open","ping_status":"open","sticky":false,"template":"","format":"standard","meta":{"footnotes":""},"categories":[14],"tags":[223,165],"class_list":["post-2139","post","type-post","status-publish","format-standard","has-post-thumbnail","hentry","category-aktualnosci","tag-stawki-za-wode-i-scieki","tag-wroclaw"],"_links":{"self":[{"href":"https:\/\/online.tvk-gaj.pl\/index.php?rest_route=\/wp\/v2\/posts\/2139","targetHints":{"allow":["GET"]}}],"collection":[{"href":"https:\/\/online.tvk-gaj.pl\/index.php?rest_route=\/wp\/v2\/posts"}],"about":[{"href":"https:\/\/online.tvk-gaj.pl\/index.php?rest_route=\/wp\/v2\/types\/post"}],"author":[{"embeddable":true,"href":"https:\/\/online.tvk-gaj.pl\/index.php?rest_route=\/wp\/v2\/users\/1"}],"replies":[{"embeddable":true,"href":"https:\/\/online.tvk-gaj.pl\/index.php?rest_route=%2Fwp%2Fv2%2Fcomments&post=2139"}],"version-history":[{"count":4,"href":"https:\/\/online.tvk-gaj.pl\/index.php?rest_route=\/wp\/v2\/posts\/2139\/revisions"}],"predecessor-version":[{"id":2145,"href":"https:\/\/online.tvk-gaj.pl\/index.php?rest_route=\/wp\/v2\/posts\/2139\/revisions\/2145"}],"wp:featuredmedia":[{"embeddable":true,"href":"https:\/\/online.tvk-gaj.pl\/index.php?rest_route=\/wp\/v2\/media\/2146"}],"wp:attachment":[{"href":"https:\/\/online.tvk-gaj.pl\/index.php?rest_route=%2Fwp%2Fv2%2Fmedia&parent=2139"}],"wp:term":[{"taxonomy":"category","embeddable":true,"href":"https:\/\/online.tvk-gaj.pl\/index.php?rest_route=%2Fwp%2Fv2%2Fcategories&post=2139"},{"taxonomy":"post_tag","embeddable":true,"href":"https:\/\/online.tvk-gaj.pl\/index.php?rest_route=%2Fwp%2Fv2%2Ftags&post=2139"}],"curies":[{"name":"wp","href":"https:\/\/api.w.org\/{rel}","templated":true}]}}