{"id":2149,"date":"2014-02-17T11:08:54","date_gmt":"2014-02-17T10:08:54","guid":{"rendered":"http:\/\/www.tvk-gaj.pl\/~gajonline\/?p=2149"},"modified":"2014-05-16T23:24:43","modified_gmt":"2014-05-16T21:24:43","slug":"to-juz-koniec-tramwaju-plus","status":"publish","type":"post","link":"https:\/\/online.tvk-gaj.pl\/?p=2149","title":{"rendered":"To ju\u017c koniec &#8222;tramwaju plus&#8221;?"},"content":{"rendered":"<p id=\"gazeta_article_lead\">Ju\u017c dzisiaj na s\u0142upkach przystankowych mo\u017cna zobaczy\u0107 zaklejone nazwy &#8222;plus&#8221; i papierowe rozk\u0142ady jazdy tramwaju 31, 32, 33, te\u017c bez tego dopisku. &#8222;Szybkiego tramwaju&#8221; ju\u017c nie b\u0119dzie &#8211; czytamy na profilu facebookowym Wroc\u0142awska Komunikacja.\u00a0Elektroniczne tablice ca\u0142y czas jeszcze wy\u015bwietlaj\u0105 nazw\u0119 &#8222;plus&#8221;. Jest tak m.in. na przystanku pl.Jana Paw\u0142a II.<!--more--><\/p>\n<div id=\"gazeta_article_body\">\n<div id=\"art\">\n<div id=\"art2\">\n<p>&nbsp;<\/p>\n<p>&#8211; Kto\u015b chyba w ko\u0144cu doszed\u0142 do wniosku, \u017ce ca\u0142e za\u0142o\u017cenie Tramwaju Plus niestety, ale nie wysz\u0142o tak pi\u0119knie, jak si\u0119 planowa\u0142o. Teraz nie b\u0119dziemy mieli na co narzeka\u0107. &#8222;Szybkiego tramwaju&#8221; ju\u017c nie b\u0119dzie. Stanie si\u0119 on taki sam jak inne linie &#8211; pisze Wroc\u0142awska Komunikacja na Facebooku.O spraw\u0119 zapytali\u015bmy Agnieszk\u0119 Korzeniowsk\u0105, rzeczniczk\u0119\u00a0MPK. &#8211; W tej sprawie prosz\u0119 dzwoni\u0107 do wydzia\u0142u transportu Urz\u0119du Miejskiego Wroc\u0142awia. Dzi\u015b jest niedziela, co\u015b wi\u0119cej b\u0119d\u0119 mog\u0142a powiedzie\u0107 dopiero jutro.<\/p>\n<p>Zazwyczaj o modyfikacji w rozk\u0142adach jazdy urz\u0119dnicy informuj\u0105 du\u017co wcze\u015bniej, tak by nie by\u0142y one zaskoczeniem dla mieszka\u0144c\u00f3w, tymczasem Julia Wach z biura prasowego wroc\u0142awskiego magistratu te\u017c na temat zmian nic nie wie. Twierdzi, \u017ce nie jest to sytuacja kryzysowa, kt\u00f3ra wymaga\u0142aby natychmiastowej interwencji. &#8211; Prosz\u0119 zadzwoni\u0107 do mnie jutro w godzinach pracy &#8211; m\u00f3wi.<\/p>\n<p>Na portalu miejskim wroclaw.pl uda\u0142o nam si\u0119 jednak znale\u017a\u0107 informacj\u0119 na temat likwidacji &#8222;plus\u00f3w&#8221;. Brzmi ona nast\u0119puj\u0105co: &#8222;Wraz z wej\u015bciem w \u017cycie rozk\u0142adu jazdy na ferie zimowe 2014 zmianie ulegn\u0105 nazwy trzech linii tramwajowych. Linie 31 Plus, 32 Plus i 33 Plus b\u0119d\u0105 oznaczane na pojazdach i w rozk\u0142adach jazdy jako linie 31, 32 i 33&#8221;. Niestety jest to tylko kr\u00f3tki komunikat, kt\u00f3ry nie zawiera \u017cadnych wyja\u015bnie\u0144. Znajduje si\u0119 w \u015brodku tekstu dotycz\u0105cego komunikacji w czasie ferii zimowych.<\/p>\n<p>&nbsp;<\/p>\n<div><\/div>\n<div><\/div>\n<div><div class='et-learn-more clearfix'>\n\t\t\t\t\t<h3 class='heading-more'>\u0179r\u00f3d\u0142o<span class='et_learnmore_arrow'><span><\/span><\/span><\/h3>\n\t\t\t\t\t<div class='learn-more-content'>Autor: sfo Data publikacji: 16.02.2014 \u0179r\u00f3d\u0142o: http:\/\/wroclaw.gazeta.pl\/wroclaw\/<\/div>\n\t\t\t\t<\/div><\/div>\n<div><\/div>\n<\/div>\n<\/div>\n<\/div>\n","protected":false},"excerpt":{"rendered":"<p>Ju\u017c dzisiaj na s\u0142upkach przystankowych mo\u017cna zobaczy\u0107 zaklejone nazwy &#8222;plus&#8221; i papierowe rozk\u0142ady jazdy tramwaju 31, 32, 33, te\u017c bez tego dopisku. &#8222;Szybkiego tramwaju&#8221; ju\u017c nie b\u0119dzie &#8211; czytamy na profilu facebookowym Wroc\u0142awska Komunikacja.\u00a0Elektroniczne tablice ca\u0142y czas jeszcze wy\u015bwietlaj\u0105 nazw\u0119 &#8222;plus&#8221;. Jest tak m.in. na przystanku pl.Jana Paw\u0142a II.<\/p>\n","protected":false},"author":1,"featured_media":2150,"comment_status":"open","ping_status":"open","sticky":false,"template":"","format":"standard","meta":{"footnotes":""},"categories":[14,12],"tags":[225,224,112,117,118],"class_list":["post-2149","post","type-post","status-publish","format-standard","has-post-thumbnail","hentry","category-aktualnosci","category-artykuly","tag-225","tag-224","tag-gaj","tag-swieradowska","tag-tramwaj-plus"],"_links":{"self":[{"href":"https:\/\/online.tvk-gaj.pl\/index.php?rest_route=\/wp\/v2\/posts\/2149","targetHints":{"allow":["GET"]}}],"collection":[{"href":"https:\/\/online.tvk-gaj.pl\/index.php?rest_route=\/wp\/v2\/posts"}],"about":[{"href":"https:\/\/online.tvk-gaj.pl\/index.php?rest_route=\/wp\/v2\/types\/post"}],"author":[{"embeddable":true,"href":"https:\/\/online.tvk-gaj.pl\/index.php?rest_route=\/wp\/v2\/users\/1"}],"replies":[{"embeddable":true,"href":"https:\/\/online.tvk-gaj.pl\/index.php?rest_route=%2Fwp%2Fv2%2Fcomments&post=2149"}],"version-history":[{"count":6,"href":"https:\/\/online.tvk-gaj.pl\/index.php?rest_route=\/wp\/v2\/posts\/2149\/revisions"}],"predecessor-version":[{"id":2312,"href":"https:\/\/online.tvk-gaj.pl\/index.php?rest_route=\/wp\/v2\/posts\/2149\/revisions\/2312"}],"wp:featuredmedia":[{"embeddable":true,"href":"https:\/\/online.tvk-gaj.pl\/index.php?rest_route=\/wp\/v2\/media\/2150"}],"wp:attachment":[{"href":"https:\/\/online.tvk-gaj.pl\/index.php?rest_route=%2Fwp%2Fv2%2Fmedia&parent=2149"}],"wp:term":[{"taxonomy":"category","embeddable":true,"href":"https:\/\/online.tvk-gaj.pl\/index.php?rest_route=%2Fwp%2Fv2%2Fcategories&post=2149"},{"taxonomy":"post_tag","embeddable":true,"href":"https:\/\/online.tvk-gaj.pl\/index.php?rest_route=%2Fwp%2Fv2%2Ftags&post=2149"}],"curies":[{"name":"wp","href":"https:\/\/api.w.org\/{rel}","templated":true}]}}