{"id":2156,"date":"2014-02-20T15:08:32","date_gmt":"2014-02-20T14:08:32","guid":{"rendered":"http:\/\/www.tvk-gaj.pl\/~gajonline\/?p=2156"},"modified":"2014-02-17T15:14:45","modified_gmt":"2014-02-17T14:14:45","slug":"jak-wlasciwie-segregowac-smieci","status":"publish","type":"post","link":"https:\/\/online.tvk-gaj.pl\/?p=2156","title":{"rendered":"Jak w\u0142a\u015bciwie segregowa\u0107 \u015bmieci?"},"content":{"rendered":"<p>Odpowied\u017a na to pytanie przynosi poradnik dla mieszka\u0144c\u00f3w stworzony przez wroc\u0142awsk\u0105 sp\u00f3\u0142k\u0119 zajmuj\u0105c\u0105 si\u0119 odpadami w mie\u015bcie &#8211; Ekosystem. Ulotka z informacjami \u00a0skierowana jest do wszystkich mieszka\u0144c\u00f3w osiedla i miasta.\u00a0<!--more--><\/p>\n<p>&nbsp;<\/p>\n<p><strong>Jak segregowa\u0107 odpady? Poradnik dla mieszka\u0144c\u00f3w.\u00a0<\/strong><\/p>\n<p>&nbsp;<\/p>\n<p><a href=\"http:\/\/www.tvk-gaj.pl\/~gajonline\/wp-content\/uploads\/2014\/02\/CCF20140217_00002.jpg\"><img loading=\"lazy\" decoding=\"async\" class=\"aligncenter size-large wp-image-2158\" alt=\"CCF20140217_00002\" src=\"http:\/\/www.tvk-gaj.pl\/~gajonline\/wp-content\/uploads\/2014\/02\/CCF20140217_00002-1024x718.jpg\" width=\"1024\" height=\"718\" srcset=\"https:\/\/online.tvk-gaj.pl\/wp-content\/uploads\/2014\/02\/CCF20140217_00002-1024x718.jpg 1024w, https:\/\/online.tvk-gaj.pl\/wp-content\/uploads\/2014\/02\/CCF20140217_00002-300x210.jpg 300w, https:\/\/online.tvk-gaj.pl\/wp-content\/uploads\/2014\/02\/CCF20140217_00002.jpg 1708w\" sizes=\"auto, (max-width: 1024px) 100vw, 1024px\" \/><\/a><\/p>\n<p>&nbsp;<\/p>\n<p>&nbsp;<\/p>\n<p><a href=\"http:\/\/www.tvk-gaj.pl\/~gajonline\/wp-content\/uploads\/2014\/02\/CCF20140217_00001.jpg\"><img loading=\"lazy\" decoding=\"async\" class=\"aligncenter size-large wp-image-2159\" alt=\"CCF20140217_00001\" src=\"http:\/\/www.tvk-gaj.pl\/~gajonline\/wp-content\/uploads\/2014\/02\/CCF20140217_00001-1024x718.jpg\" width=\"1024\" height=\"718\" srcset=\"https:\/\/online.tvk-gaj.pl\/wp-content\/uploads\/2014\/02\/CCF20140217_00001-1024x718.jpg 1024w, https:\/\/online.tvk-gaj.pl\/wp-content\/uploads\/2014\/02\/CCF20140217_00001-300x210.jpg 300w, https:\/\/online.tvk-gaj.pl\/wp-content\/uploads\/2014\/02\/CCF20140217_00001.jpg 1708w\" sizes=\"auto, (max-width: 1024px) 100vw, 1024px\" \/><\/a><\/p>\n<p>&nbsp;<\/p>\n<p>Wi\u0119cej informacji odno\u015bnie wywozu i segregacji \u015bmieci znajduje si\u0119 na stronie sp\u00f3\u0142ki &#8211; www.ekosystem.wroc.pl<\/p>\n<p>&nbsp;<\/p>\n<p>&nbsp;<\/p>\n","protected":false},"excerpt":{"rendered":"<p>Odpowied\u017a na to pytanie przynosi poradnik dla mieszka\u0144c\u00f3w stworzony przez wroc\u0142awsk\u0105 sp\u00f3\u0142k\u0119 zajmuj\u0105c\u0105 si\u0119 odpadami w mie\u015bcie &#8211; Ekosystem. Ulotka z informacjami \u00a0skierowana jest do wszystkich mieszka\u0144c\u00f3w osiedla i miasta.\u00a0<\/p>\n","protected":false},"author":1,"featured_media":2157,"comment_status":"open","ping_status":"open","sticky":false,"template":"","format":"standard","meta":{"footnotes":""},"categories":[14],"tags":[226,112,227,228,204,206],"class_list":["post-2156","post","type-post","status-publish","format-standard","has-post-thumbnail","hentry","category-aktualnosci","tag-ekosystem","tag-gaj","tag-jak-segregowac-odpady","tag-poradnik-dla-mieszkancow","tag-smieci","tag-ustawa-smieciowa"],"_links":{"self":[{"href":"https:\/\/online.tvk-gaj.pl\/index.php?rest_route=\/wp\/v2\/posts\/2156","targetHints":{"allow":["GET"]}}],"collection":[{"href":"https:\/\/online.tvk-gaj.pl\/index.php?rest_route=\/wp\/v2\/posts"}],"about":[{"href":"https:\/\/online.tvk-gaj.pl\/index.php?rest_route=\/wp\/v2\/types\/post"}],"author":[{"embeddable":true,"href":"https:\/\/online.tvk-gaj.pl\/index.php?rest_route=\/wp\/v2\/users\/1"}],"replies":[{"embeddable":true,"href":"https:\/\/online.tvk-gaj.pl\/index.php?rest_route=%2Fwp%2Fv2%2Fcomments&post=2156"}],"version-history":[{"count":3,"href":"https:\/\/online.tvk-gaj.pl\/index.php?rest_route=\/wp\/v2\/posts\/2156\/revisions"}],"predecessor-version":[{"id":2162,"href":"https:\/\/online.tvk-gaj.pl\/index.php?rest_route=\/wp\/v2\/posts\/2156\/revisions\/2162"}],"wp:featuredmedia":[{"embeddable":true,"href":"https:\/\/online.tvk-gaj.pl\/index.php?rest_route=\/wp\/v2\/media\/2157"}],"wp:attachment":[{"href":"https:\/\/online.tvk-gaj.pl\/index.php?rest_route=%2Fwp%2Fv2%2Fmedia&parent=2156"}],"wp:term":[{"taxonomy":"category","embeddable":true,"href":"https:\/\/online.tvk-gaj.pl\/index.php?rest_route=%2Fwp%2Fv2%2Fcategories&post=2156"},{"taxonomy":"post_tag","embeddable":true,"href":"https:\/\/online.tvk-gaj.pl\/index.php?rest_route=%2Fwp%2Fv2%2Ftags&post=2156"}],"curies":[{"name":"wp","href":"https:\/\/api.w.org\/{rel}","templated":true}]}}