{"id":2177,"date":"2014-03-03T21:43:47","date_gmt":"2014-03-03T20:43:47","guid":{"rendered":"http:\/\/www.tvk-gaj.pl\/~gajonline\/?p=2177"},"modified":"2014-03-08T17:50:12","modified_gmt":"2014-03-08T16:50:12","slug":"nowa-szkola-i-przedszkole-na-gaju-nowe-plany-inwestycyjne-miasta","status":"publish","type":"post","link":"https:\/\/online.tvk-gaj.pl\/?p=2177","title":{"rendered":"Nowa szko\u0142a i przedszkole na Gaju &#8211; plany inwestycyjne miasta"},"content":{"rendered":"<p>Pod koniec lutego miasto og\u0142osi\u0142o nowe przetargi architektoniczne. W\u015br\u00f3d planowanych inwestycji znalaz\u0142a si\u0119 szko\u0142a i przedszkole, kt\u00f3re ju\u017c za kilka lat maj\u0105 zacz\u0105\u0107 dzia\u0142a\u0107 na po\u0142udniu Gaju, w okolicach ulicy K\u0142odzkiej.<\/p>\n<p><!--more--><\/p>\n<p>&nbsp;<\/p>\n<p>Wroc\u0142awski magistrat zaplanowa\u0142 na najbli\u017csze kilka lat dwie du\u017ce inwestycje w obszarze edukacji. Na ulicy K\u0142odzkiej na Gaju oraz na Stab\u0142owicach powsta\u0107 maj\u0105 dwa zespo\u0142y szkolno-przedszkolne\u00a0z nowoczesnym kompleksem rekreacyjno-sportowym, placami zabaw i du\u017cymi parkingami.<\/p>\n<p>&nbsp;<\/p>\n<p style=\"text-align: center;\"><a href=\"http:\/\/www.tvk-gaj.pl\/~gajonline\/wp-content\/uploads\/2014\/03\/klodzka1.png\"><img loading=\"lazy\" decoding=\"async\" class=\"aligncenter  wp-image-2178\" alt=\"klodzka1\" src=\"http:\/\/www.tvk-gaj.pl\/~gajonline\/wp-content\/uploads\/2014\/03\/klodzka1-1024x730.png\" width=\"614\" height=\"438\" srcset=\"https:\/\/online.tvk-gaj.pl\/wp-content\/uploads\/2014\/03\/klodzka1-1024x730.png 1024w, https:\/\/online.tvk-gaj.pl\/wp-content\/uploads\/2014\/03\/klodzka1-300x214.png 300w, https:\/\/online.tvk-gaj.pl\/wp-content\/uploads\/2014\/03\/klodzka1.png 1037w\" sizes=\"auto, (max-width: 614px) 100vw, 614px\" \/><\/a><\/p>\n<p>&nbsp;<\/p>\n<p>Ze wzgl\u0119du na intensywny rozw\u00f3j po\u0142udniowej cz\u0119\u015bci osiedla w planach miejskich urz\u0119dnik\u00f3w pojawi\u0142a si\u0119 szko\u0142a i przedszkole zlokalizowane w tym obszarze. Jak uda\u0142o si\u0119 nam ustali\u0107\u00a0Zarz\u0105d Inwestycji Miejskich pod koniec lutego og\u0142osi\u0142 konkurs na opracowanie koncepcji architektonicznej obiektu wraz z zagospodarowaniem terenu. Jego rozstrzygni\u0119cie przewidziane jest na maj bie\u017c\u0105cego roku.<\/p>\n<p>W rozmowach z portalem wroclaw.pl\u00a0Dyrektor ZIM, Urszula Badura, szacuje, \u017ce obiekt powinien powsta\u0107 za trzy lata.<\/p>\n<p>Szko\u0142a i przedszkole zlokalizowane maj\u0105 by\u0107 przy ulicy K\u0142odzkiej,\u00a0w bliskim s\u0105siedztwie nowych budynk\u00f3w mieszkalnych przy ul. Stro\u0144skiej. Obecnie miejsce to zajmuj\u0105 bujne trawy, kt\u00f3rych zagospodarowanie od wielu lat by\u0142o tematem wniosk\u00f3w mieszka\u0144c\u00f3w po\u0142udnia Gaju.<\/p>\n<p>Plac\u00f3wka ma sk\u0142ada\u0107 si\u0119 z 30 oddzia\u0142\u00f3w szkolnych (szko\u0142a podstawowa) oraz \u00a08 oddzia\u0142\u00f3w \u00a0przedszkolnych (200 dzieci). W szkole podstawowej uczy\u0107 si\u0119 b\u0119dzie mog\u0142o 750 uczni\u00f3w.<\/p>\n<p>&nbsp;<\/p>\n<p style=\"text-align: center;\"><a href=\"http:\/\/www.tvk-gaj.pl\/~gajonline\/wp-content\/uploads\/2014\/03\/klodzka2.png\"><img loading=\"lazy\" decoding=\"async\" class=\"aligncenter  wp-image-2179\" alt=\"klodzka2\" src=\"http:\/\/www.tvk-gaj.pl\/~gajonline\/wp-content\/uploads\/2014\/03\/klodzka2-1024x733.png\" width=\"614\" height=\"440\" srcset=\"https:\/\/online.tvk-gaj.pl\/wp-content\/uploads\/2014\/03\/klodzka2-1024x733.png 1024w, https:\/\/online.tvk-gaj.pl\/wp-content\/uploads\/2014\/03\/klodzka2-300x214.png 300w, https:\/\/online.tvk-gaj.pl\/wp-content\/uploads\/2014\/03\/klodzka2.png 1036w\" sizes=\"auto, (max-width: 614px) 100vw, 614px\" \/><\/a><\/p>\n<p>&nbsp;<\/p>\n<p>Na terenie zespo\u0142u znajdzie si\u0119 r\u00f3wnie\u017c rozbudowana cz\u0119\u015b\u0107 sportowa, place zabaw dla przedszkolak\u00f3w i uczni\u00f3w ze szko\u0142y, parking dla samochod\u00f3w i miejsca do parkowania rower\u00f3w, a tak\u017ce ma\u0142a architektura.<\/p>\n<p>Jak twierdzi magistrat pomy\u015blano te\u017c o otoczeniu plac\u00f3wki i okolicznych mieszka\u0144cach. Poza terenem szko\u0142y i przedszkola b\u0119d\u0105 zielone skwery i og\u00f3lnodost\u0119pne place zabaw dla dzieci, zewn\u0119trze si\u0142ownie (miejsca z urz\u0105dzeniami sportowymi na powietrzu), chodniki, \u015bcie\u017cki rowerowe i parkingi.<\/p>\n<p>Jest to wi\u0119c doskona\u0142a odpowied\u017a na potrzeby mieszka\u0144c\u00f3w tego rejonu Gaju.<\/p>\n<p>&nbsp;<\/p>\n<p>Pozostaje nam trzyma\u0107 kciuki za realizacj\u0119 inwestycji.<\/p>\n<p>&nbsp;<\/p>\n<p>&nbsp;<\/p>\n<p>&nbsp;<\/p>\n","protected":false},"excerpt":{"rendered":"<p>Pod koniec lutego miasto og\u0142osi\u0142o nowe przetargi architektoniczne. W\u015br\u00f3d planowanych inwestycji znalaz\u0142a si\u0119 szko\u0142a i przedszkole, kt\u00f3re ju\u017c za kilka lat maj\u0105 zacz\u0105\u0107 dzia\u0142a\u0107 na po\u0142udniu Gaju, w okolicach ulicy K\u0142odzkiej.<\/p>\n","protected":false},"author":1,"featured_media":2182,"comment_status":"open","ping_status":"open","sticky":false,"template":"","format":"standard","meta":{"footnotes":""},"categories":[14,12],"tags":[112,235,232,233,234],"class_list":["post-2177","post","type-post","status-publish","format-standard","has-post-thumbnail","hentry","category-aktualnosci","category-artykuly","tag-gaj","tag-klodzka","tag-nowa-szkola","tag-nowe-przedszkole","tag-szkola-podstawowa"],"_links":{"self":[{"href":"https:\/\/online.tvk-gaj.pl\/index.php?rest_route=\/wp\/v2\/posts\/2177","targetHints":{"allow":["GET"]}}],"collection":[{"href":"https:\/\/online.tvk-gaj.pl\/index.php?rest_route=\/wp\/v2\/posts"}],"about":[{"href":"https:\/\/online.tvk-gaj.pl\/index.php?rest_route=\/wp\/v2\/types\/post"}],"author":[{"embeddable":true,"href":"https:\/\/online.tvk-gaj.pl\/index.php?rest_route=\/wp\/v2\/users\/1"}],"replies":[{"embeddable":true,"href":"https:\/\/online.tvk-gaj.pl\/index.php?rest_route=%2Fwp%2Fv2%2Fcomments&post=2177"}],"version-history":[{"count":5,"href":"https:\/\/online.tvk-gaj.pl\/index.php?rest_route=\/wp\/v2\/posts\/2177\/revisions"}],"predecessor-version":[{"id":2189,"href":"https:\/\/online.tvk-gaj.pl\/index.php?rest_route=\/wp\/v2\/posts\/2177\/revisions\/2189"}],"wp:featuredmedia":[{"embeddable":true,"href":"https:\/\/online.tvk-gaj.pl\/index.php?rest_route=\/wp\/v2\/media\/2182"}],"wp:attachment":[{"href":"https:\/\/online.tvk-gaj.pl\/index.php?rest_route=%2Fwp%2Fv2%2Fmedia&parent=2177"}],"wp:term":[{"taxonomy":"category","embeddable":true,"href":"https:\/\/online.tvk-gaj.pl\/index.php?rest_route=%2Fwp%2Fv2%2Fcategories&post=2177"},{"taxonomy":"post_tag","embeddable":true,"href":"https:\/\/online.tvk-gaj.pl\/index.php?rest_route=%2Fwp%2Fv2%2Ftags&post=2177"}],"curies":[{"name":"wp","href":"https:\/\/api.w.org\/{rel}","templated":true}]}}