{"id":2185,"date":"2014-03-08T15:17:00","date_gmt":"2014-03-08T14:17:00","guid":{"rendered":"http:\/\/www.tvk-gaj.pl\/~gajonline\/?p=2185"},"modified":"2014-03-08T15:17:00","modified_gmt":"2014-03-08T14:17:00","slug":"nowe-polaczenie-autobusowe-na-osiedlu","status":"publish","type":"post","link":"https:\/\/online.tvk-gaj.pl\/?p=2185","title":{"rendered":"Nowe po\u0142\u0105czenie autobusowe na osiedlu"},"content":{"rendered":"<p>Na wniosek Rady Osiedla od 3 marca weekendowe kursy linii nocnej 245, kt\u00f3re ko\u0144czy\u0142y tras\u0119 na skrzy\u017cowaniu Armii Krajowej-Bardzka przed\u0142u\u017cono do p\u0119tli &#8222;Gaj-p\u0119tla&#8221;.\u00a0Dodatkowo od marca ju\u017c wszystkie kursy 255 przed\u0142u\u017cono do Iwin, a zamiast linii 310 (ko\u0144cz\u0105cej na Armii Krajowej) s\u0105 dodatkowe autobusy na linii 110 (ko\u0144cz\u0105cej przy Dworcu G\u0142\u00f3wnym).<\/p>\n","protected":false},"excerpt":{"rendered":"<p>Na wniosek Rady Osiedla od 3 marca weekendowe kursy linii nocnej 245, kt\u00f3re ko\u0144czy\u0142y tras\u0119 na skrzy\u017cowaniu Armii Krajowej-Bardzka przed\u0142u\u017cono do p\u0119tli &#8222;Gaj-p\u0119tla&#8221;.\u00a0Dodatkowo od marca ju\u017c wszystkie kursy 255 przed\u0142u\u017cono do Iwin, a zamiast linii 310 (ko\u0144cz\u0105cej na Armii Krajowej) s\u0105 dodatkowe autobusy na linii 110 (ko\u0144cz\u0105cej przy Dworcu G\u0142\u00f3wnym).<\/p>\n","protected":false},"author":1,"featured_media":2186,"comment_status":"open","ping_status":"open","sticky":false,"template":"","format":"standard","meta":{"footnotes":""},"categories":[14],"tags":[239,197,113,112,237,238,236,156,117,165],"class_list":["post-2185","post","type-post","status-publish","format-standard","has-post-thumbnail","hentry","category-aktualnosci","tag-autobus","tag-bardzka","tag-borowska","tag-gaj","tag-linia-255","tag-linia-310","tag-linia-nocna-245","tag-mpk","tag-swieradowska","tag-wroclaw"],"_links":{"self":[{"href":"https:\/\/online.tvk-gaj.pl\/index.php?rest_route=\/wp\/v2\/posts\/2185","targetHints":{"allow":["GET"]}}],"collection":[{"href":"https:\/\/online.tvk-gaj.pl\/index.php?rest_route=\/wp\/v2\/posts"}],"about":[{"href":"https:\/\/online.tvk-gaj.pl\/index.php?rest_route=\/wp\/v2\/types\/post"}],"author":[{"embeddable":true,"href":"https:\/\/online.tvk-gaj.pl\/index.php?rest_route=\/wp\/v2\/users\/1"}],"replies":[{"embeddable":true,"href":"https:\/\/online.tvk-gaj.pl\/index.php?rest_route=%2Fwp%2Fv2%2Fcomments&post=2185"}],"version-history":[{"count":1,"href":"https:\/\/online.tvk-gaj.pl\/index.php?rest_route=\/wp\/v2\/posts\/2185\/revisions"}],"predecessor-version":[{"id":2187,"href":"https:\/\/online.tvk-gaj.pl\/index.php?rest_route=\/wp\/v2\/posts\/2185\/revisions\/2187"}],"wp:featuredmedia":[{"embeddable":true,"href":"https:\/\/online.tvk-gaj.pl\/index.php?rest_route=\/wp\/v2\/media\/2186"}],"wp:attachment":[{"href":"https:\/\/online.tvk-gaj.pl\/index.php?rest_route=%2Fwp%2Fv2%2Fmedia&parent=2185"}],"wp:term":[{"taxonomy":"category","embeddable":true,"href":"https:\/\/online.tvk-gaj.pl\/index.php?rest_route=%2Fwp%2Fv2%2Fcategories&post=2185"},{"taxonomy":"post_tag","embeddable":true,"href":"https:\/\/online.tvk-gaj.pl\/index.php?rest_route=%2Fwp%2Fv2%2Ftags&post=2185"}],"curies":[{"name":"wp","href":"https:\/\/api.w.org\/{rel}","templated":true}]}}