{"id":2192,"date":"2014-03-19T23:05:10","date_gmt":"2014-03-19T22:05:10","guid":{"rendered":"http:\/\/www.tvk-gaj.pl\/~gajonline\/?p=2192"},"modified":"2014-03-19T23:06:42","modified_gmt":"2014-03-19T22:06:42","slug":"zapraszamy-na-spotkanie-z-pracownikiem-powiatowego-urzedu-pracy","status":"publish","type":"post","link":"https:\/\/online.tvk-gaj.pl\/?p=2192","title":{"rendered":"Zapraszamy na spotkanie z pracownikiem Powiatowego Urz\u0119du Pracy"},"content":{"rendered":"<p><a href=\"http:\/\/www.tvk-gaj.pl\/~gajonline\/wp-content\/uploads\/2012\/10\/news_guy.gif\"><br \/>\n<\/a><a href=\"http:\/\/www.tvk-gaj.pl\/~gajonline\/wp-content\/uploads\/2012\/10\/news_guy.gif\"><img loading=\"lazy\" decoding=\"async\" class=\"alignleft\" alt=\"news_guy\" src=\"http:\/\/www.tvk-gaj.pl\/~gajonline\/wp-content\/uploads\/2012\/10\/news_guy.gif\" width=\"48\" height=\"46\" \/><\/a>Zapraszamy na spotkanie mieszka\u0144c\u00f3w osiedla z pracownikiem Powiatowego Urz\u0119du Pracy we Wroc\u0142awiu &#8211; Pani\u0105 Ewelin\u0105 Grochulsk\u0105. Temat spotkania to &#8222;podniesienie aktywno\u015bci os\u00f3b bezrobotnych na rynku pracy oraz zapoznanie z mo\u017cliwo\u015bciami stwarzanymi przez instytucje wspieraj\u0105ce osoby poszukuj\u0105ce pracy&#8221;. Spotkanie zaplanowane jest w dniu 2 kwietnia o godzinie 16:30 w siedzibie Rady Osiedla Gaj przy ul. Krynickiej 80.<!--more--><\/p>\n<p>&nbsp;<\/p>\n<p>&nbsp;<\/p>\n<p>&nbsp;<\/p>\n<p>&nbsp;<\/p>\n<p>&nbsp;<\/p>\n<p>&nbsp;<\/p>\n<p>&nbsp;<\/p>\n<p>&nbsp;<\/p>\n<p>&nbsp;<\/p>\n","protected":false},"excerpt":{"rendered":"<p>Zapraszamy na spotkanie mieszka\u0144c\u00f3w osiedla z pracownikiem Powiatowego Urz\u0119du Pracy we Wroc\u0142awiu &#8211; Pani\u0105 Ewelin\u0105 Grochulsk\u0105. Temat spotkania to &#8222;podniesienie aktywno\u015bci os\u00f3b bezrobotnych na rynku pracy oraz zapoznanie z mo\u017cliwo\u015bciami stwarzanymi przez instytucje wspieraj\u0105ce osoby poszukuj\u0105ce pracy&#8221;. Spotkanie zaplanowane jest w dniu 2 kwietnia o godzinie 16:30 w siedzibie Rady Osiedla Gaj przy ul. Krynickiej [&hellip;]<\/p>\n","protected":false},"author":1,"featured_media":0,"comment_status":"open","ping_status":"open","sticky":false,"template":"","format":"standard","meta":{"footnotes":""},"categories":[14],"tags":[112,241,240,135,145],"class_list":["post-2192","post","type-post","status-publish","format-standard","hentry","category-aktualnosci","tag-gaj","tag-praca","tag-pup","tag-rada-osiedla-gaj","tag-spotkanie"],"_links":{"self":[{"href":"https:\/\/online.tvk-gaj.pl\/index.php?rest_route=\/wp\/v2\/posts\/2192","targetHints":{"allow":["GET"]}}],"collection":[{"href":"https:\/\/online.tvk-gaj.pl\/index.php?rest_route=\/wp\/v2\/posts"}],"about":[{"href":"https:\/\/online.tvk-gaj.pl\/index.php?rest_route=\/wp\/v2\/types\/post"}],"author":[{"embeddable":true,"href":"https:\/\/online.tvk-gaj.pl\/index.php?rest_route=\/wp\/v2\/users\/1"}],"replies":[{"embeddable":true,"href":"https:\/\/online.tvk-gaj.pl\/index.php?rest_route=%2Fwp%2Fv2%2Fcomments&post=2192"}],"version-history":[{"count":3,"href":"https:\/\/online.tvk-gaj.pl\/index.php?rest_route=\/wp\/v2\/posts\/2192\/revisions"}],"predecessor-version":[{"id":2195,"href":"https:\/\/online.tvk-gaj.pl\/index.php?rest_route=\/wp\/v2\/posts\/2192\/revisions\/2195"}],"wp:attachment":[{"href":"https:\/\/online.tvk-gaj.pl\/index.php?rest_route=%2Fwp%2Fv2%2Fmedia&parent=2192"}],"wp:term":[{"taxonomy":"category","embeddable":true,"href":"https:\/\/online.tvk-gaj.pl\/index.php?rest_route=%2Fwp%2Fv2%2Fcategories&post=2192"},{"taxonomy":"post_tag","embeddable":true,"href":"https:\/\/online.tvk-gaj.pl\/index.php?rest_route=%2Fwp%2Fv2%2Ftags&post=2192"}],"curies":[{"name":"wp","href":"https:\/\/api.w.org\/{rel}","templated":true}]}}