{"id":2230,"date":"2014-04-03T21:52:26","date_gmt":"2014-04-03T19:52:26","guid":{"rendered":"http:\/\/www.tvk-gaj.pl\/~gajonline\/?p=2230"},"modified":"2014-04-03T21:52:26","modified_gmt":"2014-04-03T19:52:26","slug":"jedna-wspolnota-zablokuje-cale-osiedle","status":"publish","type":"post","link":"https:\/\/online.tvk-gaj.pl\/?p=2230","title":{"rendered":"Jedna wsp\u00f3lnota zablokuje ca\u0142e osiedle?"},"content":{"rendered":"<p>Czy ruch samochodowy na wroc\u0142awskim Gaju mo\u017ce zosta\u0107 wkr\u00f3tce sparali\u017cowany? Takie pytanie stawia dzi\u015b Portal Radia Wroc\u0142aw. Sprawa dotyczy mo\u017cliwo\u015bci zablokowania ulicy Jab\u0142ecznej przez Wsp\u00f3lnot\u0119 Mieszkaniow\u0105, kt\u00f3ra jest w\u0142a\u015bcicielem drogi. Czy ca\u0142e osiedle zostanie zablokowane? Uspokajamy, nie. Istnieje natomiast problem, \u00a0o kt\u00f3rym w dalszej cz\u0119\u015bci tekstu.\u00a0<!--more--><\/p>\n<p>Jedna ze Wsp\u00f3lnot Mieszkaniowych chce ogrodzi\u0107 i zamkn\u0105\u0107 dla postronnych os\u00f3b niemal\u00a0ca\u0142\u0105 ulic\u0119 Jab\u0142eczn\u0105 we Wroc\u0142awiu, kt\u00f3ra stanowi wa\u017cny ci\u0105g komunikacyjny na osiedlu.<\/p>\n<p>Ma do tego prawo, bo chocia\u017c trasa jest og\u00f3lnodost\u0119pna to grunt jest jej w\u0142asno\u015bci\u0105 i mieszka\u0144cy ponosz\u0105 z tego tytu\u0142u ogromne koszty. Op\u0142ata od wieczystej dzier\u017cawy to ok. 170 tys. rocznie. To wi\u0119cej ni\u017c kosztuje roczne utrzymanie ca\u0142ej wsp\u00f3lnoty.<\/p>\n<p>Do tego dochodz\u0105 koszty ubezpieczenia, bo je\u015bli na drodze komukolwiek cokolwiek si\u0119 stanie to odpowiedzialno\u015b\u0107 ponosi w\u0142a\u015bciciel &#8211; w tym przypadku mieszkaniec. Kolejne wydatki to sprz\u0105tanie i naprawa drogi.<\/p>\n<p><img decoding=\"async\" alt=\"\" src=\"http:\/\/www.radioram.pl\/img\/articles\/25513\/Bez-porozumienia-ws-ulicy-Jablecznej-3.jpg\" width=\"570\" \/><\/p>\n<p>&#8211;\u00a0<em>Te koszty zaczynaj\u0105 nas przerasta\u0107. W\u0142a\u015bciciele wi\u0119kszych mieszka\u0144 p\u0142ac\u0105 rocznie nawet 800 z\u0142 za utrzymanie drogi. Ci, kt\u00f3rzy maj\u0105 40-50 metr\u00f3w kwadratowych p\u0142ac\u0105 ok 500 z\u0142. A nic z tego nie maj\u0105, bo\u00a0 problem jest nawet z zaparkowaniem samochodu na w\u0142asnym terenie &#8211;<\/em>m\u00f3wi<strong>\u00a0<\/strong>Andrzej Radzik\u00a0ze Wsp\u00f3lnoty Jab\u0142eczna.<\/p>\n<p>&nbsp;<\/p>\n<p>Aby pozby\u0107 si\u0119 koszt\u00f3w Wsp\u00f3lnota chcia\u0142a przekaza\u0107 drog\u0119 miastu. Za darmo.<em>\u00a0&#8211; Urz\u0119dnicy postawili jednak warunki nie do spe\u0142nienia &#8211;<\/em>\u00a0dodaje\u00a0Radzik.<\/p>\n<p>To nie wszystko. Do drogi przylega po lewej stronie\u00a0 chodnik, kt\u00f3ry nale\u017cy do innej wsp\u00f3lnoty. Miasto uwa\u017ca, \u017ce to jego integralna cz\u0119\u015b\u0107 i bez niego nie przejmie drogi. Mieszka\u0144cy nie s\u0105 jednak w stanie zmusi\u0107 nikogo do przekazanie gruntu. &#8211;<em>\u00a0Nie mamy takiej mocy sprawczej, a miasto nie chce szuka\u0107 innego rozwi\u0105zania. Jeste\u015bmy ignorowani, nikt si\u0119 nie chce z nami spotka\u0107. A za chwil\u0119 Gaj zostanie sparali\u017cowany\u00a0<\/em>&#8211; m\u00f3wi\u0105.<\/p>\n<p>&nbsp;<\/p>\n<p><img decoding=\"async\" alt=\"\" src=\"http:\/\/www.radioram.pl\/img\/articles\/25513\/Bez-porozumienia-ws-ulicy-Jablecznej-1.jpg\" width=\"570\" \/><\/p>\n<p>&nbsp;<\/p>\n<p>A droga a\u017c si\u0119 prosi o przy\u0142\u0105czanie do miejskiej sieci &#8211; s\u0105siaduje z Orzechow\u0105 i Borowsk\u0105. Z t\u0105 drug\u0105 jest nawet po\u0142\u0105czona sygnalizacj\u0105 \u015bwietln\u0105. Je\u015bli Jab\u0142eczna zostanie mimo to zamkni\u0119ta cz\u0119\u015b\u0107 mieszka\u0144c\u00f3w straci dojazd do w\u0142asnych budynk\u00f3w. Strac\u0105 te\u017c kierowcy, kt\u00f3rzy wyje\u017cd\u017caj\u0105 ni\u0105 z osiedla.<\/p>\n<p>&nbsp;<\/p>\n<p><img loading=\"lazy\" decoding=\"async\" alt=\"\" src=\"http:\/\/www.prw.pl\/img\/articles\/34326\/W646VI8lQr.jpg\" width=\"570\" height=\"426\" \/><\/p>\n<p>&nbsp;<\/p>\n<p>Alternatyw\u0105 jest ul. \u015awieradowska, ale tam ju\u017c teraz tworz\u0105 si\u0119 w godzinach szczytu korki. Ponadto Jab\u0142eczna to\u00a0dojazd do ko\u015bcio\u0142a pod wezwaniem \u015aw. Franciszka z Asy\u017cu, Szko\u0142y Podstawowej nr 90 i Gimnazjum 25.<strong>\u00a0<\/strong>Na ulicy znajduj\u0105 si\u0119 sklepy, poczta i bank. Wizja ogrodzenia terenu wydaje si\u0119 jednak bardzo realna.<\/p>\n<p>&nbsp;<\/p>\n<p><img decoding=\"async\" alt=\"\" src=\"http:\/\/www.radioram.pl\/img\/articles\/25513\/Bez-porozumienia-ws-ulicy-Jablecznej-5.jpg\" width=\"570\" \/><\/p>\n<p>&nbsp;<\/p>\n<p>Gotowa jest ju\u017c uchwa\u0142a Wsp\u00f3lnoty, kt\u00f3ra obliguje zarz\u0105d do rozpocz\u0119cia procedury ogradzania terenu. Do jej przeg\u0142osowania brakuje jeszcze kilku g\u0142os\u00f3w, ale sprawa zostanie zamkni\u0119ta w najbli\u017cszych dniach. Wynaj\u0119ty prawnik ju\u017c analizuje wszystkie dokumenty. Do zablokowania ruchu nie jest nawet potrzebna zgoda urz\u0119dnik\u00f3w. Teren jest prywatny. Mieszka\u0144cy podkre\u015blaj\u0105, \u017ce nie robi\u0105 tego z przyjemno\u015bci\u0105, ale jedynie zamkni\u0119cie trasy jest w stanie ograniczy\u0107 ich wydatki.<\/p>\n<p>&nbsp;<\/p>\n<div class='et-learn-more clearfix'>\n\t\t\t\t\t<h3 class='heading-more'>\u0179r\u00f3d\u0142o<span class='et_learnmore_arrow'><span><\/span><\/span><\/h3>\n\t\t\t\t\t<div class='learn-more-content'>Autor: Martyna Czerwi\u0144ska \u0179r\u00f3d\u0142o: http:\/\/www.prw.pl\/articles\/view\/34326\/jedna-wspolnota-zablokuje-cale-osiedle-<\/div>\n\t\t\t\t<\/div>\n<p>&nbsp;<\/p>\n<p>&nbsp;<\/p>\n","protected":false},"excerpt":{"rendered":"<p>Czy ruch samochodowy na wroc\u0142awskim Gaju mo\u017ce zosta\u0107 wkr\u00f3tce sparali\u017cowany? Takie pytanie stawia dzi\u015b Portal Radia Wroc\u0142aw. Sprawa dotyczy mo\u017cliwo\u015bci zablokowania ulicy Jab\u0142ecznej przez Wsp\u00f3lnot\u0119 Mieszkaniow\u0105, kt\u00f3ra jest w\u0142a\u015bcicielem drogi. Czy ca\u0142e osiedle zostanie zablokowane? Uspokajamy, nie. Istnieje natomiast problem, \u00a0o kt\u00f3rym w dalszej cz\u0119\u015bci tekstu.\u00a0<\/p>\n","protected":false},"author":1,"featured_media":2235,"comment_status":"open","ping_status":"open","sticky":false,"template":"","format":"standard","meta":{"footnotes":""},"categories":[14,12],"tags":[252,251,112,250,254,253],"class_list":["post-2230","post","type-post","status-publish","format-standard","has-post-thumbnail","hentry","category-aktualnosci","category-artykuly","tag-droga-wewnetrzna","tag-dzialkowa","tag-gaj","tag-jableczna","tag-wspolnota-mieszkaniowa-jableczna","tag-zablokowanie-ulicy"],"_links":{"self":[{"href":"https:\/\/online.tvk-gaj.pl\/index.php?rest_route=\/wp\/v2\/posts\/2230","targetHints":{"allow":["GET"]}}],"collection":[{"href":"https:\/\/online.tvk-gaj.pl\/index.php?rest_route=\/wp\/v2\/posts"}],"about":[{"href":"https:\/\/online.tvk-gaj.pl\/index.php?rest_route=\/wp\/v2\/types\/post"}],"author":[{"embeddable":true,"href":"https:\/\/online.tvk-gaj.pl\/index.php?rest_route=\/wp\/v2\/users\/1"}],"replies":[{"embeddable":true,"href":"https:\/\/online.tvk-gaj.pl\/index.php?rest_route=%2Fwp%2Fv2%2Fcomments&post=2230"}],"version-history":[{"count":5,"href":"https:\/\/online.tvk-gaj.pl\/index.php?rest_route=\/wp\/v2\/posts\/2230\/revisions"}],"predecessor-version":[{"id":2236,"href":"https:\/\/online.tvk-gaj.pl\/index.php?rest_route=\/wp\/v2\/posts\/2230\/revisions\/2236"}],"wp:featuredmedia":[{"embeddable":true,"href":"https:\/\/online.tvk-gaj.pl\/index.php?rest_route=\/wp\/v2\/media\/2235"}],"wp:attachment":[{"href":"https:\/\/online.tvk-gaj.pl\/index.php?rest_route=%2Fwp%2Fv2%2Fmedia&parent=2230"}],"wp:term":[{"taxonomy":"category","embeddable":true,"href":"https:\/\/online.tvk-gaj.pl\/index.php?rest_route=%2Fwp%2Fv2%2Fcategories&post=2230"},{"taxonomy":"post_tag","embeddable":true,"href":"https:\/\/online.tvk-gaj.pl\/index.php?rest_route=%2Fwp%2Fv2%2Ftags&post=2230"}],"curies":[{"name":"wp","href":"https:\/\/api.w.org\/{rel}","templated":true}]}}