{"id":2247,"date":"2014-04-30T20:21:44","date_gmt":"2014-04-30T18:21:44","guid":{"rendered":"http:\/\/www.tvk-gaj.pl\/~gajonline\/?p=2247"},"modified":"2014-05-01T15:40:38","modified_gmt":"2014-05-01T13:40:38","slug":"wroclaw-rozpoczyna-walke-z-komarami","status":"publish","type":"post","link":"https:\/\/online.tvk-gaj.pl\/?p=2247","title":{"rendered":"Wroc\u0142aw rozpoczyna walk\u0119 z komarami"},"content":{"rendered":"<p>Wraz ze zbli\u017caj\u0105c\u0105 si\u0119 maj\u00f3wk\u0105 oraz cieplejszymi dniami naturalnie zaczyna pojawia\u0107 si\u0119 problem z komarami. Na naszym osiedlu szczeg\u00f3lnie dotyczy to mieszka\u0144c\u00f3w po\u0142udniowej cz\u0119\u015bci Gaju, gdzie blisko\u015b\u0107 wzg\u00f3rza gajowego, row\u00f3w melioracyjnych wzd\u0142u\u017c nasypu kolejowego oraz p\u00f3l i teren\u00f3w zielonych zlokalizowanych na s\u0105siednich Wojszycach, sprawiaj\u0105, \u017ce komary bywaj\u0105 tu prawdziw\u0105 zmor\u0105. Na szcz\u0119\u015bcie magistrat dostrzega problem i jak co roku wyrusza na wojn\u0119 z gryz\u0105cymi owadami.<!--more--><\/p>\n<p>&nbsp;<\/p>\n<p>583 tys. z\u0142otych. Tyle w tym roku gmina Wroc\u0142aw przeznaczy na walk\u0119 z komarami na terenie miasta. Od marca monitorowana jest populacja moskit\u00f3w. Je\u015bli b\u0119dzie ich za du\u017co, to b\u0119d\u0105 prowadzone akcje oprysk\u00f3w z ziemi i powietrza. To jednak ostateczno\u015b\u0107. Poniewa\u017c nale\u017cy walczy\u0107 ju\u017c z larwami komar\u00f3w.<\/p>\n<p>&nbsp;<\/p>\n<div class=\"in-txt-video\" style=\"color: #4e4e4e;\"><a href=\"http:\/\/www.tvk-gaj.pl\/~gajonline\/wp-content\/uploads\/2014\/04\/komary1.jpg\"><img loading=\"lazy\" decoding=\"async\" class=\"aligncenter size-large wp-image-2248\" src=\"http:\/\/www.tvk-gaj.pl\/~gajonline\/wp-content\/uploads\/2014\/04\/komary1-1024x717.jpg\" alt=\"komary1\" width=\"1024\" height=\"717\" srcset=\"https:\/\/online.tvk-gaj.pl\/wp-content\/uploads\/2014\/04\/komary1-1024x717.jpg 1024w, https:\/\/online.tvk-gaj.pl\/wp-content\/uploads\/2014\/04\/komary1-300x210.jpg 300w, https:\/\/online.tvk-gaj.pl\/wp-content\/uploads\/2014\/04\/komary1.jpg 1718w\" sizes=\"auto, (max-width: 1024px) 100vw, 1024px\" \/><\/a><\/div>\n<div class=\"in-txt-video\" style=\"color: #4e4e4e;\"><\/div>\n<div class=\"in-txt-video\" style=\"color: #4e4e4e;\"><\/div>\n<div class=\"in-txt-video\" style=\"color: #4e4e4e;\"><\/div>\n<div class=\"in-txt-video\" style=\"color: #4e4e4e;\"><a href=\"http:\/\/www.tvk-gaj.pl\/~gajonline\/wp-content\/uploads\/2014\/04\/komary2.jpg\"><img loading=\"lazy\" decoding=\"async\" class=\"aligncenter size-large wp-image-2249\" src=\"http:\/\/www.tvk-gaj.pl\/~gajonline\/wp-content\/uploads\/2014\/04\/komary2-1024x717.jpg\" alt=\"komary2\" width=\"1024\" height=\"717\" srcset=\"https:\/\/online.tvk-gaj.pl\/wp-content\/uploads\/2014\/04\/komary2-1024x717.jpg 1024w, https:\/\/online.tvk-gaj.pl\/wp-content\/uploads\/2014\/04\/komary2-300x210.jpg 300w, https:\/\/online.tvk-gaj.pl\/wp-content\/uploads\/2014\/04\/komary2.jpg 1718w\" sizes=\"auto, (max-width: 1024px) 100vw, 1024px\" \/><\/a><\/div>\n<div class=\"in-txt-video\" style=\"color: #4e4e4e;\"><\/div>\n<p>&nbsp;<\/p>\n<p>\u2013 W miniony czwartek zosta\u0142o przeprowadzone zarybianie 20 zbiornik\u00f3w. W ramach metody biologicznej ryby wykorzystywane s\u0105 jako naturalni wrogowie.\u00a0 \u017bywi\u0105 si\u0119 larwami komar\u00f3w ograniczaj\u0105c ich rozw\u00f3j w sta\u0142ych akwenach. Monitorowanie tych miejsc potwierdza skuteczno\u015b\u0107 tej naturalnej metody. W nawi\u0105zaniu do tych dzia\u0142a\u0144 zach\u0119camy mieszka\u0144c\u00f3w do zarybiania wszelkich przydomowych oczek wodnych, kt\u00f3re stanowi\u0105 bardzo dogodne miejsce rozwoju wielu pokole\u0144 populacji komar\u00f3w, co pozwoli na ograniczenie komar\u00f3w w obr\u0119bie ich posesji \u2013 m\u00f3wi Monika Kaliwoda z Wydzia\u0142u \u015arodowiska Urz\u0119du Miejskiego Wroc\u0142awia.<\/p>\n<p>Walka z komarami zosta\u0142a podzielona na cztery odr\u0119bne zadania. W ramach pierwszego\u00a0 na terenie 3500 ha przeprowadzane b\u0119d\u0105 opryski z powietrza. Ten etap obejmie pola irygacyjne, oraz bliskie okolice rzek: Bystrzycy, \u015al\u0119zy Widawy oraz Odry. Wykonawca b\u0119dzie w stanie gotowo\u015bci do ko\u0144ca pa\u017adziernika. Oznacza to, \u017ce w ci\u0105gu dw\u00f3ch godzin od zlecenia, b\u0119dzie musia\u0142 rozpocz\u0105\u0107 opryski. Drugie i trzecie zadanie to opryski naziemne prowadzone na terenach zielonych\u00a0 w zachodniej i wschodniej cz\u0119\u015bci Wroc\u0142awia \u0142\u0105cznie prace b\u0119d\u0105 prowadzone na 700 ha. Czwarty etap obejmie\u00a0 obszary zielone przy osiedlach Jarno\u0142t\u00f3w oraz Marszowice, a tak\u017ce obszar przy rzece Bystrzycy oraz w Parkach: Le\u015bnickim i Stab\u0142owickim. Podobnie jak w przypadku pierwszego zadania, wykonawcy b\u0119d\u0105 dyspozycyjni do ko\u0144ca pa\u017adziernika. Na bie\u017c\u0105co b\u0119dzie monitorowana skuteczno\u015b\u0107 tych dzia\u0142a\u0144. W razie potrzeby opryski zostan\u0105 powt\u00f3rzone. Dzi\u0119ki akcji odkomarzania liczba moskit\u00f3w znacz\u0105co spada. Jednak nale\u017cy pami\u0119ta\u0107, \u017ce komar\u00f3w nie mo\u017cna w ca\u0142o\u015bci wyt\u0119pi\u0107 poniewa\u017c stanowi\u0105 one wa\u017cny element ekosystemu \u2013 \u017cywi\u0105 si\u0119 nimi ptaki i ryby.<\/p>\n<p style=\"color: #4e4e4e;\"><div class='et-learn-more clearfix'>\n\t\t\t\t\t<h3 class='heading-more'>\u0179r\u00f3d\u0142o<span class='et_learnmore_arrow'><span><\/span><\/span><\/h3>\n\t\t\t\t\t<div class='learn-more-content'>Autor: Mi\u0142osz Turowski \u0179r\u00f3d\u0142o: www.wroclaw.pl<\/div>\n\t\t\t\t<\/div><\/p>\n","protected":false},"excerpt":{"rendered":"<p>Wraz ze zbli\u017caj\u0105c\u0105 si\u0119 maj\u00f3wk\u0105 oraz cieplejszymi dniami naturalnie zaczyna pojawia\u0107 si\u0119 problem z komarami. Na naszym osiedlu szczeg\u00f3lnie dotyczy to mieszka\u0144c\u00f3w po\u0142udniowej cz\u0119\u015bci Gaju, gdzie blisko\u015b\u0107 wzg\u00f3rza gajowego, row\u00f3w melioracyjnych wzd\u0142u\u017c nasypu kolejowego oraz p\u00f3l i teren\u00f3w zielonych zlokalizowanych na s\u0105siednich Wojszycach, sprawiaj\u0105, \u017ce komary bywaj\u0105 tu prawdziw\u0105 zmor\u0105. Na szcz\u0119\u015bcie magistrat dostrzega problem [&hellip;]<\/p>\n","protected":false},"author":1,"featured_media":2251,"comment_status":"open","ping_status":"open","sticky":false,"template":"","format":"standard","meta":{"footnotes":""},"categories":[14,12],"tags":[112,259,260,165],"class_list":["post-2247","post","type-post","status-publish","format-standard","has-post-thumbnail","hentry","category-aktualnosci","category-artykuly","tag-gaj","tag-komary","tag-walka-z-komarami","tag-wroclaw"],"_links":{"self":[{"href":"https:\/\/online.tvk-gaj.pl\/index.php?rest_route=\/wp\/v2\/posts\/2247","targetHints":{"allow":["GET"]}}],"collection":[{"href":"https:\/\/online.tvk-gaj.pl\/index.php?rest_route=\/wp\/v2\/posts"}],"about":[{"href":"https:\/\/online.tvk-gaj.pl\/index.php?rest_route=\/wp\/v2\/types\/post"}],"author":[{"embeddable":true,"href":"https:\/\/online.tvk-gaj.pl\/index.php?rest_route=\/wp\/v2\/users\/1"}],"replies":[{"embeddable":true,"href":"https:\/\/online.tvk-gaj.pl\/index.php?rest_route=%2Fwp%2Fv2%2Fcomments&post=2247"}],"version-history":[{"count":5,"href":"https:\/\/online.tvk-gaj.pl\/index.php?rest_route=\/wp\/v2\/posts\/2247\/revisions"}],"predecessor-version":[{"id":2256,"href":"https:\/\/online.tvk-gaj.pl\/index.php?rest_route=\/wp\/v2\/posts\/2247\/revisions\/2256"}],"wp:featuredmedia":[{"embeddable":true,"href":"https:\/\/online.tvk-gaj.pl\/index.php?rest_route=\/wp\/v2\/media\/2251"}],"wp:attachment":[{"href":"https:\/\/online.tvk-gaj.pl\/index.php?rest_route=%2Fwp%2Fv2%2Fmedia&parent=2247"}],"wp:term":[{"taxonomy":"category","embeddable":true,"href":"https:\/\/online.tvk-gaj.pl\/index.php?rest_route=%2Fwp%2Fv2%2Fcategories&post=2247"},{"taxonomy":"post_tag","embeddable":true,"href":"https:\/\/online.tvk-gaj.pl\/index.php?rest_route=%2Fwp%2Fv2%2Ftags&post=2247"}],"curies":[{"name":"wp","href":"https:\/\/api.w.org\/{rel}","templated":true}]}}