{"id":2257,"date":"2014-05-04T12:43:13","date_gmt":"2014-05-04T10:43:13","guid":{"rendered":"http:\/\/www.tvk-gaj.pl\/~gajonline\/?p=2257"},"modified":"2014-05-04T12:48:30","modified_gmt":"2014-05-04T10:48:30","slug":"tak-zmienialy-sie-ulice-na-gaju-czesc-1","status":"publish","type":"post","link":"https:\/\/online.tvk-gaj.pl\/?p=2257","title":{"rendered":"Tak zmienia\u0142 si\u0119 Gaj&#8230;Cz\u0119\u015b\u0107 1"},"content":{"rendered":"<p>1 maja obchodzili\u015bmy 10 rocznic\u0119 przyst\u0105pienia Polski do Unii Europejskiej. W zwi\u0105zku z tym wydarzeniem wiele m\u00f3wiono o tym jak przez ten czas zmieni\u0142a si\u0119 Polska, podziwiano inwestycj\u0119 oraz dyskutowano o cywilizacyjnym skoku kraju. Jednak 10 lat to tak\u017ce bardzo du\u017ce zmiany na ternie Gaju &#8211; remonty dr\u00f3g, inwestycje w infrastruktur\u0119, nowe obiekty us\u0142ugowo-rozrywkowe oraz nowe mieszkania. Przyjrzyjmy si\u0119 wi\u0119c inwestycjom, kt\u00f3re w minionych latach zosta\u0142y zrealizowane na Gaju. Zapraszamy do pierwszej cz\u0119\u015bci naszego trzycz\u0119\u015bciowego cyklu po\u015bwi\u0119conego temu jak zmieni\u0142 si\u0119 Gaj na przestrzeni minionych 10 lat.<!--more--><\/p>\n<p>&nbsp;<\/p>\n<p>Miasto na inwestycje w infrastruktur\u0119 i nowe obiekty drogowe \u00a0na przestrzeni minionych 10 lat wyda\u0142o \u00a0miliardy z\u0142otych. Cz\u0119\u015b\u0107 z tych \u015brodk\u00f3w przekazana zosta\u0142a na inwestycje obejmuj\u0105ce Gaj.<\/p>\n<p>Najwi\u0119cej zainwestowanych \u015brodk\u00f3w przeznaczone zosta\u0142o na drogi i infrastruktur\u0119 komunikacyjn\u0105.<\/p>\n<p>Zapraszamy do pierwszej cz\u0119\u015bci artyku\u0142u po\u015bwi\u0119conego temu jak Gaj zmieni\u0142 si\u0119 na przestrzeni minionych 10 lat.<\/p>\n<p>&nbsp;<\/p>\n<p><strong>1. Ulica Bardzka, skrzy\u017cowanie Armii Krajowej z Bardzk\u0105.<\/strong><\/p>\n<p>&nbsp;<\/p>\n<p><a href=\"http:\/\/www.tvk-gaj.pl\/~gajonline\/wp-content\/uploads\/2014\/05\/bardzka.jpg\"><img loading=\"lazy\" decoding=\"async\" class=\"aligncenter size-full wp-image-2258\" src=\"http:\/\/www.tvk-gaj.pl\/~gajonline\/wp-content\/uploads\/2014\/05\/bardzka.jpg\" alt=\"bardzka\" width=\"907\" height=\"288\" srcset=\"https:\/\/online.tvk-gaj.pl\/wp-content\/uploads\/2014\/05\/bardzka.jpg 907w, https:\/\/online.tvk-gaj.pl\/wp-content\/uploads\/2014\/05\/bardzka-300x95.jpg 300w\" sizes=\"auto, (max-width: 907px) 100vw, 907px\" \/><\/a><\/p>\n<p>&nbsp;<\/p>\n<p><span style=\"color: #4e4e4e;\">Pod koniec 2010 roku kierowcy mogli ju\u017c bez utrudnie\u0144 je\u017adzi\u0107 po wyremontowanej ul. Bardzkiej. Gruntownie odnowiono t\u0119 drog\u0119 na odcinku od skrzy\u017cowania z ul. Armii Krajowej do wiaduktu kolejowego. Ulica zmieni\u0142a si\u0119 zupe\u0142nie. Zyska\u0142a chodniki, torowisko, dodatkowe pasy ruchu. Inwestycja, kt\u00f3ra sk\u0142ada\u0142a si\u0119 z kilku etap\u00f3w poch\u0142on\u0119\u0142a oko\u0142o 130 mln z\u0142. Wok\u00f3\u0142 te\u017c sporo si\u0119 zmieni\u0142o.<\/span><\/p>\n<p>&nbsp;<\/p>\n<p><strong>2. Ulica Borowska<\/strong><\/p>\n<p>&nbsp;<\/p>\n<p><a href=\"http:\/\/www.tvk-gaj.pl\/~gajonline\/wp-content\/uploads\/2014\/05\/borowska.jpg\"><img loading=\"lazy\" decoding=\"async\" class=\"aligncenter size-full wp-image-2259\" src=\"http:\/\/www.tvk-gaj.pl\/~gajonline\/wp-content\/uploads\/2014\/05\/borowska.jpg\" alt=\"borowska\" width=\"962\" height=\"330\" srcset=\"https:\/\/online.tvk-gaj.pl\/wp-content\/uploads\/2014\/05\/borowska.jpg 962w, https:\/\/online.tvk-gaj.pl\/wp-content\/uploads\/2014\/05\/borowska-300x102.jpg 300w\" sizes=\"auto, (max-width: 962px) 100vw, 962px\" \/><\/a><\/p>\n<p>&nbsp;<\/p>\n<p><span style=\"color: #4e4e4e;\">Przebudowa ul. Borowskiej zako\u0144czy\u0142a si\u0119 w czerwcu 2008 roku. W ramach inwestycji powsta\u0142a nowa jezdnia, ustawiono ekrany akustyczne i wybudowano tunel pieszo-rowerowy w nasypie kolejowym. Ponadto powsta\u0142y zjazdy do szpitala. Inwestycja kosztowa\u0142a blisko 20 mln z\u0142 i trwa\u0142a oko\u0142o dw\u00f3ch lat. Cz\u0119\u015b\u0107 koszt\u00f3w pochodzi\u0142o z Unii Europejskiej.<\/span><\/p>\n<p>&nbsp;<\/p>\n<p><strong>3. \u00a0Tramwaj na Gaj<\/strong><\/p>\n<p>&nbsp;<\/p>\n<p><a href=\"http:\/\/www.tvk-gaj.pl\/~gajonline\/wp-content\/uploads\/2014\/05\/tramwaj.jpg\"><img loading=\"lazy\" decoding=\"async\" class=\"aligncenter size-full wp-image-2260\" src=\"http:\/\/www.tvk-gaj.pl\/~gajonline\/wp-content\/uploads\/2014\/05\/tramwaj.jpg\" alt=\"tramwaj\" width=\"934\" height=\"330\" srcset=\"https:\/\/online.tvk-gaj.pl\/wp-content\/uploads\/2014\/05\/tramwaj.jpg 934w, https:\/\/online.tvk-gaj.pl\/wp-content\/uploads\/2014\/05\/tramwaj-300x105.jpg 300w\" sizes=\"auto, (max-width: 934px) 100vw, 934px\" \/><\/a><\/p>\n<p>&nbsp;<\/p>\n<p><span style=\"color: #4e4e4e;\">Tramwaj 32 Plus z pasa\u017cerami na Gaju zameldowa\u0142 si\u0119 jesieni\u0105 2011 roku. \u017beby tak si\u0119 sta\u0142o musia\u0142o powsta\u0107 torowisko tramwajowe z ca\u0142\u0105 infrastruktur\u0105 na ul. Bardzkiej i \u015awieradowskiej. Na tej drugiej ulicy wybudowano r\u00f3wnie\u017c kra\u0144c\u00f3wk\u0119 tramwajow\u0105. W tej chwili kursuje na trasie linia 31 Plus i 32 Plus. Jedna \u0142\u0105czy Gaj z Kozanowem, a druga ze Stadionem Wroc\u0142aw. Prace zosta\u0142y dofinansowane z UE.\u00a0<\/span><\/p>\n<p>&nbsp;<\/p>\n<p><span style=\"color: #4e4e4e;\">Kolejna, druga cz\u0119\u015b\u0107, ju\u017c w przysz\u0142\u0105 niedziel\u0119, 11 maja. Zapraszamy!\u00a0<\/span><\/p>\n<p>&nbsp;<\/p>\n<p>&nbsp;<\/p>\n","protected":false},"excerpt":{"rendered":"<p>1 maja obchodzili\u015bmy 10 rocznic\u0119 przyst\u0105pienia Polski do Unii Europejskiej. W zwi\u0105zku z tym wydarzeniem wiele m\u00f3wiono o tym jak przez ten czas zmieni\u0142a si\u0119 Polska, podziwiano inwestycj\u0119 oraz dyskutowano o cywilizacyjnym skoku kraju. Jednak 10 lat to tak\u017ce bardzo du\u017ce zmiany na ternie Gaju &#8211; remonty dr\u00f3g, inwestycje w infrastruktur\u0119, nowe obiekty us\u0142ugowo-rozrywkowe oraz [&hellip;]<\/p>\n","protected":false},"author":1,"featured_media":2267,"comment_status":"open","ping_status":"open","sticky":false,"template":"","format":"standard","meta":{"footnotes":""},"categories":[14,12],"tags":[197,113,160,112,153,166,118,261],"class_list":["post-2257","post","type-post","status-publish","format-standard","has-post-thumbnail","hentry","category-aktualnosci","category-artykuly","tag-bardzka","tag-borowska","tag-drogi","tag-gaj","tag-inwestycje","tag-osiedle-gaj","tag-tramwaj-plus","tag-ulice"],"_links":{"self":[{"href":"https:\/\/online.tvk-gaj.pl\/index.php?rest_route=\/wp\/v2\/posts\/2257","targetHints":{"allow":["GET"]}}],"collection":[{"href":"https:\/\/online.tvk-gaj.pl\/index.php?rest_route=\/wp\/v2\/posts"}],"about":[{"href":"https:\/\/online.tvk-gaj.pl\/index.php?rest_route=\/wp\/v2\/types\/post"}],"author":[{"embeddable":true,"href":"https:\/\/online.tvk-gaj.pl\/index.php?rest_route=\/wp\/v2\/users\/1"}],"replies":[{"embeddable":true,"href":"https:\/\/online.tvk-gaj.pl\/index.php?rest_route=%2Fwp%2Fv2%2Fcomments&post=2257"}],"version-history":[{"count":6,"href":"https:\/\/online.tvk-gaj.pl\/index.php?rest_route=\/wp\/v2\/posts\/2257\/revisions"}],"predecessor-version":[{"id":2268,"href":"https:\/\/online.tvk-gaj.pl\/index.php?rest_route=\/wp\/v2\/posts\/2257\/revisions\/2268"}],"wp:featuredmedia":[{"embeddable":true,"href":"https:\/\/online.tvk-gaj.pl\/index.php?rest_route=\/wp\/v2\/media\/2267"}],"wp:attachment":[{"href":"https:\/\/online.tvk-gaj.pl\/index.php?rest_route=%2Fwp%2Fv2%2Fmedia&parent=2257"}],"wp:term":[{"taxonomy":"category","embeddable":true,"href":"https:\/\/online.tvk-gaj.pl\/index.php?rest_route=%2Fwp%2Fv2%2Fcategories&post=2257"},{"taxonomy":"post_tag","embeddable":true,"href":"https:\/\/online.tvk-gaj.pl\/index.php?rest_route=%2Fwp%2Fv2%2Ftags&post=2257"}],"curies":[{"name":"wp","href":"https:\/\/api.w.org\/{rel}","templated":true}]}}