{"id":2275,"date":"2014-05-12T13:38:28","date_gmt":"2014-05-12T11:38:28","guid":{"rendered":"http:\/\/www.tvk-gaj.pl\/~gajonline\/?p=2275"},"modified":"2014-05-12T16:20:39","modified_gmt":"2014-05-12T14:20:39","slug":"poszukujemy-zespolow-na-festyn-osiedlowy-lato-2014","status":"publish","type":"post","link":"https:\/\/online.tvk-gaj.pl\/?p=2275","title":{"rendered":"Poszukujemy zespo\u0142\u00f3w i wokalist\u00f3w na Festyn Osiedlowy &#8211; lato 2014!"},"content":{"rendered":"<p>Rada Osiedla Gaj rozpoczyna casting na wyb\u00f3r zespo\u0142\u00f3w i wokalist\u00f3w, kt\u00f3rzy wyst\u0105pi\u0105 go\u015bcinnie podczas Festynu Osiedla Gaj, kt\u00f3ry odb\u0119dzie si\u0119 21 czerwca b.r. na terenie Parku S\u0142onecznego na Gaju. Serdecznie zapraszamy wszystkie zainteresowane zespo\u0142y oraz zainteresowanych wokalist\u00f3w(ki) do zg\u0142aszania si\u0119 poprzez formularz kontaktowy zamieszczony na naszej stronie. Zg\u0142oszenia mo\u017cna te\u017c sk\u0142ada\u0107 osobi\u015bcie w siedzibie Rady Osiedla Gaj przy ul. Krynickiej 80 w poniedzia\u0142ki i czwartki w godzinach 18-20. Serdecznie zapraszamy!<!--more--><\/p>\n<p>&nbsp;<\/p>\n<p><strong>Formularz zg\u0142oszeniowy<\/strong><\/p>\n<p>&nbsp;<\/p>\n<p>[contact-form-7 id=&#8221;2274&#8243; title=&#8221;Festyn Osiedlowy 21.06.2014r.&#8221;]<\/p>\n<p>&nbsp;<\/p>\n<p>&nbsp;<\/p>\n","protected":false},"excerpt":{"rendered":"<p>Rada Osiedla Gaj rozpoczyna casting na wyb\u00f3r zespo\u0142\u00f3w i wokalist\u00f3w, kt\u00f3rzy wyst\u0105pi\u0105 go\u015bcinnie podczas Festynu Osiedla Gaj, kt\u00f3ry odb\u0119dzie si\u0119 21 czerwca b.r. na terenie Parku S\u0142onecznego na Gaju. Serdecznie zapraszamy wszystkie zainteresowane zespo\u0142y oraz zainteresowanych wokalist\u00f3w(ki) do zg\u0142aszania si\u0119 poprzez formularz kontaktowy zamieszczony na naszej stronie. Zg\u0142oszenia mo\u017cna te\u017c sk\u0142ada\u0107 osobi\u015bcie w siedzibie Rady [&hellip;]<\/p>\n","protected":false},"author":1,"featured_media":2276,"comment_status":"open","ping_status":"open","sticky":false,"template":"","format":"standard","meta":{"footnotes":""},"categories":[14],"tags":[262,266,264,263,265],"class_list":["post-2275","post","type-post","status-publish","format-standard","has-post-thumbnail","hentry","category-aktualnosci","tag-festyn-osiedlowy-21-06-2014r","tag-wystep-na-festynie-osiedla-gaj","tag-zespol-muzyczny","tag-zespoly","tag-zgloszenia"],"_links":{"self":[{"href":"https:\/\/online.tvk-gaj.pl\/index.php?rest_route=\/wp\/v2\/posts\/2275","targetHints":{"allow":["GET"]}}],"collection":[{"href":"https:\/\/online.tvk-gaj.pl\/index.php?rest_route=\/wp\/v2\/posts"}],"about":[{"href":"https:\/\/online.tvk-gaj.pl\/index.php?rest_route=\/wp\/v2\/types\/post"}],"author":[{"embeddable":true,"href":"https:\/\/online.tvk-gaj.pl\/index.php?rest_route=\/wp\/v2\/users\/1"}],"replies":[{"embeddable":true,"href":"https:\/\/online.tvk-gaj.pl\/index.php?rest_route=%2Fwp%2Fv2%2Fcomments&post=2275"}],"version-history":[{"count":5,"href":"https:\/\/online.tvk-gaj.pl\/index.php?rest_route=\/wp\/v2\/posts\/2275\/revisions"}],"predecessor-version":[{"id":2282,"href":"https:\/\/online.tvk-gaj.pl\/index.php?rest_route=\/wp\/v2\/posts\/2275\/revisions\/2282"}],"wp:featuredmedia":[{"embeddable":true,"href":"https:\/\/online.tvk-gaj.pl\/index.php?rest_route=\/wp\/v2\/media\/2276"}],"wp:attachment":[{"href":"https:\/\/online.tvk-gaj.pl\/index.php?rest_route=%2Fwp%2Fv2%2Fmedia&parent=2275"}],"wp:term":[{"taxonomy":"category","embeddable":true,"href":"https:\/\/online.tvk-gaj.pl\/index.php?rest_route=%2Fwp%2Fv2%2Fcategories&post=2275"},{"taxonomy":"post_tag","embeddable":true,"href":"https:\/\/online.tvk-gaj.pl\/index.php?rest_route=%2Fwp%2Fv2%2Ftags&post=2275"}],"curies":[{"name":"wp","href":"https:\/\/api.w.org\/{rel}","templated":true}]}}