{"id":2458,"date":"2014-05-31T23:26:23","date_gmt":"2014-05-31T21:26:23","guid":{"rendered":"http:\/\/www.tvk-gaj.pl\/~gajonline\/?p=2458"},"modified":"2014-05-31T23:26:23","modified_gmt":"2014-05-31T21:26:23","slug":"piknik-rodzinny-w-sp-nr-90-nasza-fotorelacja","status":"publish","type":"post","link":"https:\/\/online.tvk-gaj.pl\/?p=2458","title":{"rendered":"Piknik Rodzinny w SP Nr 90 &#8211; nasza fotorelacja"},"content":{"rendered":"<p>W miniony pi\u0105tek, 30 maja, na ternie Szko\u0142y Podstawowej Nr 90 we Wroc\u0142awiu odby\u0142 si\u0119 Piknik Rodzinny. Impreza, zorganizowana przez szko\u0142\u0119 z okazji dnia dziecka, przyci\u0105gn\u0119\u0142a najm\u0142odszych licznymi w tym roku atrakcjami. Zapraszamy do naszej fotorelacji z imprezy!<!--more--><\/p>\n<p>Piknik Rodzinny to coroczna impreza dla uczni\u00f3w Szko\u0142y Podstawowej Nr 90, zorganizowana z okazji Dnia Dziecka. W tym roku na najm\u0142odszych czeka\u0142y liczne atrakcje, gry i zabawy. Imprez\u0119 wsp\u00f3\u0142prowadzi\u0142 Pan Andrzej Nawrot, Radny Rady Osiedla Gaj, a na imprezie nie zabrak\u0142o te\u017c przedstawicieli Rady Osiedla.<\/p>\n<p>Zapraszamy do fotorelacji z imprezy.<\/p>\n<p>&nbsp;<\/p>\n<p><img decoding=\"async\" class=\"ngg_displayed_gallery mceItem\" src=\"http:\/\/www.tvk-gaj.pl\/~gajonline\/index.php\/nextgen-attach_to_post\/preview\/id--2459\" alt=\"\" \/><\/p>\n<p>&nbsp;<\/p>\n<div class='et-learn-more clearfix'>\n\t\t\t\t\t<h3 class='heading-more'>Szko\u0142a Podstawowa Nr 90<span class='et_learnmore_arrow'><span><\/span><\/span><\/h3>\n\t\t\t\t\t<div class='learn-more-content'>Szko\u0142a Podstawowa Nr 90 im. prof. St. To\u0142py, ul. Orzechowa 62, 50-540 Wroc\u0142aw. Tel. sekretariat: (071) \u00a0363 60 29. E-mail: sp90wro@op.pl. Dojazd: autobusy: 112, 113, 136, 145, 146, K; tramwaje: 8, 15, 31 PLUS, 32 PLUS. Strona: http:\/\/www.sp90.wroclaw.pl\/<\/div>\n\t\t\t\t<\/div>\n<p>&nbsp;<\/p>\n<p>&nbsp;<\/p>\n","protected":false},"excerpt":{"rendered":"<p>W miniony pi\u0105tek, 30 maja, na ternie Szko\u0142y Podstawowej Nr 90 we Wroc\u0142awiu odby\u0142 si\u0119 Piknik Rodzinny. Impreza, zorganizowana przez szko\u0142\u0119 z okazji dnia dziecka, przyci\u0105gn\u0119\u0142a najm\u0142odszych licznymi w tym roku atrakcjami. Zapraszamy do naszej fotorelacji z imprezy!<\/p>\n","protected":false},"author":1,"featured_media":2460,"comment_status":"open","ping_status":"open","sticky":false,"template":"","format":"standard","meta":{"footnotes":""},"categories":[14,12],"tags":[270,112,271,268,272,269,273,120],"class_list":["post-2458","post","type-post","status-publish","format-standard","has-post-thumbnail","hentry","category-aktualnosci","category-artykuly","tag-festyn","tag-gaj","tag-piknik","tag-piknik-rodzinny","tag-rodzinny","tag-sp-nr-90","tag-szkola","tag-szkola-podstawowa-nr-90"],"_links":{"self":[{"href":"https:\/\/online.tvk-gaj.pl\/index.php?rest_route=\/wp\/v2\/posts\/2458","targetHints":{"allow":["GET"]}}],"collection":[{"href":"https:\/\/online.tvk-gaj.pl\/index.php?rest_route=\/wp\/v2\/posts"}],"about":[{"href":"https:\/\/online.tvk-gaj.pl\/index.php?rest_route=\/wp\/v2\/types\/post"}],"author":[{"embeddable":true,"href":"https:\/\/online.tvk-gaj.pl\/index.php?rest_route=\/wp\/v2\/users\/1"}],"replies":[{"embeddable":true,"href":"https:\/\/online.tvk-gaj.pl\/index.php?rest_route=%2Fwp%2Fv2%2Fcomments&post=2458"}],"version-history":[{"count":1,"href":"https:\/\/online.tvk-gaj.pl\/index.php?rest_route=\/wp\/v2\/posts\/2458\/revisions"}],"predecessor-version":[{"id":2461,"href":"https:\/\/online.tvk-gaj.pl\/index.php?rest_route=\/wp\/v2\/posts\/2458\/revisions\/2461"}],"wp:featuredmedia":[{"embeddable":true,"href":"https:\/\/online.tvk-gaj.pl\/index.php?rest_route=\/wp\/v2\/media\/2460"}],"wp:attachment":[{"href":"https:\/\/online.tvk-gaj.pl\/index.php?rest_route=%2Fwp%2Fv2%2Fmedia&parent=2458"}],"wp:term":[{"taxonomy":"category","embeddable":true,"href":"https:\/\/online.tvk-gaj.pl\/index.php?rest_route=%2Fwp%2Fv2%2Fcategories&post=2458"},{"taxonomy":"post_tag","embeddable":true,"href":"https:\/\/online.tvk-gaj.pl\/index.php?rest_route=%2Fwp%2Fv2%2Ftags&post=2458"}],"curies":[{"name":"wp","href":"https:\/\/api.w.org\/{rel}","templated":true}]}}