{"id":2480,"date":"2014-06-09T21:56:59","date_gmt":"2014-06-09T19:56:59","guid":{"rendered":"http:\/\/www.tvk-gaj.pl\/~gajonline\/?p=2480"},"modified":"2014-06-09T22:01:09","modified_gmt":"2014-06-09T20:01:09","slug":"za-trzy-lata-nowa-szkola-wraz-z-przedszkolem-na-gaju-tak-bedzie-wygladac","status":"publish","type":"post","link":"https:\/\/online.tvk-gaj.pl\/?p=2480","title":{"rendered":"Za trzy lata nowa szko\u0142a wraz z przedszkolem na Gaju. Tak b\u0119dzie wygl\u0105da\u0107."},"content":{"rendered":"<p>Miasto rozstrzygn\u0119\u0142o konkurs na projekt nowej szko\u0142y, kt\u00f3ra za trzy lata ma zosta\u0107 uruchomiona na Gaju, w po\u0142udniowej cz\u0119\u015bci osiedla, na ulicy K\u0142odzkiej.\u00a0<!--more--><\/p>\n<p><span style=\"color: #222222;\">Miasto, za po\u015brednictwem Zarz\u0105du Inwestycji Miejskich, \u00a0rozstrzygn\u0119\u0142o konkurs na koncepcj\u0119 architektoniczn\u0105 zespo\u0142u szkolno-przedszkolnego, kt\u00f3ry ma powsta\u0107 przy ul. K\u0142odzkiej. Jest to po\u0142udniowa cz\u0119\u015b\u0107 osiedla, kt\u00f3ra graniczy z s\u0105siaduj\u0105cymi od po\u0142udnia Wojszycami. <span style=\"color: #4e4e4e;\">Konkurs og\u0142oszono pod koniec lutego, wp\u0142yn\u0119\u0142o na niego 16 prac. <\/span>Zwyci\u0119\u017cy\u0142 projekt zespo\u0142u z Radomia.<\/span><\/p>\n<p>Szko\u0142a na zwyci\u0119skiej koncepcji wygl\u0105da imponuj\u0105co. Tak opisuje j\u0105 magistrat:<\/p>\n<blockquote><p><span style=\"color: #4e4e4e;\">Miasto zamierza wyda\u0107 na t\u0119 inwestycje oko\u0142o 35 mln z\u0142. Za te pieni\u0105dze powstanie\u00a0<\/span><strong style=\"color: #4e4e4e;\">przy ul. K\u0142odzkiej przedszkole<\/strong><span style=\"color: #4e4e4e;\">, b\u0119dzie mie\u0107 osiem oddzia\u0142\u00f3w z sal\u0105 wielofunkcyjn\u0105 dla 200 dzieci wraz z placem zabaw. Opr\u00f3cz tego powstanie\u00a0<\/span><strong style=\"color: #4e4e4e;\">szko\u0142a podstawowa<\/strong><span style=\"color: #4e4e4e;\">\u00a0dla 750 dzieci, w kt\u00f3rej znajd\u0105 si\u0119 22 sale lekcyjne, 3\u00a0<\/span><strong style=\"color: #4e4e4e;\">pracownie komputerowe<\/strong><span style=\"color: #4e4e4e;\">, 3\u00a0<\/span><strong style=\"color: #4e4e4e;\">pracownie j\u0119zykowe<\/strong><span style=\"color: #4e4e4e;\">, 2 pracownie przyrodnicze, biblioteka,\u00a0<\/span><strong style=\"color: #4e4e4e;\">sala gimnastyczna<\/strong><span style=\"color: #4e4e4e;\">\u00a0i sale gimnastyki korekcyjnej oraz \u015bwietlice. Na zewn\u0119trznych terenach sportowych przewidziano: boisko wielofunkcyjne, bie\u017cni\u0119 ze skoczni\u0105, plac zabaw dla dzieci szkolnych. W nowoczesnym obiekcie b\u0119dzie si\u0119 r\u00f3wnie\u017c mie\u015bci\u0107 kuchnia z jadalniami dla przedszkola i szko\u0142y.<\/span><\/p><\/blockquote>\n<p>&nbsp;<\/p>\n<p><span style=\"color: #222222;\">Wed\u0142ug szacunk\u00f3w urz\u0119dnik\u00f3w budowa plac\u00f3wki poch\u0142onie oko\u0142o 35 mln z\u0142otych. Nowy obiekt powinien by\u0107 gotowy za trzy lata.<\/span><\/p>\n<p>&nbsp;<\/p>\n<p><strong>Wizualizacje zwyci\u0119skiego projektu:<\/strong><\/p>\n\n\t\t<style type=\"text\/css\">\n\t\t\t#gallery-1 {\n\t\t\t\tmargin: auto;\n\t\t\t}\n\t\t\t#gallery-1 .gallery-item {\n\t\t\t\tfloat: left;\n\t\t\t\tmargin-top: 10px;\n\t\t\t\ttext-align: center;\n\t\t\t\twidth: 33%;\n\t\t\t}\n\t\t\t#gallery-1 img {\n\t\t\t\tborder: 2px solid #cfcfcf;\n\t\t\t}\n\t\t\t#gallery-1 .gallery-caption {\n\t\t\t\tmargin-left: 0;\n\t\t\t}\n\t\t\t\/* see gallery_shortcode() in wp-includes\/media.php *\/\n\t\t<\/style>\n\t\t<div id='gallery-1' class='gallery galleryid-2480 gallery-columns-3 gallery-size-thumbnail'><dl class='gallery-item'>\n\t\t\t<dt class='gallery-icon landscape'>\n\t\t\t\t<a href='https:\/\/online.tvk-gaj.pl\/wp-content\/uploads\/2014\/06\/szkolaklodzka2.png'><img loading=\"lazy\" decoding=\"async\" width=\"150\" height=\"150\" src=\"https:\/\/online.tvk-gaj.pl\/wp-content\/uploads\/2014\/06\/szkolaklodzka2-150x150.png\" class=\"attachment-thumbnail size-thumbnail\" alt=\"\" srcset=\"https:\/\/online.tvk-gaj.pl\/wp-content\/uploads\/2014\/06\/szkolaklodzka2-150x150.png 150w, https:\/\/online.tvk-gaj.pl\/wp-content\/uploads\/2014\/06\/szkolaklodzka2-160x160.png 160w, https:\/\/online.tvk-gaj.pl\/wp-content\/uploads\/2014\/06\/szkolaklodzka2-240x240.png 240w, https:\/\/online.tvk-gaj.pl\/wp-content\/uploads\/2014\/06\/szkolaklodzka2-60x60.png 60w, https:\/\/online.tvk-gaj.pl\/wp-content\/uploads\/2014\/06\/szkolaklodzka2-184x184.png 184w\" sizes=\"auto, (max-width: 150px) 100vw, 150px\" \/><\/a>\n\t\t\t<\/dt><\/dl><dl class='gallery-item'>\n\t\t\t<dt class='gallery-icon landscape'>\n\t\t\t\t<a href='https:\/\/online.tvk-gaj.pl\/wp-content\/uploads\/2014\/06\/szkolaklodzka3.png'><img loading=\"lazy\" decoding=\"async\" width=\"150\" height=\"150\" src=\"https:\/\/online.tvk-gaj.pl\/wp-content\/uploads\/2014\/06\/szkolaklodzka3-150x150.png\" class=\"attachment-thumbnail size-thumbnail\" alt=\"\" srcset=\"https:\/\/online.tvk-gaj.pl\/wp-content\/uploads\/2014\/06\/szkolaklodzka3-150x150.png 150w, https:\/\/online.tvk-gaj.pl\/wp-content\/uploads\/2014\/06\/szkolaklodzka3-160x160.png 160w, https:\/\/online.tvk-gaj.pl\/wp-content\/uploads\/2014\/06\/szkolaklodzka3-240x240.png 240w, https:\/\/online.tvk-gaj.pl\/wp-content\/uploads\/2014\/06\/szkolaklodzka3-60x60.png 60w, https:\/\/online.tvk-gaj.pl\/wp-content\/uploads\/2014\/06\/szkolaklodzka3-184x184.png 184w\" sizes=\"auto, (max-width: 150px) 100vw, 150px\" \/><\/a>\n\t\t\t<\/dt><\/dl><dl class='gallery-item'>\n\t\t\t<dt class='gallery-icon landscape'>\n\t\t\t\t<a href='https:\/\/online.tvk-gaj.pl\/wp-content\/uploads\/2014\/06\/szkolaklodzka11.png'><img loading=\"lazy\" decoding=\"async\" width=\"150\" height=\"150\" src=\"https:\/\/online.tvk-gaj.pl\/wp-content\/uploads\/2014\/06\/szkolaklodzka11-150x150.png\" class=\"attachment-thumbnail size-thumbnail\" alt=\"\" srcset=\"https:\/\/online.tvk-gaj.pl\/wp-content\/uploads\/2014\/06\/szkolaklodzka11-150x150.png 150w, https:\/\/online.tvk-gaj.pl\/wp-content\/uploads\/2014\/06\/szkolaklodzka11-160x160.png 160w, https:\/\/online.tvk-gaj.pl\/wp-content\/uploads\/2014\/06\/szkolaklodzka11-240x240.png 240w, https:\/\/online.tvk-gaj.pl\/wp-content\/uploads\/2014\/06\/szkolaklodzka11-60x60.png 60w, https:\/\/online.tvk-gaj.pl\/wp-content\/uploads\/2014\/06\/szkolaklodzka11-184x184.png 184w\" sizes=\"auto, (max-width: 150px) 100vw, 150px\" \/><\/a>\n\t\t\t<\/dt><\/dl><br style=\"clear: both\" \/>\n\t\t<\/div>\n\n<p>&nbsp;<\/p>\n<p>&nbsp;<\/p>\n","protected":false},"excerpt":{"rendered":"<p>Miasto rozstrzygn\u0119\u0142o konkurs na projekt nowej szko\u0142y, kt\u00f3ra za trzy lata ma zosta\u0107 uruchomiona na Gaju, w po\u0142udniowej cz\u0119\u015bci osiedla, na ulicy K\u0142odzkiej.\u00a0<\/p>\n","protected":false},"author":1,"featured_media":2487,"comment_status":"open","ping_status":"open","sticky":false,"template":"","format":"standard","meta":{"footnotes":""},"categories":[14,12],"tags":[158,112,235,232,176,278,234],"class_list":["post-2480","post","type-post","status-publish","format-standard","has-post-thumbnail","hentry","category-aktualnosci","category-artykuly","tag-budowa","tag-gaj","tag-klodzka","tag-nowa-szkola","tag-przedszkole","tag-szkola-na-klodzkiej","tag-szkola-podstawowa"],"_links":{"self":[{"href":"https:\/\/online.tvk-gaj.pl\/index.php?rest_route=\/wp\/v2\/posts\/2480","targetHints":{"allow":["GET"]}}],"collection":[{"href":"https:\/\/online.tvk-gaj.pl\/index.php?rest_route=\/wp\/v2\/posts"}],"about":[{"href":"https:\/\/online.tvk-gaj.pl\/index.php?rest_route=\/wp\/v2\/types\/post"}],"author":[{"embeddable":true,"href":"https:\/\/online.tvk-gaj.pl\/index.php?rest_route=\/wp\/v2\/users\/1"}],"replies":[{"embeddable":true,"href":"https:\/\/online.tvk-gaj.pl\/index.php?rest_route=%2Fwp%2Fv2%2Fcomments&post=2480"}],"version-history":[{"count":4,"href":"https:\/\/online.tvk-gaj.pl\/index.php?rest_route=\/wp\/v2\/posts\/2480\/revisions"}],"predecessor-version":[{"id":2489,"href":"https:\/\/online.tvk-gaj.pl\/index.php?rest_route=\/wp\/v2\/posts\/2480\/revisions\/2489"}],"wp:featuredmedia":[{"embeddable":true,"href":"https:\/\/online.tvk-gaj.pl\/index.php?rest_route=\/wp\/v2\/media\/2487"}],"wp:attachment":[{"href":"https:\/\/online.tvk-gaj.pl\/index.php?rest_route=%2Fwp%2Fv2%2Fmedia&parent=2480"}],"wp:term":[{"taxonomy":"category","embeddable":true,"href":"https:\/\/online.tvk-gaj.pl\/index.php?rest_route=%2Fwp%2Fv2%2Fcategories&post=2480"},{"taxonomy":"post_tag","embeddable":true,"href":"https:\/\/online.tvk-gaj.pl\/index.php?rest_route=%2Fwp%2Fv2%2Ftags&post=2480"}],"curies":[{"name":"wp","href":"https:\/\/api.w.org\/{rel}","templated":true}]}}