{"id":2492,"date":"2014-06-10T18:43:54","date_gmt":"2014-06-10T16:43:54","guid":{"rendered":"http:\/\/www.tvk-gaj.pl\/~gajonline\/?p=2492"},"modified":"2014-06-10T22:52:28","modified_gmt":"2014-06-10T20:52:28","slug":"zapraszamy-na-festyn-osiedlowy-witamy-lato-na-gaju","status":"publish","type":"post","link":"https:\/\/online.tvk-gaj.pl\/?p=2492","title":{"rendered":"Zapraszamy na Festyn Osiedlowy &#8222;Witamy lato na Gaju&#8221;!"},"content":{"rendered":"<p>W imieniu Rady Osiedla GAJ serdecznie zapraszamy na Festyn &#8222;Witamy lato na Gaju&#8221;! Impreza, kt\u00f3ra oficjalnie przywita lato na Gaju, odb\u0119dzie si\u0119 w sobot\u0119, 21 czerwca na terenie Parku S\u0142onecznego. Festyn rozpocznie si\u0119 o godzinie 14, a jego program obfituje w liczne atrakcje, zar\u00f3wno dla m\u0142odszych, jak i tych starszych.\u00a0<!--more--><\/p>\n<p>&nbsp;<\/p>\n<p><strong>Festyn &#8222;Witamy lato na Gaju&#8221;<\/strong><\/p>\n<p>21 czerwca, godzina 14, Park S\u0142oneczny na Gaju!<\/p>\n<p>&nbsp;<\/p>\n<p><a href=\"http:\/\/www.tvk-gaj.pl\/~gajonline\/wp-content\/uploads\/2014\/06\/Ulotka_ostatnia-wersja.jpg\"><img loading=\"lazy\" decoding=\"async\" class=\"aligncenter size-large wp-image-2493\" src=\"http:\/\/www.tvk-gaj.pl\/~gajonline\/wp-content\/uploads\/2014\/06\/Ulotka_ostatnia-wersja-721x1024.jpg\" alt=\"Ulotka_ostatnia wersja\" width=\"721\" height=\"1024\" srcset=\"https:\/\/online.tvk-gaj.pl\/wp-content\/uploads\/2014\/06\/Ulotka_ostatnia-wersja-721x1024.jpg 721w, https:\/\/online.tvk-gaj.pl\/wp-content\/uploads\/2014\/06\/Ulotka_ostatnia-wersja-211x300.jpg 211w, https:\/\/online.tvk-gaj.pl\/wp-content\/uploads\/2014\/06\/Ulotka_ostatnia-wersja.jpg 1748w\" sizes=\"auto, (max-width: 721px) 100vw, 721px\" \/><\/a><\/p>\n<p>&nbsp;<\/p>\n<p>&nbsp;<\/p>\n<p><strong>Organizator:<\/strong> Rada Osiedla Gaj<\/p>\n<p>&nbsp;<\/p>\n<p><strong>Partnerzy:<\/strong> Firma handlowo &#8211; us\u0142ugowa Aga, Centrum Handlowe Gaj, Centrum Handlowe Ferio Gaj, Restauracja McDonald&#8217;s, Sklep Coccodrillo, Perfumeria Mada<\/p>\n<p>&nbsp;<\/p>\n<p><em>Wi\u0119cej informacji na temat festynu ju\u017c wkr\u00f3tce na naszej stronie oraz na \u00a0profilu na facebook&#8217;u!<\/em><\/p>\n<p>&nbsp;<\/p>\n<p><strong>Serdecznie zapraszamy!<\/strong><\/p>\n<p>&nbsp;<\/p>\n","protected":false},"excerpt":{"rendered":"<p>W imieniu Rady Osiedla GAJ serdecznie zapraszamy na Festyn &#8222;Witamy lato na Gaju&#8221;! Impreza, kt\u00f3ra oficjalnie przywita lato na Gaju, odb\u0119dzie si\u0119 w sobot\u0119, 21 czerwca na terenie Parku S\u0142onecznego. Festyn rozpocznie si\u0119 o godzinie 14, a jego program obfituje w liczne atrakcje, zar\u00f3wno dla m\u0142odszych, jak i tych starszych.\u00a0<\/p>\n","protected":false},"author":1,"featured_media":2498,"comment_status":"open","ping_status":"open","sticky":false,"template":"","format":"standard","meta":{"footnotes":""},"categories":[14,12],"tags":[282,279,281,280,166,128,271],"class_list":["post-2492","post","type-post","status-publish","format-standard","has-post-thumbnail","hentry","category-aktualnosci","category-artykuly","tag-festyn-na-gaju","tag-festyn-osiedla-gaj","tag-impreza-na-gaju","tag-lato","tag-osiedle-gaj","tag-park-sloneczny","tag-piknik"],"_links":{"self":[{"href":"https:\/\/online.tvk-gaj.pl\/index.php?rest_route=\/wp\/v2\/posts\/2492","targetHints":{"allow":["GET"]}}],"collection":[{"href":"https:\/\/online.tvk-gaj.pl\/index.php?rest_route=\/wp\/v2\/posts"}],"about":[{"href":"https:\/\/online.tvk-gaj.pl\/index.php?rest_route=\/wp\/v2\/types\/post"}],"author":[{"embeddable":true,"href":"https:\/\/online.tvk-gaj.pl\/index.php?rest_route=\/wp\/v2\/users\/1"}],"replies":[{"embeddable":true,"href":"https:\/\/online.tvk-gaj.pl\/index.php?rest_route=%2Fwp%2Fv2%2Fcomments&post=2492"}],"version-history":[{"count":3,"href":"https:\/\/online.tvk-gaj.pl\/index.php?rest_route=\/wp\/v2\/posts\/2492\/revisions"}],"predecessor-version":[{"id":2497,"href":"https:\/\/online.tvk-gaj.pl\/index.php?rest_route=\/wp\/v2\/posts\/2492\/revisions\/2497"}],"wp:featuredmedia":[{"embeddable":true,"href":"https:\/\/online.tvk-gaj.pl\/index.php?rest_route=\/wp\/v2\/media\/2498"}],"wp:attachment":[{"href":"https:\/\/online.tvk-gaj.pl\/index.php?rest_route=%2Fwp%2Fv2%2Fmedia&parent=2492"}],"wp:term":[{"taxonomy":"category","embeddable":true,"href":"https:\/\/online.tvk-gaj.pl\/index.php?rest_route=%2Fwp%2Fv2%2Fcategories&post=2492"},{"taxonomy":"post_tag","embeddable":true,"href":"https:\/\/online.tvk-gaj.pl\/index.php?rest_route=%2Fwp%2Fv2%2Ftags&post=2492"}],"curies":[{"name":"wp","href":"https:\/\/api.w.org\/{rel}","templated":true}]}}