{"id":2499,"date":"2014-06-14T23:03:51","date_gmt":"2014-06-14T21:03:51","guid":{"rendered":"http:\/\/www.tvk-gaj.pl\/~gajonline\/?p=2499"},"modified":"2014-06-16T22:51:11","modified_gmt":"2014-06-16T20:51:11","slug":"program-i-atrakcje-festynu-witamy-lato-na-gaju","status":"publish","type":"post","link":"https:\/\/online.tvk-gaj.pl\/?p=2499","title":{"rendered":"Program i atrakcje Festynu &#8222;Witamy lato na Gaju&#8221; [Aktualizacja 16.06]"},"content":{"rendered":"<p>Zamieszczamy szczeg\u00f3\u0142owy program festynu &#8222;Witamy lato na Gaju&#8221; oraz przedstawiamy atrakcje i wydarzenia, kt\u00f3re pojawi\u0105 si\u0119 na imprezie! Artyku\u0142 sukcesywnie aktualizowany!<!--more--><\/p>\n<p>&nbsp;<\/p>\n<p><em>W imieniu Rady Osiedla GAJ serdecznie zapraszamy na Festyn &#8222;Witamy lato na Gaju&#8221;! Impreza, kt\u00f3ra oficjalnie przywita lato na Gaju, odb\u0119dzie si\u0119 w sobot\u0119, 21 czerwca na terenie Parku S\u0142onecznego. Festyn rozpocznie si\u0119 o godzinie 14, a jego program obfituje w liczne atrakcje, zar\u00f3wno dla m\u0142odszych, jak i tych starszych.<\/em><\/p>\n<p>&nbsp;<\/p>\n<p><strong>Program Festynu &#8222;Witamy lato na Gaju&#8221; &#8211; 21 czerwca (sobota):<\/strong><\/p>\n<p>&nbsp;<\/p>\n<div style=\"color: #222222;\">\n<p>14.00 &#8211; rozpocz\u0119cie festynu,<\/p>\n<p>14.00-19.00 &#8211; turniej pi\u0142karski dla dzieci ze Szko\u0142y Podstawowej Nr 90 &#8211; boisko szkolne<\/p>\n<p>14.00-15.00 &#8211; gry i zabawy dla dzieci<\/p>\n<p>15.00-17.00 &#8211; warsztaty\u00a0artystyczne &#8211; Akwarium w Gaju &#8211; prowadz\u0105ce Ania Ga\u0142uszka i Martyna Zaradkiewicz<\/p>\n<p>17.00-18.00 &#8211; pokaz tresury ps\u00f3w<\/p>\n<p>18.00-19.30 &#8211; wyst\u0119p zespo\u0142u &#8222;My We Dwoje&#8221;<\/p>\n<p>19.30-19:45 &#8211; wr\u0119czenie nagr\u00f3d dla uczestnik\u00f3w turnieju pi\u0142karskiego<\/p>\n<p>20.00-21.30 &#8211; wyst\u0119p zespo\u0142u Fellowship<\/p>\n<p>22.00 &#8211; zako\u0144czenie festynu<\/p>\n<p>&nbsp;<\/p>\n<p><strong>Atrakcje Festynu &#8222;Witamy lato na Gaju&#8221;<\/strong><\/p>\n<p>&nbsp;<\/p>\n<p><span style=\"text-decoration: underline;\">Wyst\u0119p na \u017cywo zespo\u0142\u00f3w muzycznych<\/span>:\u00a0Na imprezie wyst\u0105pi\u0105 dwa profesjonalne zespo\u0142y muzyczne, kt\u00f3re zagraj\u0105 na \u017cywo! Na scenie pojawi\u0105 si\u0119 &#8222;My we dwoje&#8221; oraz &#8222;Fellowship&#8221;.<\/p>\n<p><span style=\"text-decoration: underline;\">Pokaz tresury ps\u00f3w<\/span>:\u00a0Podczas festynu &#8222;Witamy lato na Gaju&#8221; odb\u0119dzie si\u0119 pokaz tresury ps\u00f3w. Wyst\u0105pi szko\u0142a tresury ps\u00f3w Agility de Luks.<\/p>\n<p>&nbsp;<\/p>\n<\/div>\n<div style=\"color: #222222;\"><\/div>\n<div style=\"color: #222222;\"><\/div>\n<div style=\"color: #222222;\"><\/div>\n<div style=\"color: #222222;\"><a href=\"http:\/\/www.tvk-gaj.pl\/~gajonline\/wp-content\/uploads\/2014\/06\/Ulotka_ostatnia-wersja.jpg\"><img loading=\"lazy\" decoding=\"async\" class=\"aligncenter wp-image-2493 size-large\" src=\"http:\/\/www.tvk-gaj.pl\/~gajonline\/wp-content\/uploads\/2014\/06\/Ulotka_ostatnia-wersja-721x1024.jpg\" alt=\"Ulotka_ostatnia wersja\" width=\"721\" height=\"1024\" srcset=\"https:\/\/online.tvk-gaj.pl\/wp-content\/uploads\/2014\/06\/Ulotka_ostatnia-wersja-721x1024.jpg 721w, https:\/\/online.tvk-gaj.pl\/wp-content\/uploads\/2014\/06\/Ulotka_ostatnia-wersja-211x300.jpg 211w, https:\/\/online.tvk-gaj.pl\/wp-content\/uploads\/2014\/06\/Ulotka_ostatnia-wersja.jpg 1748w\" sizes=\"auto, (max-width: 721px) 100vw, 721px\" \/><\/a><\/div>\n<div style=\"color: #222222;\"><\/div>\n<div style=\"color: #222222;\">\n<p>&nbsp;<\/p>\n<p>&nbsp;<\/p>\n<p><strong>Organizator:<\/strong>\u00a0Rada Osiedla Gaj<\/p>\n<p>&nbsp;<\/p>\n<p><strong>Partnerzy:<\/strong>\u00a0Firma handlowo &#8211; us\u0142ugowa Aga, Centrum Handlowe Gaj, Centrum Handlowe Ferio Gaj, Restauracja McDonald&#8217;s, Sklep Coccodrillo, Perfumeria Mada<\/p>\n<p>&nbsp;<\/p>\n<p><em>Wi\u0119cej informacji na temat festynu ju\u017c wkr\u00f3tce na naszym \u00a0profilu na facebook&#8217;u!<\/em><\/p>\n<p>&nbsp;<\/p>\n<p><strong>Serdecznie zapraszamy!<\/strong><\/p>\n<p>&nbsp;<\/p>\n<\/div>\n<p>&nbsp;<\/p>\n","protected":false},"excerpt":{"rendered":"<p>Zamieszczamy szczeg\u00f3\u0142owy program festynu &#8222;Witamy lato na Gaju&#8221; oraz przedstawiamy atrakcje i wydarzenia, kt\u00f3re pojawi\u0105 si\u0119 na imprezie! Artyku\u0142 sukcesywnie aktualizowany!<\/p>\n","protected":false},"author":1,"featured_media":2498,"comment_status":"open","ping_status":"open","sticky":false,"template":"","format":"standard","meta":{"footnotes":""},"categories":[14],"tags":[270,282,283,284,112,285,280,128,286,135],"class_list":["post-2499","post","type-post","status-publish","format-standard","has-post-thumbnail","hentry","category-aktualnosci","tag-festyn","tag-festyn-na-gaju","tag-festyn-osiedlowy","tag-festyn-witamy-lato-na-gaju","tag-gaj","tag-impreza","tag-lato","tag-park-sloneczny","tag-piknij","tag-rada-osiedla-gaj"],"_links":{"self":[{"href":"https:\/\/online.tvk-gaj.pl\/index.php?rest_route=\/wp\/v2\/posts\/2499","targetHints":{"allow":["GET"]}}],"collection":[{"href":"https:\/\/online.tvk-gaj.pl\/index.php?rest_route=\/wp\/v2\/posts"}],"about":[{"href":"https:\/\/online.tvk-gaj.pl\/index.php?rest_route=\/wp\/v2\/types\/post"}],"author":[{"embeddable":true,"href":"https:\/\/online.tvk-gaj.pl\/index.php?rest_route=\/wp\/v2\/users\/1"}],"replies":[{"embeddable":true,"href":"https:\/\/online.tvk-gaj.pl\/index.php?rest_route=%2Fwp%2Fv2%2Fcomments&post=2499"}],"version-history":[{"count":8,"href":"https:\/\/online.tvk-gaj.pl\/index.php?rest_route=\/wp\/v2\/posts\/2499\/revisions"}],"predecessor-version":[{"id":2508,"href":"https:\/\/online.tvk-gaj.pl\/index.php?rest_route=\/wp\/v2\/posts\/2499\/revisions\/2508"}],"wp:featuredmedia":[{"embeddable":true,"href":"https:\/\/online.tvk-gaj.pl\/index.php?rest_route=\/wp\/v2\/media\/2498"}],"wp:attachment":[{"href":"https:\/\/online.tvk-gaj.pl\/index.php?rest_route=%2Fwp%2Fv2%2Fmedia&parent=2499"}],"wp:term":[{"taxonomy":"category","embeddable":true,"href":"https:\/\/online.tvk-gaj.pl\/index.php?rest_route=%2Fwp%2Fv2%2Fcategories&post=2499"},{"taxonomy":"post_tag","embeddable":true,"href":"https:\/\/online.tvk-gaj.pl\/index.php?rest_route=%2Fwp%2Fv2%2Ftags&post=2499"}],"curies":[{"name":"wp","href":"https:\/\/api.w.org\/{rel}","templated":true}]}}