{"id":2509,"date":"2014-06-17T21:25:45","date_gmt":"2014-06-17T19:25:45","guid":{"rendered":"http:\/\/www.tvk-gaj.pl\/~gajonline\/?p=2509"},"modified":"2014-06-17T21:28:48","modified_gmt":"2014-06-17T19:28:48","slug":"procesja-bozego-ciala-informacja-o-utrudnieniach-w-ruchu-drogowym","status":"publish","type":"post","link":"https:\/\/online.tvk-gaj.pl\/?p=2509","title":{"rendered":"Procesja Bo\u017cego Cia\u0142a &#8211; informacja o utrudnieniach w ruchu drogowym"},"content":{"rendered":"<p>W czwartek, 19 czerwca, obchodzimy\u00a0uroczysto\u015b\u0107 Naj\u015bwi\u0119tszego Cia\u0142a i Krwi Pa\u0144skiej, popularnie zwane Bo\u017cym Cia\u0142em. W zwi\u0105zku z obchodami tego dnia, ulicami osiedla przejd\u0105 dwie procesje. Informujemy o trasie oraz godzinach procesji oraz zwi\u0105zanych z nimi utrudnieniach w ruchu drogowym na osiedlu i w jego najbli\u017cszej okolicy.\u00a0<!--more--><\/p>\n<p>&nbsp;<\/p>\n<p><strong>Parafia \u015aw. Franciszka z Asy\u017cu<\/strong><\/p>\n<p>W Ko\u015bciele pw. \u015awi\u0119tego Franciszka z Asy\u017cu przy ulicy Borowskiej centralna Msza \u015awi\u0119ta odb\u0119dzie si\u0119 o godz. 16:00. Po Eucharystii o godz.16:50 rozpocznie si\u0119 procesja do czterech o\u0142tarzy.<\/p>\n<p>I O\u0142tarz \u2013 ul. Jab\u0142eczna<\/p>\n<p>II o\u0142tarz \u2013 ul. Orzechowa<\/p>\n<p>III o\u0142tarz \u2013 r\u00f3g Niemcza\u0144skiej i ul. \u015awieradowskiej<\/p>\n<p>IV o\u0142tarz \u2013 ul. \u015awieradowska<\/p>\n<p>Trasa procesji przebiega\u0107 wi\u0119c b\u0119dzie ulicami Jab\u0142eczn\u0105, Orzechow\u0105, \u015awieradowsk\u0105 oraz Borowsk\u0105. Utrudnienia w ruchu trwa\u0107 b\u0119d\u0105 od godziny 16:45 do ok. 18:30.<\/p>\n<p>&nbsp;<\/p>\n<p><strong>Parafia \u015aw. Ducha<\/strong><\/p>\n<p>&nbsp;<\/p>\n<p>W Ko\u015bciele pw. \u015awi\u0119tego Ducha przy ul. Bardzkiej Centralna Msza \u015awi\u0119ta odb\u0119dze si\u0119 o godz. 09:30<\/p>\n<p>W tym roku procesja przejdzie ul. Bardzk\u0105, Krynick\u0105, Armii Krajowej oraz Bardzk\u0105. Utrudnienia w ruchu potrwaj\u0105 od godziny 10 do godziny 12.<\/p>\n<p>&nbsp;<\/p>\n<p>&nbsp;<\/p>\n<p>&nbsp;<\/p>\n","protected":false},"excerpt":{"rendered":"<p>W czwartek, 19 czerwca, obchodzimy\u00a0uroczysto\u015b\u0107 Naj\u015bwi\u0119tszego Cia\u0142a i Krwi Pa\u0144skiej, popularnie zwane Bo\u017cym Cia\u0142em. W zwi\u0105zku z obchodami tego dnia, ulicami osiedla przejd\u0105 dwie procesje. Informujemy o trasie oraz godzinach procesji oraz zwi\u0105zanych z nimi utrudnieniach w ruchu drogowym na osiedlu i w jego najbli\u017cszej okolicy.\u00a0<\/p>\n","protected":false},"author":1,"featured_media":2510,"comment_status":"open","ping_status":"open","sticky":false,"template":"","format":"standard","meta":{"footnotes":""},"categories":[14],"tags":[288,112,290,190,289,287,291],"class_list":["post-2509","post","type-post","status-publish","format-standard","has-post-thumbnail","hentry","category-aktualnosci","tag-boze-cialo","tag-gaj","tag-parafia-sw-franciszka","tag-parafia-swietego-franciszka-z-asyzu","tag-procesja","tag-procesja-bozego-ciala","tag-utrudnienia-w-ruchu-drogowym"],"_links":{"self":[{"href":"https:\/\/online.tvk-gaj.pl\/index.php?rest_route=\/wp\/v2\/posts\/2509","targetHints":{"allow":["GET"]}}],"collection":[{"href":"https:\/\/online.tvk-gaj.pl\/index.php?rest_route=\/wp\/v2\/posts"}],"about":[{"href":"https:\/\/online.tvk-gaj.pl\/index.php?rest_route=\/wp\/v2\/types\/post"}],"author":[{"embeddable":true,"href":"https:\/\/online.tvk-gaj.pl\/index.php?rest_route=\/wp\/v2\/users\/1"}],"replies":[{"embeddable":true,"href":"https:\/\/online.tvk-gaj.pl\/index.php?rest_route=%2Fwp%2Fv2%2Fcomments&post=2509"}],"version-history":[{"count":3,"href":"https:\/\/online.tvk-gaj.pl\/index.php?rest_route=\/wp\/v2\/posts\/2509\/revisions"}],"predecessor-version":[{"id":2513,"href":"https:\/\/online.tvk-gaj.pl\/index.php?rest_route=\/wp\/v2\/posts\/2509\/revisions\/2513"}],"wp:featuredmedia":[{"embeddable":true,"href":"https:\/\/online.tvk-gaj.pl\/index.php?rest_route=\/wp\/v2\/media\/2510"}],"wp:attachment":[{"href":"https:\/\/online.tvk-gaj.pl\/index.php?rest_route=%2Fwp%2Fv2%2Fmedia&parent=2509"}],"wp:term":[{"taxonomy":"category","embeddable":true,"href":"https:\/\/online.tvk-gaj.pl\/index.php?rest_route=%2Fwp%2Fv2%2Fcategories&post=2509"},{"taxonomy":"post_tag","embeddable":true,"href":"https:\/\/online.tvk-gaj.pl\/index.php?rest_route=%2Fwp%2Fv2%2Ftags&post=2509"}],"curies":[{"name":"wp","href":"https:\/\/api.w.org\/{rel}","templated":true}]}}