{"id":255,"date":"2012-10-14T19:20:15","date_gmt":"2012-10-14T17:20:15","guid":{"rendered":"http:\/\/www.gaj-osiedle.wroclaw.pl\/?p=255"},"modified":"2013-05-31T11:48:04","modified_gmt":"2013-05-31T09:48:04","slug":"nowe-miejsca-parkingowe-przy-ul-jablecznej","status":"publish","type":"post","link":"https:\/\/online.tvk-gaj.pl\/?p=255","title":{"rendered":"Nowe miejsca parkingowe przy ul. Jab\u0142ecznej"},"content":{"rendered":"<p>Jab\u0142eczna wzbogaci si\u0119 o nowe miejsca parkingowe. 10 pa\u017adziernika ruszy\u0142a budowa parkingu na wysoko\u015bci ulicy Jab\u0142ecznej 7-15, w stron\u0119 Ko\u015bcio\u0142a \u015aw. Franciszka z Asy\u017cu. <!--more-->Wydzielenie z teren\u00f3w zielonych i utwardzenie miejsc postojowych dla samochod\u00f3w wzd\u0142u\u017c bram przy ul. Jab\u0142ecznej 7-15 \u00a0realizowane jest przez Wsp\u00f3lnot\u0119 Mieszkaniow\u0105 Jab\u0142eczna 7-13. Prace powinny zosta\u0107 uko\u0144czone w po\u0142owie pa\u017adziernika b.r.<\/p>\n<p>&nbsp;<\/p>\n<p><img loading=\"lazy\" decoding=\"async\" class=\" wp-image-1270 alignleft\" alt=\"2013-05-30 16.47.16-1\" src=\"http:\/\/www.tvk-gaj.pl\/~gajonline\/wp-content\/uploads\/2012\/10\/2013-05-30-16.47.16-1.jpg\" width=\"979\" height=\"734\" srcset=\"https:\/\/online.tvk-gaj.pl\/wp-content\/uploads\/2012\/10\/2013-05-30-16.47.16-1.jpg 1632w, https:\/\/online.tvk-gaj.pl\/wp-content\/uploads\/2012\/10\/2013-05-30-16.47.16-1-300x225.jpg 300w, https:\/\/online.tvk-gaj.pl\/wp-content\/uploads\/2012\/10\/2013-05-30-16.47.16-1-1024x768.jpg 1024w\" sizes=\"auto, (max-width: 979px) 100vw, 979px\" \/><\/p>\n<p>&nbsp;<\/p>\n<p>[AKTUALIZACJA] Parking zosta\u0142 uko\u0144czony w listopadzie 2012r.<\/p>\n<p>&nbsp;<\/p>\n","protected":false},"excerpt":{"rendered":"<p>Jab\u0142eczna wzbogaci si\u0119 o nowe miejsca parkingowe. 10 pa\u017adziernika ruszy\u0142a budowa parkingu na wysoko\u015bci ulicy Jab\u0142ecznej 7-15, w stron\u0119 Ko\u015bcio\u0142a \u015aw. Franciszka z Asy\u017cu.<\/p>\n","protected":false},"author":1,"featured_media":1270,"comment_status":"open","ping_status":"open","sticky":false,"template":"","format":"standard","meta":{"footnotes":""},"categories":[12],"tags":[21],"class_list":["post-255","post","type-post","status-publish","format-standard","has-post-thumbnail","hentry","category-artykuly","tag-jableczna-parking-miejsca-postojowe-parkingowe"],"_links":{"self":[{"href":"https:\/\/online.tvk-gaj.pl\/index.php?rest_route=\/wp\/v2\/posts\/255","targetHints":{"allow":["GET"]}}],"collection":[{"href":"https:\/\/online.tvk-gaj.pl\/index.php?rest_route=\/wp\/v2\/posts"}],"about":[{"href":"https:\/\/online.tvk-gaj.pl\/index.php?rest_route=\/wp\/v2\/types\/post"}],"author":[{"embeddable":true,"href":"https:\/\/online.tvk-gaj.pl\/index.php?rest_route=\/wp\/v2\/users\/1"}],"replies":[{"embeddable":true,"href":"https:\/\/online.tvk-gaj.pl\/index.php?rest_route=%2Fwp%2Fv2%2Fcomments&post=255"}],"version-history":[{"count":13,"href":"https:\/\/online.tvk-gaj.pl\/index.php?rest_route=\/wp\/v2\/posts\/255\/revisions"}],"predecessor-version":[{"id":1272,"href":"https:\/\/online.tvk-gaj.pl\/index.php?rest_route=\/wp\/v2\/posts\/255\/revisions\/1272"}],"wp:featuredmedia":[{"embeddable":true,"href":"https:\/\/online.tvk-gaj.pl\/index.php?rest_route=\/wp\/v2\/media\/1270"}],"wp:attachment":[{"href":"https:\/\/online.tvk-gaj.pl\/index.php?rest_route=%2Fwp%2Fv2%2Fmedia&parent=255"}],"wp:term":[{"taxonomy":"category","embeddable":true,"href":"https:\/\/online.tvk-gaj.pl\/index.php?rest_route=%2Fwp%2Fv2%2Fcategories&post=255"},{"taxonomy":"post_tag","embeddable":true,"href":"https:\/\/online.tvk-gaj.pl\/index.php?rest_route=%2Fwp%2Fv2%2Ftags&post=255"}],"curies":[{"name":"wp","href":"https:\/\/api.w.org\/{rel}","templated":true}]}}