{"id":275,"date":"2012-10-25T11:23:43","date_gmt":"2012-10-25T09:23:43","guid":{"rendered":"http:\/\/www.gaj-osiedle.wroclaw.pl\/?p=275"},"modified":"2013-01-12T14:48:18","modified_gmt":"2013-01-12T13:48:18","slug":"otwarcie-domu-kultury-przy-krynickiej-4a","status":"publish","type":"post","link":"https:\/\/online.tvk-gaj.pl\/?p=275","title":{"rendered":"Otwarcie Domu Kultury przy Krynickiej 4a."},"content":{"rendered":"<p>W dniu 17 pa\u017adziernika w budynku administracji Sp\u00f3\u0142dzielni Mieszkaniowej Wroc\u0142aw Po\u0142udnie przy ul. Krynickiej 4a odby\u0142o si\u0119 uroczyste otwarcie filii Domu Kultury. Zapraszamy do relacja z otwarcia plac\u00f3wki, kt\u00f3ra budzi tyle nadziei, co i w\u0105tpliwo\u015bci.\u00a0<!--more--><\/p>\n<p>W dniu 17 pa\u017adziernika w budynku administracji Sp\u00f3\u0142dzielni Mieszkaniowej Wroc\u0142aw Po\u0142udnie odby\u0142o si\u0119 uroczyste otwarcie filii Domu Kultury. Domu jednak nie nastawionego na wszystkich, bo zamkni\u0119tego dla og\u00f3\u0142u mieszka\u0144c\u00f3w, a otwartego dla nielicznych. Dzia\u0142alno\u015b\u0107 kulturalna prowadzona w nowo otwartej plac\u00f3wce przez Fundacj\u0119 &#8222;Dla Dobrych Dzie\u0142&#8221; oraz Stowarzyszenie &#8222;Sp\u00f3\u0142dzielczy Dom&#8221; ograniczona jest tylko dla mieszka\u0144c\u00f3w Sp\u00f3\u0142dzielni. Co to oznacza? W praktyce, \u017ce obiekt usytuowany na naszym Osiedlu b\u0119dzie dost\u0119pny tylko dla nielicznych mieszka\u0144c\u00f3w Gaju, cz\u0142onk\u00f3w wspomnianej Sp\u00f3\u0142dzielni. Dom Kultury, instytucja z za\u0142o\u017cenia prospo\u0142eczna, jest wi\u0119c tylko dla wybranych. R\u00f3wnie\u017c sama oferta instytucji wydaje si\u0119 enigmatyczna i nigdzie nie dost\u0119pna. Na otwarciu wspominano m.in. o wspieraniu mieszka\u0144c\u00f3w w sprz\u0119t ortopedyczny. Dzi\u015b brak informacji o tym, jak i pe\u0142nej ofercie kulturalnej. Tym bardziej dziwi wi\u0119c niejasna sytuacja Domu. Nie uda\u0142o nam si\u0119 uzyska\u0107 r\u00f3wnie\u017c odpowiedzi na pytania mieszka\u0144c\u00f3w ulicy Krynickiej. Kto pokryje koszty dzia\u0142alno\u015bci plac\u00f3wki? W my\u015bl zapis\u00f3w ani fundacja ani stowarzyszenie nie prowadz\u0105 dzia\u0142alno\u015bci gospodarczej. Pojawiaj\u0105 si\u0119 wi\u0119c w\u0105tpliwo\u015bci co do legalno\u015bci dzia\u0142alno\u015bci i braku pe\u0142nej informacji publicznej. Tymczasem pozostaje nam liczy\u0107 na wi\u0119ksz\u0105 otwarto\u015b\u0107 Domu Kultury i wyja\u015bnienie w\u0105tpliwo\u015bci zwi\u0105zanych z jego dzia\u0142alno\u015bci\u0105.<\/p>\n<p>Zapraszamy do kr\u00f3tkiej fotorelacji z otwarcia.<\/p>\n<p>[nggallery id=9]<\/p>\n<p>&nbsp;<\/p>\n<p>&nbsp;<\/p>\n<p>&nbsp;<\/p>\n","protected":false},"excerpt":{"rendered":"<p>W dniu 17 pa\u017adziernika w budynku administracji Sp\u00f3\u0142dzielni Mieszkaniowej Wroc\u0142aw Po\u0142udnie przy ul. Krynickiej 4a odby\u0142o si\u0119 uroczyste otwarcie filii Domu Kultury. Zapraszamy do relacja z otwarcia plac\u00f3wki, kt\u00f3ra budzi tyle nadziei, co i w\u0105tpliwo\u015bci.\u00a0<\/p>\n","protected":false},"author":1,"featured_media":277,"comment_status":"open","ping_status":"open","sticky":false,"template":"","format":"standard","meta":{"footnotes":""},"categories":[12],"tags":[23],"class_list":["post-275","post","type-post","status-publish","format-standard","has-post-thumbnail","hentry","category-artykuly","tag-dom-kultury-spoldzielnia-mieszkaniowa-wroclaw-poludnie-gaj-krynicka"],"_links":{"self":[{"href":"https:\/\/online.tvk-gaj.pl\/index.php?rest_route=\/wp\/v2\/posts\/275","targetHints":{"allow":["GET"]}}],"collection":[{"href":"https:\/\/online.tvk-gaj.pl\/index.php?rest_route=\/wp\/v2\/posts"}],"about":[{"href":"https:\/\/online.tvk-gaj.pl\/index.php?rest_route=\/wp\/v2\/types\/post"}],"author":[{"embeddable":true,"href":"https:\/\/online.tvk-gaj.pl\/index.php?rest_route=\/wp\/v2\/users\/1"}],"replies":[{"embeddable":true,"href":"https:\/\/online.tvk-gaj.pl\/index.php?rest_route=%2Fwp%2Fv2%2Fcomments&post=275"}],"version-history":[{"count":9,"href":"https:\/\/online.tvk-gaj.pl\/index.php?rest_route=\/wp\/v2\/posts\/275\/revisions"}],"predecessor-version":[{"id":545,"href":"https:\/\/online.tvk-gaj.pl\/index.php?rest_route=\/wp\/v2\/posts\/275\/revisions\/545"}],"wp:featuredmedia":[{"embeddable":true,"href":"https:\/\/online.tvk-gaj.pl\/index.php?rest_route=\/wp\/v2\/media\/277"}],"wp:attachment":[{"href":"https:\/\/online.tvk-gaj.pl\/index.php?rest_route=%2Fwp%2Fv2%2Fmedia&parent=275"}],"wp:term":[{"taxonomy":"category","embeddable":true,"href":"https:\/\/online.tvk-gaj.pl\/index.php?rest_route=%2Fwp%2Fv2%2Fcategories&post=275"},{"taxonomy":"post_tag","embeddable":true,"href":"https:\/\/online.tvk-gaj.pl\/index.php?rest_route=%2Fwp%2Fv2%2Ftags&post=275"}],"curies":[{"name":"wp","href":"https:\/\/api.w.org\/{rel}","templated":true}]}}