{"id":2917,"date":"2014-06-23T16:40:32","date_gmt":"2014-06-23T14:40:32","guid":{"rendered":"http:\/\/www.tvk-gaj.pl\/~gajonline\/?p=2917"},"modified":"2014-06-23T21:28:37","modified_gmt":"2014-06-23T19:28:37","slug":"galeria-zdjec-oraz-podsumowanie-festynu-osiedlowego-witamy-lato-na-gaju","status":"publish","type":"post","link":"https:\/\/online.tvk-gaj.pl\/?p=2917","title":{"rendered":"Galeria zdj\u0119\u0107 oraz podsumowanie Festynu osiedlowego &#8222;Witamy lato na Gaju&#8221;"},"content":{"rendered":"<p>Za nami tegoroczny festyn Osiedla Gaj. W sobot\u0119, 21 czerwca, Gaj bawi\u0142 si\u0119 na festynie &#8222;Witamy lato na Gaju&#8221;, zorganizowanym przez Rad\u0119 Osiedla Gaj. Zapraszamy do obszernej galerii zdj\u0119\u0107 oraz kr\u00f3tkiego podsumowania imprezy.<!--more--><\/p>\n<p>&nbsp;<\/p>\n<p>W sobot\u0119, 21 czerwca, na terenie Parku S\u0142onecznego odby\u0142 si\u0119 tradycyjny festyn osiedlowy, kt\u00f3ry rozpocz\u0105\u0142, w formie wsp\u00f3lnej zabawy, tegoroczne lato. Impreza, trwaj\u0105ca od godziny 14 do 22 obfitowa\u0142a w atrakcje, gry, zabawy i niezwyk\u0142\u0105 atmosfer\u0119 wsp\u00f3lnej zabawy w Parku S\u0142onecznym.<\/p>\n<p>&nbsp;<\/p>\n<p><a href=\"http:\/\/www.tvk-gaj.pl\/~gajonline\/wp-content\/uploads\/2014\/06\/Ulotka_ostatnia-wersja.jpg\"><img loading=\"lazy\" decoding=\"async\" class=\"aligncenter wp-image-2493 size-medium\" src=\"http:\/\/www.tvk-gaj.pl\/~gajonline\/wp-content\/uploads\/2014\/06\/Ulotka_ostatnia-wersja-211x300.jpg\" alt=\"Ulotka_ostatnia wersja\" width=\"211\" height=\"300\" srcset=\"https:\/\/online.tvk-gaj.pl\/wp-content\/uploads\/2014\/06\/Ulotka_ostatnia-wersja-211x300.jpg 211w, https:\/\/online.tvk-gaj.pl\/wp-content\/uploads\/2014\/06\/Ulotka_ostatnia-wersja-721x1024.jpg 721w, https:\/\/online.tvk-gaj.pl\/wp-content\/uploads\/2014\/06\/Ulotka_ostatnia-wersja.jpg 1748w\" sizes=\"auto, (max-width: 211px) 100vw, 211px\" \/><\/a><\/p>\n<p>&nbsp;<\/p>\n<p><strong>W\u015br\u00f3d licznych punkt\u00f3w programu festynu pojawi\u0142y si\u0119:<\/strong><\/p>\n<p>&nbsp;<\/p>\n<p>&#8211; wielka scena, a na niej &#8211; muzyka na \u017cywo. Na scenie pojawi\u0142y si\u0119 zespo\u0142y &#8222;My we dwoje&#8221; oraz &#8222;Fellowship&#8221;<\/p>\n<p>&#8211; oprawa muzyczna DJ Andrzeja Nawrota<\/p>\n<p>&#8211; turniej pi\u0142karski dla dzieci. Turniej poprowadzi\u0142 Trener Osiedlowy Jarek Szyde\u0142ko. Turniej wsp\u00f3\u0142organizowa\u0142 Uczniowski Osiedlowy Klub Pi\u0142karski Silesia Wroc\u0142aw Gaj<\/p>\n<p>&#8211; gry i zabawy dla najm\u0142odszych, w tym: stoiska do malowania twarzy, konkursy \u015bpiewu i ta\u0144ca<\/p>\n<p>&#8211; nagrody dla dzieci za udzia\u0142 w turnieju pi\u0142karskim oraz konkursach ufundowane przez Rad\u0119 Osiedla Gaj oraz sponsor\u00f3w<\/p>\n<p>&#8211; warsztaty artystyczne dla dzieci &#8222;Akwarium na Gaju&#8221;, prowadzone przez animatorki kultury Ani\u0119 Ga\u0142uszk\u0119 i Martyn\u0119 Zaradkiewicz<\/p>\n<p>&#8211; wyst\u0119p grupy tanecznej prezentuj\u0105cej taniec Tai Chi<\/p>\n<p>&#8211; losowanie makija\u017cu artystycznego przeprowadzone w\u015br\u00f3d uczestnik\u00f3w festynu przez Klaudi\u0119 Pytlarz<\/p>\n<p>&#8211; loteri\u0119 fantow\u0105 zorganizowan\u0105 dla dzieci przez sklep &#8222;Aga&#8221; z ulicy Orzechowej<\/p>\n<p>&#8211;\u00a0pokaz tresury ps\u00f3w. Wyst\u0105pi\u0142a szko\u0142a tresury ps\u00f3w Agility de Luks<\/p>\n<p>&#8211; symulator wypadku samochodowego i alko-gogle &#8211; prezentacj\u0119 i pokazy przeprowadzi\u0142 Wojew\u00f3dzki O\u015brodek Ruchu Drogowego we Wroc\u0142awiu<\/p>\n<p>&#8211; znakowanie rower\u00f3w przeprowadzone przez Komisariat Policji Wroc\u0142aw-Krzyki<\/p>\n<p>&#8211; stoiska firmowe i promocyjne: Bank PKO BP VII Oddzia\u0142 we Wroc\u0142awiu, Bank PekaO S.A. z ul. \u015awieradowskiej, Sklep &#8222;Aga&#8221; z ul. Orzechowej, sklep Cayenne z Centrum Handlowego Gaj<\/p>\n<p>&#8211; stoisko informacyjne Rady Osiedla Gaj<\/p>\n<p>&#8211; tort dla wszystkich uczestnik\u00f3w festynu, ufundowany i przygotowany przez\u00a0Cukierni\u0119 Kr\u00f3lewsk\u0105<\/p>\n<p>&#8211; grill bar, stoisko z wat\u0105 cukrow\u0105, goframi, popcornem i innymi smako\u0142ykami.<\/p>\n<p>&nbsp;<\/p>\n<p>Festyn zako\u0144czy\u0142 si\u0119 o godzinie 22. Podczas imprezy pojawi\u0142o si\u0119 bardzo wielu mieszka\u0144c\u00f3w osiedla, w szczeg\u00f3lno\u015bci dzieci i m\u0142odzie\u017cy, razem tworz\u0105c niezapomniany klimat i dobr\u0105 zabaw\u0119!<\/p>\n<p>&nbsp;<\/p>\n<p>Serdecznie dzi\u0119kujemy wszystkim za wsp\u00f3ln\u0105 zabaw\u0119!<\/p>\n<p>&nbsp;<\/p>\n<p>&nbsp;<\/p>\n<p>Szczeg\u00f3lne podzi\u0119kowania sk\u0142adamy sponsorom:\u00a0\u00a0<em>Firma handlowo \u2013 us\u0142ugowa Aga, Centrum Handlowe Gaj, Centrum Handlowe Ferio Gaj, Restauracja McDonald\u2019s, Sklep Coccodrillo, Perfumeria Mada<\/em><\/p>\n<p>&nbsp;<\/p>\n<p><strong>GALERIA ZDJ\u0118\u0106<\/strong><\/p>\n<p>&nbsp;<\/p>\n<p><img decoding=\"async\" class=\"ngg_displayed_gallery mceItem\" src=\"http:\/\/www.tvk-gaj.pl\/~gajonline\/index.php\/nextgen-attach_to_post\/preview\/id--2919\" alt=\"\" \/><\/p>\n<p>&nbsp;<\/p>\n<p>&nbsp;<\/p>\n<p>&nbsp;<\/p>\n<p>&nbsp;<\/p>\n<p>&nbsp;<\/p>\n<p>&nbsp;<\/p>\n","protected":false},"excerpt":{"rendered":"<p>Za nami tegoroczny festyn Osiedla Gaj. W sobot\u0119, 21 czerwca, Gaj bawi\u0142 si\u0119 na festynie &#8222;Witamy lato na Gaju&#8221;, zorganizowanym przez Rad\u0119 Osiedla Gaj. Zapraszamy do obszernej galerii zdj\u0119\u0107 oraz kr\u00f3tkiego podsumowania imprezy.<\/p>\n","protected":false},"author":1,"featured_media":2918,"comment_status":"open","ping_status":"open","sticky":false,"template":"","format":"standard","meta":{"footnotes":""},"categories":[14,12],"tags":[270,279,284,293,112,295,292,294,296],"class_list":["post-2917","post","type-post","status-publish","format-standard","has-post-thumbnail","hentry","category-aktualnosci","category-artykuly","tag-festyn","tag-festyn-osiedla-gaj","tag-festyn-witamy-lato-na-gaju","tag-fotorelacja","tag-gaj","tag-galeria-zdjec","tag-rada-osiedla-2","tag-relacja","tag-zdjecia-z-festynu-na-gaju"],"_links":{"self":[{"href":"https:\/\/online.tvk-gaj.pl\/index.php?rest_route=\/wp\/v2\/posts\/2917","targetHints":{"allow":["GET"]}}],"collection":[{"href":"https:\/\/online.tvk-gaj.pl\/index.php?rest_route=\/wp\/v2\/posts"}],"about":[{"href":"https:\/\/online.tvk-gaj.pl\/index.php?rest_route=\/wp\/v2\/types\/post"}],"author":[{"embeddable":true,"href":"https:\/\/online.tvk-gaj.pl\/index.php?rest_route=\/wp\/v2\/users\/1"}],"replies":[{"embeddable":true,"href":"https:\/\/online.tvk-gaj.pl\/index.php?rest_route=%2Fwp%2Fv2%2Fcomments&post=2917"}],"version-history":[{"count":7,"href":"https:\/\/online.tvk-gaj.pl\/index.php?rest_route=\/wp\/v2\/posts\/2917\/revisions"}],"predecessor-version":[{"id":2926,"href":"https:\/\/online.tvk-gaj.pl\/index.php?rest_route=\/wp\/v2\/posts\/2917\/revisions\/2926"}],"wp:featuredmedia":[{"embeddable":true,"href":"https:\/\/online.tvk-gaj.pl\/index.php?rest_route=\/wp\/v2\/media\/2918"}],"wp:attachment":[{"href":"https:\/\/online.tvk-gaj.pl\/index.php?rest_route=%2Fwp%2Fv2%2Fmedia&parent=2917"}],"wp:term":[{"taxonomy":"category","embeddable":true,"href":"https:\/\/online.tvk-gaj.pl\/index.php?rest_route=%2Fwp%2Fv2%2Fcategories&post=2917"},{"taxonomy":"post_tag","embeddable":true,"href":"https:\/\/online.tvk-gaj.pl\/index.php?rest_route=%2Fwp%2Fv2%2Ftags&post=2917"}],"curies":[{"name":"wp","href":"https:\/\/api.w.org\/{rel}","templated":true}]}}