{"id":2928,"date":"2014-06-27T11:56:06","date_gmt":"2014-06-27T09:56:06","guid":{"rendered":"http:\/\/www.tvk-gaj.pl\/~gajonline\/?p=2928"},"modified":"2014-06-27T12:03:22","modified_gmt":"2014-06-27T10:03:22","slug":"dzis-zakonczenie-roku-szkolnego","status":"publish","type":"post","link":"https:\/\/online.tvk-gaj.pl\/?p=2928","title":{"rendered":"Dzi\u015b zako\u0144czenie roku szkolnego"},"content":{"rendered":"<p>Dzi\u015b zako\u0144czenie roku szkolnego 2013\/2014. W zwi\u0105zku z tym podnios\u0142ym w \u017cyciu ka\u017cdego ucznia wydarzeniem Redakcja GajOnline oraz Rada Osiedla Gaj \u017cyczy wszystkim uczniom, studentom oraz kadrze pedagogicznej, pe\u0142nych s\u0142o\u0144ca, zabawy i wypoczynku wakacji. Wypoczywajcie zdrowo i bezpiecznie!<!--more--><\/p>\n<p>&nbsp;<\/p>\n<p>Na terenie Gaju znajduj\u0105 si\u0119 dwie szko\u0142y: Szko\u0142a Podstawowa Nr 90 im. prof. St. To\u0142py przy ul. Orzechowej 62 oraz Gimnazjum Nr 25 im. W. Kopali\u0144skiego przy ul. Orzechowej 62. Kilka tysi\u0119cy dzieci i m\u0142odzie\u017cy ucz\u0119szczaj\u0105cej do tych plac\u00f3wek rozpocz\u0119\u0142o dzi\u015b wakacje. Za trzy lata grono to powi\u0119kszy si\u0119, a to za spraw\u0105 maj\u0105cej powsta\u0107 na po\u0142udniu osiedla nowego zespo\u0142u szkolno-przedszkolnego, o kt\u00f3rym pisali\u015bmy <a title=\"Za trzy lata nowa szko\u0142a wraz z przedszkolem na Gaju. Tak b\u0119dzie wygl\u0105da\u0107.\" href=\"http:\/\/www.tvk-gaj.pl\/~gajonline\/?p=2480\">tutaj<\/a>.<\/p>\n<p>Wszystkim uczniom gratulujemy trud\u00f3w ca\u0142orocznej nauki oraz zwi\u0105zanych z tym wynik\u00f3w edukacyjnych. Nauczycielom i pracownikom szko\u0142y dzi\u0119kujemy za\u015b za ci\u0119\u017ck\u0105 i sumienn\u0105 prac\u0119.<\/p>\n<p>W zwi\u0105zku z tym, Rada Osiedla Gaj oraz GajOnline \u017cycz\u0105 zdrowych i pe\u0142nych s\u0142o\u0144ca oraz rado\u015bci wakacji.<\/p>\n<p>Do zobaczenia we wrze\u015bniu;)<\/p>\n<p>&nbsp;<\/p>\n<p>PS. \u017byczenia sukces\u00f3w na sesji i udanych, d\u0142u\u017cszych\u00a0wakacji \u017cyczymy te\u017c wszystkim studentom mieszkaj\u0105cym na Gaju:)<br \/>\nZ serdecznymi pozdrowieniami<br \/>\nPiotr Nawrotek<br \/>\nRedaktor Naczelny GajOnline<br \/>\noraz<br \/>\nAdam Wojtaszewski,<br \/>\nPrzewodnicz\u0105cy Rady Osiedla GAJ.<\/p>\n<p>&nbsp;<\/p>\n","protected":false},"excerpt":{"rendered":"<p>Dzi\u015b zako\u0144czenie roku szkolnego 2013\/2014. W zwi\u0105zku z tym podnios\u0142ym w \u017cyciu ka\u017cdego ucznia wydarzeniem Redakcja GajOnline oraz Rada Osiedla Gaj \u017cyczy wszystkim uczniom, studentom oraz kadrze pedagogicznej, pe\u0142nych s\u0142o\u0144ca, zabawy i wypoczynku wakacji. Wypoczywajcie zdrowo i bezpiecznie!<\/p>\n","protected":false},"author":1,"featured_media":1330,"comment_status":"open","ping_status":"open","sticky":false,"template":"","format":"standard","meta":{"footnotes":""},"categories":[14],"tags":[112,299,218,298,120,300,297],"class_list":["post-2928","post","type-post","status-publish","format-standard","has-post-thumbnail","hentry","category-aktualnosci","tag-gaj","tag-gimnazjum-nr-25","tag-orzechowa","tag-rok-szkolny-20132014","tag-szkola-podstawowa-nr-90","tag-szkoly","tag-zakonczeni-roku-szkolnego"],"_links":{"self":[{"href":"https:\/\/online.tvk-gaj.pl\/index.php?rest_route=\/wp\/v2\/posts\/2928","targetHints":{"allow":["GET"]}}],"collection":[{"href":"https:\/\/online.tvk-gaj.pl\/index.php?rest_route=\/wp\/v2\/posts"}],"about":[{"href":"https:\/\/online.tvk-gaj.pl\/index.php?rest_route=\/wp\/v2\/types\/post"}],"author":[{"embeddable":true,"href":"https:\/\/online.tvk-gaj.pl\/index.php?rest_route=\/wp\/v2\/users\/1"}],"replies":[{"embeddable":true,"href":"https:\/\/online.tvk-gaj.pl\/index.php?rest_route=%2Fwp%2Fv2%2Fcomments&post=2928"}],"version-history":[{"count":4,"href":"https:\/\/online.tvk-gaj.pl\/index.php?rest_route=\/wp\/v2\/posts\/2928\/revisions"}],"predecessor-version":[{"id":2932,"href":"https:\/\/online.tvk-gaj.pl\/index.php?rest_route=\/wp\/v2\/posts\/2928\/revisions\/2932"}],"wp:featuredmedia":[{"embeddable":true,"href":"https:\/\/online.tvk-gaj.pl\/index.php?rest_route=\/wp\/v2\/media\/1330"}],"wp:attachment":[{"href":"https:\/\/online.tvk-gaj.pl\/index.php?rest_route=%2Fwp%2Fv2%2Fmedia&parent=2928"}],"wp:term":[{"taxonomy":"category","embeddable":true,"href":"https:\/\/online.tvk-gaj.pl\/index.php?rest_route=%2Fwp%2Fv2%2Fcategories&post=2928"},{"taxonomy":"post_tag","embeddable":true,"href":"https:\/\/online.tvk-gaj.pl\/index.php?rest_route=%2Fwp%2Fv2%2Ftags&post=2928"}],"curies":[{"name":"wp","href":"https:\/\/api.w.org\/{rel}","templated":true}]}}