{"id":2933,"date":"2014-07-03T21:40:49","date_gmt":"2014-07-03T19:40:49","guid":{"rendered":"http:\/\/www.tvk-gaj.pl\/~gajonline\/?p=2933"},"modified":"2014-07-03T21:45:55","modified_gmt":"2014-07-03T19:45:55","slug":"mieszkancy-maja-pomysl-na-wzgorze-gajowe-czy-znajda-sie-pieniadze","status":"publish","type":"post","link":"https:\/\/online.tvk-gaj.pl\/?p=2933","title":{"rendered":"Mieszka\u0144cy maj\u0105 pomys\u0142 na wzg\u00f3rze Gajowe. Czy znajd\u0105 si\u0119 pieni\u0105dze?"},"content":{"rendered":"<p>Dyskusja na temat mo\u017cliwo\u015bci zagospodarowania wzg\u00f3rza gajowego trwa od lat, niejednokrotnie rozpalaj\u0105c wyobra\u017ani\u0119 tw\u00f3rc\u00f3w wielu ciekawych pomys\u0142\u00f3w. Zapraszamy do lektury artyku\u0142u, kt\u00f3ry na pocz\u0105tku lipca ukaza\u0142 si\u0119 w Gazecie Wroc\u0142awskiej.\u00a0<!--more--><\/p>\n<p>&nbsp;<\/p>\n<p><strong><span style=\"color: #000000;\">Teren pozostaje niezagospodarowany, cho\u0107 mieszka\u0144cy maj\u0105 pomys\u0142y na rekreacj\u0119. Wroc\u0142awski magistrat rozk\u0142ada r\u0119ce: nie ma pieni\u0119dzy. <\/span><\/strong><\/p>\n<p>&nbsp;<\/p>\n<p><span style=\"color: #000000;\">Wzg\u00f3rze Gajowe po\u0142o\u017cone nieopodal cmentarza przy ul. Bardzkiej, zwane przez niekt\u00f3rych z\u0142o\u015bliwie Wysypem, mo\u017ce sta\u0107 si\u0119 miejscem rekreacji i rozrywki. Tego chc\u0105 mieszka\u0144cy okolicznych budynk\u00f3w. Z przeprowadzonego badania wynika, \u017ce ponad 40 proc. chce, by na wzg\u00f3rzu Gajowym by\u0142 park, 36 proc. marzy o \u015bcie\u017ckach do biegania, 29 proc. widzi tam si\u0142owni\u0119 na \u015bwie\u017cym powietrzu, a po ok. 25 proc. wskazuje tor do jazdy na rolkach, plac zabaw i sztuczny stok narciarski, o kt\u00f3rym w tym miejscu by\u0142o kiedy\u015b g\u0142o\u015bno, ale pomys\u0142 upad\u0142. <\/span><\/p>\n<p><span style=\"color: #000000;\">Sk\u0105d takie dane? Cz\u0142onkowie partii Tw\u00f3j Ruch z Wroc\u0142awia przepytali oko\u0142o 100 os\u00f3b przy skrzy\u017cowaniu ul. Bardzkiej i al. Armii Krajowej. Sama inicjatywa wysz\u0142a jednak od mieszka\u0144c\u00f3w. &#8211; Wzg\u00f3rze jest do\u015b\u0107 strome, zim\u0105 dzieci zje\u017cd\u017caj\u0105 tam na sankach. Przyda\u0142oby si\u0119 ogrodzi\u0107 teren, wytyczy\u0107 \u015bcie\u017cki rowerowe, zrobi\u0107 \u0142awki i postawi\u0107 kosze na \u015bmieci &#8211; wylicza mieszkaj\u0105ca w pobli\u017cu Karolina Marczuk. <\/span><\/p>\n<p>&nbsp;<\/p>\n<p><strong><span style=\"color: #000000;\">Co spotka\u0142o inne wzg\u00f3rza? <\/span><\/strong><\/p>\n<p><span style=\"color: #000000;\">Jak miasto zagospodarowa\u0142o podobne miejsca? Znikn\u0119\u0142o wzg\u00f3rze Miko\u0142ajskie mi\u0119dzy ul. Legnick\u0105, Bolkowsk\u0105, centrum Magnolia i dworcem PKP Miko\u0142aj\u00f3w. Wyr\u00f3wnano teren i przeznaczono go na cele budowlane. W tym roku mia\u0142 by\u0107 tam gotowy kompleks o\u015bmiu biurowc\u00f3w Business Garden Wroc\u0142aw, ale dopiero w kwietniu sp\u00f3\u0142ka Swede Center uzyska\u0142a pozwolenie na budow\u0119. Rozpocznie si\u0119 ona w tym roku. W ramach pierwszego etapu inwestycji powstan\u0105 trzy budynki o powierzchni 37 tys. mkw. <\/span><\/p>\n<p><span style=\"color: #000000;\">Na cz\u0119\u015bci wzg\u00f3rza Andersa przy ul. Borowskiej stan\u0105\u0142 aquapark. Maj\u0105 tam jeszcze powsta\u0107 przeszkody do uprawiania parkouru (bieg po\u0142\u0105czony z pokonywaniem przeszk\u00f3d). To projekt zakwalifikowany do Wroc\u0142awskiego Bud\u017cetu Obywatelskiego. <\/span><\/p>\n<p><span style=\"color: #000000;\">Z kolei wzg\u00f3rze Polskie, czyli dawny Bastion Ceglarski przy Muzeum Narodowym i Panoramie Rac\u0142awickiej, zosta\u0142o wyremontowane za 2,2 mln z\u0142 z miejskiego bud\u017cetu. Inwestorami by\u0142y Zarz\u0105d Zieleni Miejskiej i Zarz\u0105d Dr\u00f3g i Utrzymania Miasta. To reprezentatywne miejsce i pewnie dlatego pieni\u0105dze si\u0119 znalaz\u0142y. <\/span><\/p>\n<p><span style=\"color: #000000;\">Wzg\u00f3rze Gajowe nie ma tyle szcz\u0119\u015bcia. W Wieloletnim Planie Inwestycyjnym nie ma o nim s\u0142owa. &#8211; Wst\u0119pnych plan\u00f3w na zagospodarowanie wzg\u00f3rza mamy bardzo du\u017co, ale nie ma \u017cadnych koncepcji i projekt\u00f3w. Wszystko zale\u017cy od finans\u00f3w, jakie przyzna nam miasto, ale na razie pieni\u0119dzy jest ma\u0142o i s\u0105 one przeznaczane na pilniejsze potrzeby &#8211; m\u00f3wi Teresa Choroszy-Mini-kowska, kierownik Dzia\u0142u Inwestycji i Remont\u00f3w ZZM. <\/span><\/p>\n<p><span style=\"color: #000000;\">Co mog\u0142oby powsta\u0107 w tym miejscu? Jak m\u00f3wi\u0105 w ZZM, prawdopodobnie tereny zielone &#8211; \u015bcie\u017cki zdrowia, si\u0142ownie, ziele\u0144. Czy korzystne by\u0142oby zbudowanie w tym miejscu budynk\u00f3w mieszkalnych czy biurowc\u00f3w, jak na miejscu wzg\u00f3rza Miko\u0142ajskiego? Zdaniem Miros\u0142awa Juszczaka, eksperta rynku nieruchomo\u015bci, jest to \u015bwietna lokalizacja na tak\u0105 inwestycj\u0119, o ile b\u0119dzie to zgodne z powstaj\u0105cym planem zagospodarowania. <\/span><\/p>\n<p><span style=\"color: #000000;\">Jednocze\u015bnie zauwa\u017ca, \u017ce parki i ziele\u0144 te\u017c s\u0105 potrzebne. &#8211; Nie wolno popada\u0107 w skrajno\u015bci. Ludzie musz\u0105 mie\u0107 miejsce na spacer &#8211; m\u00f3wi Miros\u0142aw Juszczak. Magistrat informowa\u0142 o stworzeniu na wzg\u00f3rzu Gajowym krytego stoku narciarskiego, ale od pocz\u0105tku zak\u0142adano, \u017ce miasto nie wyda na stok ani z\u0142ot\u00f3wki. Liczono, \u017ce prywatny inwestor wybuduje obiekt, a potem b\u0119dzie zarabia\u0142 na biletach. \u017badna firma si\u0119 jednak nie pojawi\u0142a i nic nie wskazuje na to, by taka inwestycja mia\u0142a by\u0107 zrealizowana. <\/span><\/p>\n<p>&nbsp;<\/p>\n<p><strong><span style=\"color: #000000;\">Wysypisko gruzu<\/span><\/strong><\/p>\n<p><span style=\"color: #000000;\"> W miejscu wzg\u00f3rza Gajowego istnia\u0142 podczas I wojny \u015bwiatowej ob\u00f3z dla je\u0144c\u00f3w francuskich, a do lat 30. fabryka nawoz\u00f3w Silesia. Od 1933 r. dzia\u0142a\u0142 tu ob\u00f3z koncentracyjny KZ D\u00fcrr-goy. Niemcy wi\u0119zili w nim tysi\u0105c socjaldemokrat\u00f3w, komunist\u00f3w i \u017byd\u00f3w. <\/span><\/p>\n<p><span style=\"color: #000000;\">Pod naciskiem opinii publicznej ob\u00f3z zlikwidowano po kilku miesi\u0105cach. Wi\u0119\u017ani\u00f3w przesiedlono do obozu w Saksonii, a baraki przeznaczono dla bezdomnych. Wzg\u00f3rze powsta\u0142o po II wojnie \u015bwiatowej z gruzu po zburzonych budynkach. W latach 70. zwo\u017cono tu te\u017c odpady komunalne. Teraz rosn\u0105 krzaki i trawa.<\/span><br style=\"color: #000000;\" \/><br style=\"color: #000000;\" \/><\/p>\n<p>&nbsp;<\/p>\n<p><strong>Zobacz wzg\u00f3rze gajowe<\/strong><\/p>\n<p>&nbsp;<\/p>\n\n\t\t<style type=\"text\/css\">\n\t\t\t#gallery-1 {\n\t\t\t\tmargin: auto;\n\t\t\t}\n\t\t\t#gallery-1 .gallery-item {\n\t\t\t\tfloat: left;\n\t\t\t\tmargin-top: 10px;\n\t\t\t\ttext-align: center;\n\t\t\t\twidth: 20%;\n\t\t\t}\n\t\t\t#gallery-1 img {\n\t\t\t\tborder: 2px solid #cfcfcf;\n\t\t\t}\n\t\t\t#gallery-1 .gallery-caption {\n\t\t\t\tmargin-left: 0;\n\t\t\t}\n\t\t\t\/* see gallery_shortcode() in wp-includes\/media.php *\/\n\t\t<\/style>\n\t\t<div id='gallery-1' class='gallery galleryid-2933 gallery-columns-5 gallery-size-thumbnail'><dl class='gallery-item'>\n\t\t\t<dt class='gallery-icon landscape'>\n\t\t\t\t<a href='https:\/\/online.tvk-gaj.pl\/wp-content\/uploads\/2014\/07\/DSC00011.jpg'><img loading=\"lazy\" decoding=\"async\" width=\"150\" height=\"150\" src=\"https:\/\/online.tvk-gaj.pl\/wp-content\/uploads\/2014\/07\/DSC00011-150x150.jpg\" class=\"attachment-thumbnail size-thumbnail\" alt=\"\" srcset=\"https:\/\/online.tvk-gaj.pl\/wp-content\/uploads\/2014\/07\/DSC00011-150x150.jpg 150w, https:\/\/online.tvk-gaj.pl\/wp-content\/uploads\/2014\/07\/DSC00011-160x160.jpg 160w, https:\/\/online.tvk-gaj.pl\/wp-content\/uploads\/2014\/07\/DSC00011-240x240.jpg 240w, https:\/\/online.tvk-gaj.pl\/wp-content\/uploads\/2014\/07\/DSC00011-60x60.jpg 60w, https:\/\/online.tvk-gaj.pl\/wp-content\/uploads\/2014\/07\/DSC00011-184x184.jpg 184w\" sizes=\"auto, (max-width: 150px) 100vw, 150px\" \/><\/a>\n\t\t\t<\/dt><\/dl><dl class='gallery-item'>\n\t\t\t<dt class='gallery-icon landscape'>\n\t\t\t\t<a href='https:\/\/online.tvk-gaj.pl\/wp-content\/uploads\/2014\/07\/DSC00020.jpg'><img loading=\"lazy\" decoding=\"async\" width=\"150\" height=\"150\" src=\"https:\/\/online.tvk-gaj.pl\/wp-content\/uploads\/2014\/07\/DSC00020-150x150.jpg\" class=\"attachment-thumbnail size-thumbnail\" alt=\"\" srcset=\"https:\/\/online.tvk-gaj.pl\/wp-content\/uploads\/2014\/07\/DSC00020-150x150.jpg 150w, https:\/\/online.tvk-gaj.pl\/wp-content\/uploads\/2014\/07\/DSC00020-160x160.jpg 160w, https:\/\/online.tvk-gaj.pl\/wp-content\/uploads\/2014\/07\/DSC00020-240x240.jpg 240w, https:\/\/online.tvk-gaj.pl\/wp-content\/uploads\/2014\/07\/DSC00020-60x60.jpg 60w, https:\/\/online.tvk-gaj.pl\/wp-content\/uploads\/2014\/07\/DSC00020-184x184.jpg 184w\" sizes=\"auto, (max-width: 150px) 100vw, 150px\" \/><\/a>\n\t\t\t<\/dt><\/dl><dl class='gallery-item'>\n\t\t\t<dt class='gallery-icon landscape'>\n\t\t\t\t<a href='https:\/\/online.tvk-gaj.pl\/wp-content\/uploads\/2014\/07\/DSC00024.jpg'><img loading=\"lazy\" decoding=\"async\" width=\"150\" height=\"150\" src=\"https:\/\/online.tvk-gaj.pl\/wp-content\/uploads\/2014\/07\/DSC00024-150x150.jpg\" class=\"attachment-thumbnail size-thumbnail\" alt=\"\" srcset=\"https:\/\/online.tvk-gaj.pl\/wp-content\/uploads\/2014\/07\/DSC00024-150x150.jpg 150w, https:\/\/online.tvk-gaj.pl\/wp-content\/uploads\/2014\/07\/DSC00024-160x160.jpg 160w, https:\/\/online.tvk-gaj.pl\/wp-content\/uploads\/2014\/07\/DSC00024-240x240.jpg 240w, https:\/\/online.tvk-gaj.pl\/wp-content\/uploads\/2014\/07\/DSC00024-60x60.jpg 60w, https:\/\/online.tvk-gaj.pl\/wp-content\/uploads\/2014\/07\/DSC00024-184x184.jpg 184w\" sizes=\"auto, (max-width: 150px) 100vw, 150px\" \/><\/a>\n\t\t\t<\/dt><\/dl><dl class='gallery-item'>\n\t\t\t<dt class='gallery-icon landscape'>\n\t\t\t\t<a href='https:\/\/online.tvk-gaj.pl\/wp-content\/uploads\/2014\/07\/DSC00030.jpg'><img loading=\"lazy\" decoding=\"async\" width=\"150\" height=\"150\" src=\"https:\/\/online.tvk-gaj.pl\/wp-content\/uploads\/2014\/07\/DSC00030-150x150.jpg\" class=\"attachment-thumbnail size-thumbnail\" alt=\"\" srcset=\"https:\/\/online.tvk-gaj.pl\/wp-content\/uploads\/2014\/07\/DSC00030-150x150.jpg 150w, https:\/\/online.tvk-gaj.pl\/wp-content\/uploads\/2014\/07\/DSC00030-160x160.jpg 160w, https:\/\/online.tvk-gaj.pl\/wp-content\/uploads\/2014\/07\/DSC00030-240x240.jpg 240w, https:\/\/online.tvk-gaj.pl\/wp-content\/uploads\/2014\/07\/DSC00030-60x60.jpg 60w, https:\/\/online.tvk-gaj.pl\/wp-content\/uploads\/2014\/07\/DSC00030-184x184.jpg 184w\" sizes=\"auto, (max-width: 150px) 100vw, 150px\" \/><\/a>\n\t\t\t<\/dt><\/dl><dl class='gallery-item'>\n\t\t\t<dt class='gallery-icon landscape'>\n\t\t\t\t<a href='https:\/\/online.tvk-gaj.pl\/wp-content\/uploads\/2014\/07\/DSC00031.jpg'><img loading=\"lazy\" decoding=\"async\" width=\"150\" height=\"150\" src=\"https:\/\/online.tvk-gaj.pl\/wp-content\/uploads\/2014\/07\/DSC00031-150x150.jpg\" class=\"attachment-thumbnail size-thumbnail\" alt=\"\" srcset=\"https:\/\/online.tvk-gaj.pl\/wp-content\/uploads\/2014\/07\/DSC00031-150x150.jpg 150w, https:\/\/online.tvk-gaj.pl\/wp-content\/uploads\/2014\/07\/DSC00031-160x160.jpg 160w, https:\/\/online.tvk-gaj.pl\/wp-content\/uploads\/2014\/07\/DSC00031-240x240.jpg 240w, https:\/\/online.tvk-gaj.pl\/wp-content\/uploads\/2014\/07\/DSC00031-60x60.jpg 60w, https:\/\/online.tvk-gaj.pl\/wp-content\/uploads\/2014\/07\/DSC00031-184x184.jpg 184w\" sizes=\"auto, (max-width: 150px) 100vw, 150px\" \/><\/a>\n\t\t\t<\/dt><\/dl><br style=\"clear: both\" \/><dl class='gallery-item'>\n\t\t\t<dt class='gallery-icon landscape'>\n\t\t\t\t<a href='https:\/\/online.tvk-gaj.pl\/wp-content\/uploads\/2014\/07\/DSC00032.jpg'><img loading=\"lazy\" decoding=\"async\" width=\"150\" height=\"150\" src=\"https:\/\/online.tvk-gaj.pl\/wp-content\/uploads\/2014\/07\/DSC00032-150x150.jpg\" class=\"attachment-thumbnail size-thumbnail\" alt=\"\" srcset=\"https:\/\/online.tvk-gaj.pl\/wp-content\/uploads\/2014\/07\/DSC00032-150x150.jpg 150w, https:\/\/online.tvk-gaj.pl\/wp-content\/uploads\/2014\/07\/DSC00032-160x160.jpg 160w, https:\/\/online.tvk-gaj.pl\/wp-content\/uploads\/2014\/07\/DSC00032-240x240.jpg 240w, https:\/\/online.tvk-gaj.pl\/wp-content\/uploads\/2014\/07\/DSC00032-60x60.jpg 60w, https:\/\/online.tvk-gaj.pl\/wp-content\/uploads\/2014\/07\/DSC00032-184x184.jpg 184w\" sizes=\"auto, (max-width: 150px) 100vw, 150px\" \/><\/a>\n\t\t\t<\/dt><\/dl><dl class='gallery-item'>\n\t\t\t<dt class='gallery-icon landscape'>\n\t\t\t\t<a href='https:\/\/online.tvk-gaj.pl\/wp-content\/uploads\/2014\/07\/DSC00034.jpg'><img loading=\"lazy\" decoding=\"async\" width=\"150\" height=\"150\" src=\"https:\/\/online.tvk-gaj.pl\/wp-content\/uploads\/2014\/07\/DSC00034-150x150.jpg\" class=\"attachment-thumbnail size-thumbnail\" alt=\"\" srcset=\"https:\/\/online.tvk-gaj.pl\/wp-content\/uploads\/2014\/07\/DSC00034-150x150.jpg 150w, https:\/\/online.tvk-gaj.pl\/wp-content\/uploads\/2014\/07\/DSC00034-160x160.jpg 160w, https:\/\/online.tvk-gaj.pl\/wp-content\/uploads\/2014\/07\/DSC00034-240x240.jpg 240w, https:\/\/online.tvk-gaj.pl\/wp-content\/uploads\/2014\/07\/DSC00034-60x60.jpg 60w, https:\/\/online.tvk-gaj.pl\/wp-content\/uploads\/2014\/07\/DSC00034-184x184.jpg 184w\" sizes=\"auto, (max-width: 150px) 100vw, 150px\" \/><\/a>\n\t\t\t<\/dt><\/dl><dl class='gallery-item'>\n\t\t\t<dt class='gallery-icon landscape'>\n\t\t\t\t<a href='https:\/\/online.tvk-gaj.pl\/wp-content\/uploads\/2014\/07\/DSC00453.jpg'><img loading=\"lazy\" decoding=\"async\" width=\"150\" height=\"150\" src=\"https:\/\/online.tvk-gaj.pl\/wp-content\/uploads\/2014\/07\/DSC00453-150x150.jpg\" class=\"attachment-thumbnail size-thumbnail\" alt=\"\" srcset=\"https:\/\/online.tvk-gaj.pl\/wp-content\/uploads\/2014\/07\/DSC00453-150x150.jpg 150w, https:\/\/online.tvk-gaj.pl\/wp-content\/uploads\/2014\/07\/DSC00453-160x160.jpg 160w, https:\/\/online.tvk-gaj.pl\/wp-content\/uploads\/2014\/07\/DSC00453-240x240.jpg 240w, https:\/\/online.tvk-gaj.pl\/wp-content\/uploads\/2014\/07\/DSC00453-60x60.jpg 60w, https:\/\/online.tvk-gaj.pl\/wp-content\/uploads\/2014\/07\/DSC00453-184x184.jpg 184w\" sizes=\"auto, (max-width: 150px) 100vw, 150px\" \/><\/a>\n\t\t\t<\/dt><\/dl><dl class='gallery-item'>\n\t\t\t<dt class='gallery-icon landscape'>\n\t\t\t\t<a href='https:\/\/online.tvk-gaj.pl\/wp-content\/uploads\/2014\/07\/DSC00457.jpg'><img loading=\"lazy\" decoding=\"async\" width=\"150\" height=\"150\" src=\"https:\/\/online.tvk-gaj.pl\/wp-content\/uploads\/2014\/07\/DSC00457-150x150.jpg\" class=\"attachment-thumbnail size-thumbnail\" alt=\"\" srcset=\"https:\/\/online.tvk-gaj.pl\/wp-content\/uploads\/2014\/07\/DSC00457-150x150.jpg 150w, https:\/\/online.tvk-gaj.pl\/wp-content\/uploads\/2014\/07\/DSC00457-160x160.jpg 160w, https:\/\/online.tvk-gaj.pl\/wp-content\/uploads\/2014\/07\/DSC00457-240x240.jpg 240w, https:\/\/online.tvk-gaj.pl\/wp-content\/uploads\/2014\/07\/DSC00457-60x60.jpg 60w, https:\/\/online.tvk-gaj.pl\/wp-content\/uploads\/2014\/07\/DSC00457-184x184.jpg 184w\" sizes=\"auto, (max-width: 150px) 100vw, 150px\" \/><\/a>\n\t\t\t<\/dt><\/dl><dl class='gallery-item'>\n\t\t\t<dt class='gallery-icon landscape'>\n\t\t\t\t<a href='https:\/\/online.tvk-gaj.pl\/wp-content\/uploads\/2014\/07\/DSC004581.jpg'><img loading=\"lazy\" decoding=\"async\" width=\"150\" height=\"150\" src=\"https:\/\/online.tvk-gaj.pl\/wp-content\/uploads\/2014\/07\/DSC004581-150x150.jpg\" class=\"attachment-thumbnail size-thumbnail\" alt=\"\" srcset=\"https:\/\/online.tvk-gaj.pl\/wp-content\/uploads\/2014\/07\/DSC004581-150x150.jpg 150w, https:\/\/online.tvk-gaj.pl\/wp-content\/uploads\/2014\/07\/DSC004581-160x160.jpg 160w, https:\/\/online.tvk-gaj.pl\/wp-content\/uploads\/2014\/07\/DSC004581-240x240.jpg 240w, https:\/\/online.tvk-gaj.pl\/wp-content\/uploads\/2014\/07\/DSC004581-60x60.jpg 60w, https:\/\/online.tvk-gaj.pl\/wp-content\/uploads\/2014\/07\/DSC004581-184x184.jpg 184w\" sizes=\"auto, (max-width: 150px) 100vw, 150px\" \/><\/a>\n\t\t\t<\/dt><\/dl><br style=\"clear: both\" \/>\n\t\t<\/div>\n\n<p>&nbsp;<\/p>\n<p>&nbsp;<\/p>\n<div class='et-learn-more clearfix'>\n\t\t\t\t\t<h3 class='heading-more'>\u0179r\u00f3d\u0142o<span class='et_learnmore_arrow'><span><\/span><\/span><\/h3>\n\t\t\t\t\t<div class='learn-more-content'>Autor: Weronika Skupin Data publikacji: 02.07.2014 \u0179r\u00f3d\u0142o: http:\/\/www.gazetawroclawska.pl\/artykul\/3492511,mieszkancy-maja-pomysl-na-wzgorze-gajowe-czy-znajda-sie-pieniadze,id,t.html<\/div>\n\t\t\t\t<\/div>\n<p>&nbsp;<\/p>\n","protected":false},"excerpt":{"rendered":"<p>Dyskusja na temat mo\u017cliwo\u015bci zagospodarowania wzg\u00f3rza gajowego trwa od lat, niejednokrotnie rozpalaj\u0105c wyobra\u017ani\u0119 tw\u00f3rc\u00f3w wielu ciekawych pomys\u0142\u00f3w. Zapraszamy do lektury artyku\u0142u, kt\u00f3ry na pocz\u0105tku lipca ukaza\u0142 si\u0119 w Gazecie Wroc\u0142awskiej.\u00a0<\/p>\n","protected":false},"author":1,"featured_media":2934,"comment_status":"open","ping_status":"open","sticky":false,"template":"","format":"standard","meta":{"footnotes":""},"categories":[14,12],"tags":[112,303,304,305,302,301],"class_list":["post-2933","post","type-post","status-publish","format-standard","has-post-thumbnail","hentry","category-aktualnosci","category-artykuly","tag-gaj","tag-gorka-gajowa","tag-plany","tag-pomysly","tag-wysyp","tag-wzgorze-gajowe"],"_links":{"self":[{"href":"https:\/\/online.tvk-gaj.pl\/index.php?rest_route=\/wp\/v2\/posts\/2933","targetHints":{"allow":["GET"]}}],"collection":[{"href":"https:\/\/online.tvk-gaj.pl\/index.php?rest_route=\/wp\/v2\/posts"}],"about":[{"href":"https:\/\/online.tvk-gaj.pl\/index.php?rest_route=\/wp\/v2\/types\/post"}],"author":[{"embeddable":true,"href":"https:\/\/online.tvk-gaj.pl\/index.php?rest_route=\/wp\/v2\/users\/1"}],"replies":[{"embeddable":true,"href":"https:\/\/online.tvk-gaj.pl\/index.php?rest_route=%2Fwp%2Fv2%2Fcomments&post=2933"}],"version-history":[{"count":4,"href":"https:\/\/online.tvk-gaj.pl\/index.php?rest_route=\/wp\/v2\/posts\/2933\/revisions"}],"predecessor-version":[{"id":2948,"href":"https:\/\/online.tvk-gaj.pl\/index.php?rest_route=\/wp\/v2\/posts\/2933\/revisions\/2948"}],"wp:featuredmedia":[{"embeddable":true,"href":"https:\/\/online.tvk-gaj.pl\/index.php?rest_route=\/wp\/v2\/media\/2934"}],"wp:attachment":[{"href":"https:\/\/online.tvk-gaj.pl\/index.php?rest_route=%2Fwp%2Fv2%2Fmedia&parent=2933"}],"wp:term":[{"taxonomy":"category","embeddable":true,"href":"https:\/\/online.tvk-gaj.pl\/index.php?rest_route=%2Fwp%2Fv2%2Fcategories&post=2933"},{"taxonomy":"post_tag","embeddable":true,"href":"https:\/\/online.tvk-gaj.pl\/index.php?rest_route=%2Fwp%2Fv2%2Ftags&post=2933"}],"curies":[{"name":"wp","href":"https:\/\/api.w.org\/{rel}","templated":true}]}}