{"id":2950,"date":"2014-07-06T13:59:55","date_gmt":"2014-07-06T11:59:55","guid":{"rendered":"http:\/\/www.tvk-gaj.pl\/~gajonline\/?p=2950"},"modified":"2014-07-06T13:59:55","modified_gmt":"2014-07-06T11:59:55","slug":"znamy-date-otwarcia-lidla-przy-borowskiej","status":"publish","type":"post","link":"https:\/\/online.tvk-gaj.pl\/?p=2950","title":{"rendered":"Znamy dat\u0119 otwarcia Lidla przy Borowskiej"},"content":{"rendered":"<p>Nowy Lidl przy skrzy\u017cowaniu ul. Borowskiej z Armii Krajowej jest ju\u017c prawie gotowy. W \u015brodku trwaj\u0105 obecnie prace wyko\u0144czeniowe oraz uk\u0142adanie towaru. Znamy termin oficjalnego otwarcia sklepu.<!--more--><\/p>\n<p>W czerwcu 2013r. na dzia\u0142ce\u00a0\u00a0przy ul. Borowskiej, mi\u0119dzy jednostk\u0105 stra\u017cy po\u017carnej, a stacj\u0105 benzynow\u0105, rozpocz\u0119\u0142o si\u0119 wyburzanie starych budynk\u00f3w oraz oczyszczanie terenu.\u00a0Teren nie m\u00f3g\u0142 poszczyci\u0107 si\u0119 wyj\u0105tkow\u0105 estetyk\u0105 zagospodarowania przestrzeni, w zwi\u0105zku z czym prace wyburzeniowe nie wywo\u0142a\u0142y u okolicznych mieszka\u0144c\u00f3w i pracownik\u00f3w pobliskich firm szczeg\u00f3lnego poruszenia. Co prawda skar\u017cono si\u0119 na kurz, natomiast prace nie powodowa\u0142y wi\u0119kszego dyskomfortu ni\u017c normalne funkcjonowanie du\u017cego skrzy\u017cowania ulic Borowskiej i Armii Krajowej.<\/p>\n<p>Do niedawna w miejscu\u00a0mi\u0119dzy Komend\u0105 Wojew\u00f3dzk\u0105 Pa\u0144stwowej Stra\u017cy Po\u017carnej, a stacj\u0105 benzynow\u0105 Lukoil swoj\u0105 siedzib\u0119 mia\u0142a m.in. sp\u00f3\u0142dzielnia pracy wyrob\u00f3w chemicznych i gumowych \u201eIzopren\u201d. Przed wojn\u0105 mie\u015bci\u0142a si\u0119 tam fabryka papy.\u00a0Latem ubieg\u0142ego roku budynki zr\u00f3wnano z ziemi\u0105.<\/p>\n<p>Teren kupi\u0142a jedna z najpopularniejszych w Polsce sieci dyskont\u00f3w &#8211; niemiecka sie\u0107 sklep\u00f3w Lidl.<\/p>\n<p>Inwestor, firma HCS 2, zaplanowa\u0142a postawienie dwukondygnacyjnego budynku handlowo &#8211; us\u0142ugowego.<\/p>\n<p>Na parterze znajdzie si\u0119 sklep &#8211; niemiecki dyskont spo\u017cywczy Lidl. Na pi\u0119trze za\u015b udost\u0119pnione zostan\u0105 powierzchnie biurowe i us\u0142ugowe. \u0141\u0105czna powierzchnia cz\u0119\u015bci biurowej wynosi 560 m2.<\/p>\n<p>Nowy Lidl znajduje si\u0119 tu\u017c przy stacji benzynowej Lukoil. Z terenu stacji b\u0119dzie mo\u017cna wjecha\u0107 na parking sklepu. Wjazd b\u0119dzie te\u017c dost\u0119pny od ulicy Borowskiej.<\/p>\n<p>Dotychczas, aby zrobi\u0107 zakupy w sieci Lidl musieli si\u0119 przejecha\u0107 na ulic\u0119 Hubsk\u0105, gdzie znajduje si\u0119 kolejny market tej sieci.<\/p>\n<p>Obecnie na miejscu wykonawca \u00a0prowadzi prace wyko\u0144czeniowe na przylegaj\u0105cym do sklepu parkingu. Jednym z wymog\u00f3w sieci Lidl jest zapewnienie odpowiednio du\u017cego parkingu dla klient\u00f3w. Ten przy Borowskiej dysponowa\u0107 b\u0119dzie ponad setk\u0105 miejsc postojowych.<\/p>\n<p>&nbsp;<\/p>\n<p><strong>Wed\u0142ug najnowszych informacji otwarcie nast\u0105pi 17 lipca 2014 r.<\/strong><\/p>\n<p>&nbsp;<\/p>\n\n\t\t<style type=\"text\/css\">\n\t\t\t#gallery-1 {\n\t\t\t\tmargin: auto;\n\t\t\t}\n\t\t\t#gallery-1 .gallery-item {\n\t\t\t\tfloat: left;\n\t\t\t\tmargin-top: 10px;\n\t\t\t\ttext-align: center;\n\t\t\t\twidth: 33%;\n\t\t\t}\n\t\t\t#gallery-1 img {\n\t\t\t\tborder: 2px solid #cfcfcf;\n\t\t\t}\n\t\t\t#gallery-1 .gallery-caption {\n\t\t\t\tmargin-left: 0;\n\t\t\t}\n\t\t\t\/* see gallery_shortcode() in wp-includes\/media.php *\/\n\t\t<\/style>\n\t\t<div id='gallery-1' class='gallery galleryid-2950 gallery-columns-3 gallery-size-thumbnail'><dl class='gallery-item'>\n\t\t\t<dt class='gallery-icon landscape'>\n\t\t\t\t<a href='https:\/\/online.tvk-gaj.pl\/wp-content\/uploads\/2014\/07\/2014-06-15-20.05.09.jpg'><img loading=\"lazy\" decoding=\"async\" width=\"150\" height=\"150\" src=\"https:\/\/online.tvk-gaj.pl\/wp-content\/uploads\/2014\/07\/2014-06-15-20.05.09-150x150.jpg\" class=\"attachment-thumbnail size-thumbnail\" alt=\"\" srcset=\"https:\/\/online.tvk-gaj.pl\/wp-content\/uploads\/2014\/07\/2014-06-15-20.05.09-150x150.jpg 150w, https:\/\/online.tvk-gaj.pl\/wp-content\/uploads\/2014\/07\/2014-06-15-20.05.09-160x160.jpg 160w, https:\/\/online.tvk-gaj.pl\/wp-content\/uploads\/2014\/07\/2014-06-15-20.05.09-240x240.jpg 240w, https:\/\/online.tvk-gaj.pl\/wp-content\/uploads\/2014\/07\/2014-06-15-20.05.09-60x60.jpg 60w, https:\/\/online.tvk-gaj.pl\/wp-content\/uploads\/2014\/07\/2014-06-15-20.05.09-184x184.jpg 184w\" sizes=\"auto, (max-width: 150px) 100vw, 150px\" \/><\/a>\n\t\t\t<\/dt><\/dl><dl class='gallery-item'>\n\t\t\t<dt class='gallery-icon landscape'>\n\t\t\t\t<a href='https:\/\/online.tvk-gaj.pl\/wp-content\/uploads\/2013\/11\/2013-11-08-11.47.35.jpg'><img loading=\"lazy\" decoding=\"async\" width=\"150\" height=\"150\" src=\"https:\/\/online.tvk-gaj.pl\/wp-content\/uploads\/2013\/11\/2013-11-08-11.47.35-150x150.jpg\" class=\"attachment-thumbnail size-thumbnail\" alt=\"\" srcset=\"https:\/\/online.tvk-gaj.pl\/wp-content\/uploads\/2013\/11\/2013-11-08-11.47.35-150x150.jpg 150w, https:\/\/online.tvk-gaj.pl\/wp-content\/uploads\/2013\/11\/2013-11-08-11.47.35-160x160.jpg 160w, https:\/\/online.tvk-gaj.pl\/wp-content\/uploads\/2013\/11\/2013-11-08-11.47.35-240x240.jpg 240w, https:\/\/online.tvk-gaj.pl\/wp-content\/uploads\/2013\/11\/2013-11-08-11.47.35-60x60.jpg 60w, https:\/\/online.tvk-gaj.pl\/wp-content\/uploads\/2013\/11\/2013-11-08-11.47.35-184x184.jpg 184w\" sizes=\"auto, (max-width: 150px) 100vw, 150px\" \/><\/a>\n\t\t\t<\/dt><\/dl><dl class='gallery-item'>\n\t\t\t<dt class='gallery-icon landscape'>\n\t\t\t\t<a href='https:\/\/online.tvk-gaj.pl\/wp-content\/uploads\/2013\/10\/borowska_fotopolska.jpg'><img loading=\"lazy\" decoding=\"async\" width=\"150\" height=\"150\" src=\"https:\/\/online.tvk-gaj.pl\/wp-content\/uploads\/2013\/10\/borowska_fotopolska-150x150.jpg\" class=\"attachment-thumbnail size-thumbnail\" alt=\"\" srcset=\"https:\/\/online.tvk-gaj.pl\/wp-content\/uploads\/2013\/10\/borowska_fotopolska-150x150.jpg 150w, https:\/\/online.tvk-gaj.pl\/wp-content\/uploads\/2013\/10\/borowska_fotopolska-160x160.jpg 160w, https:\/\/online.tvk-gaj.pl\/wp-content\/uploads\/2013\/10\/borowska_fotopolska-240x240.jpg 240w, https:\/\/online.tvk-gaj.pl\/wp-content\/uploads\/2013\/10\/borowska_fotopolska-60x60.jpg 60w, https:\/\/online.tvk-gaj.pl\/wp-content\/uploads\/2013\/10\/borowska_fotopolska-184x184.jpg 184w\" sizes=\"auto, (max-width: 150px) 100vw, 150px\" \/><\/a>\n\t\t\t<\/dt><\/dl><br style=\"clear: both\" \/>\n\t\t<\/div>\n\n<p>&nbsp;<\/p>\n<p>&nbsp;<\/p>\n<p>&nbsp;<\/p>\n","protected":false},"excerpt":{"rendered":"<p>Nowy Lidl przy skrzy\u017cowaniu ul. Borowskiej z Armii Krajowej jest ju\u017c prawie gotowy. W \u015brodku trwaj\u0105 obecnie prace wyko\u0144czeniowe oraz uk\u0142adanie towaru. Znamy termin oficjalnego otwarcia sklepu.<\/p>\n","protected":false},"author":1,"featured_media":2951,"comment_status":"open","ping_status":"open","sticky":false,"template":"","format":"standard","meta":{"footnotes":""},"categories":[14],"tags":[198,113,112,111,309,308,306,307],"class_list":["post-2950","post","type-post","status-publish","format-standard","has-post-thumbnail","hentry","category-aktualnosci","tag-armii-krajowej","tag-borowska","tag-gaj","tag-lidl","tag-lidl-gaj","tag-otwarcie-lidla","tag-sklep","tag-zegiestowska"],"_links":{"self":[{"href":"https:\/\/online.tvk-gaj.pl\/index.php?rest_route=\/wp\/v2\/posts\/2950","targetHints":{"allow":["GET"]}}],"collection":[{"href":"https:\/\/online.tvk-gaj.pl\/index.php?rest_route=\/wp\/v2\/posts"}],"about":[{"href":"https:\/\/online.tvk-gaj.pl\/index.php?rest_route=\/wp\/v2\/types\/post"}],"author":[{"embeddable":true,"href":"https:\/\/online.tvk-gaj.pl\/index.php?rest_route=\/wp\/v2\/users\/1"}],"replies":[{"embeddable":true,"href":"https:\/\/online.tvk-gaj.pl\/index.php?rest_route=%2Fwp%2Fv2%2Fcomments&post=2950"}],"version-history":[{"count":1,"href":"https:\/\/online.tvk-gaj.pl\/index.php?rest_route=\/wp\/v2\/posts\/2950\/revisions"}],"predecessor-version":[{"id":2952,"href":"https:\/\/online.tvk-gaj.pl\/index.php?rest_route=\/wp\/v2\/posts\/2950\/revisions\/2952"}],"wp:featuredmedia":[{"embeddable":true,"href":"https:\/\/online.tvk-gaj.pl\/index.php?rest_route=\/wp\/v2\/media\/2951"}],"wp:attachment":[{"href":"https:\/\/online.tvk-gaj.pl\/index.php?rest_route=%2Fwp%2Fv2%2Fmedia&parent=2950"}],"wp:term":[{"taxonomy":"category","embeddable":true,"href":"https:\/\/online.tvk-gaj.pl\/index.php?rest_route=%2Fwp%2Fv2%2Fcategories&post=2950"},{"taxonomy":"post_tag","embeddable":true,"href":"https:\/\/online.tvk-gaj.pl\/index.php?rest_route=%2Fwp%2Fv2%2Ftags&post=2950"}],"curies":[{"name":"wp","href":"https:\/\/api.w.org\/{rel}","templated":true}]}}