{"id":2986,"date":"2014-07-11T13:08:36","date_gmt":"2014-07-11T11:08:36","guid":{"rendered":"http:\/\/www.tvk-gaj.pl\/~gajonline\/?p=2986"},"modified":"2014-08-05T18:08:15","modified_gmt":"2014-08-05T16:08:15","slug":"powstanie-oswietlona-droga-ktora-wreszcie-polaczy-gaj-z-wojszycami","status":"publish","type":"post","link":"https:\/\/online.tvk-gaj.pl\/?p=2986","title":{"rendered":"Powstanie o\u015bwietlona droga, kt\u00f3ra wreszcie po\u0142\u0105czy Gaj z Wojszycami"},"content":{"rendered":"<p>Na pocz\u0105tku lipca miasto rozpocz\u0119\u0142o poszukiwania wykonawcy, kt\u00f3ry zajmie si\u0119 wybudowaniem drogi \u0142\u0105cz\u0105cej Gaj z Wojszycami. Droga, kt\u00f3ra po\u0142\u0105czy ulice Pawi\u0105 z Kukuczki, ma by\u0107 o\u015bwietlona oraz posiada\u0107 wydzielon\u0105 \u015bcie\u017ck\u0119 rowerow\u0105. Realizacja inwestycji przewidziana jest na jesie\u0144 tego roku.<!--more--><\/p>\n<p>&nbsp;<\/p>\n<p>Informacja o wybudowaniu po\u0142\u0105czenia mi\u0119dzy ulicami Pawi\u0105 (Wojszyce), a Jerzego Kukuczki (Gaj) ucieszy wszystkich mieszka\u0144c\u00f3w\u00a0po\u0142udnia Gaju oraz p\u00f3\u0142nocnej cz\u0119\u015bci osiedla Wojszyce. Do tej pory drogowe po\u0142\u0105czenie obu osiedli znajdowa\u0142o si\u0119 wy\u0142\u0105cznie na granicy ulic Borowskiej oraz Grota Roweckiego. \u0141\u0105cznik ten, znajduj\u0105cy si\u0119 pod rozdzielaj\u0105cymi osiedla nasypem kolejowym, kilka lat temu doczeka\u0142 si\u0119 gruntownego remontu. R\u00f3wnolegle do drogi wybudowano oddzielony od jezdni o\u015bwietlony chodnik oraz \u015bcie\u017ck\u0119 rowerow\u0105.<\/p>\n<p>&nbsp;<\/p>\n<p><a href=\"http:\/\/www.tvk-gaj.pl\/~gajonline\/wp-content\/uploads\/2014\/07\/wojszycegaj.jpg\"><img loading=\"lazy\" decoding=\"async\" class=\"aligncenter size-full wp-image-2989\" src=\"http:\/\/www.tvk-gaj.pl\/~gajonline\/wp-content\/uploads\/2014\/07\/wojszycegaj.jpg\" alt=\"wojszycegaj\" width=\"800\" height=\"600\" srcset=\"https:\/\/online.tvk-gaj.pl\/wp-content\/uploads\/2014\/07\/wojszycegaj.jpg 800w, https:\/\/online.tvk-gaj.pl\/wp-content\/uploads\/2014\/07\/wojszycegaj-300x225.jpg 300w\" sizes=\"auto, (max-width: 800px) 100vw, 800px\" \/><\/a><\/p>\n<p>&nbsp;<\/p>\n<p>Drugie po\u0142\u0105czenie mi\u0119dzy osiedlami znajduje si\u0119 w po\u0142owie odcinka mi\u0119dzy ulicami Borowsk\u0105, a Bardzk\u0105, pod nasypem kolejowy, na wysoko\u015bci ulic Pawiej i Kukuczki. Po\u0142\u0105czenie bardzo wa\u017cne i popularne, poniewa\u017c dotyczy m.in. dzieci, kt\u00f3re ucz\u0119szczaj\u0105 do Szko\u0142y Podstawowej Nr 23 przy ul. Pawiej, mieszka\u0144c\u00f3w Wojszyc, robi\u0105cych na Gaju zakupy oraz spacerowicz\u00f3w, biegaczy i rowerzyst\u00f3w. Niestety mimo istotnej roli jak\u0105 pe\u0142ni, od lat jest zaniedbanym miejscem. R\u00f3wnie\u017c bezpiecze\u0144stwo w tym rejonie nie nale\u017cy do najwy\u017cszych.<\/p>\n<p><span style=\"color: #222222;\">Obecnie\u00a0mieszka\u0144cy po\u0142udnia Gaju, a w szczeg\u00f3lno\u015bci nowych budynk\u00f3w zlokalizowanych przy ulicach Pirenejskiej, Himalajskiej, Alpejskiej, Rutkiewicz czy Kukuczki, aby doj\u015b\u0107 do Pawiej musz\u0105 grz\u0119zn\u0105\u0107 w b\u0142ocie i korzysta\u0107 z polnej drogi, na kt\u00f3rej cz\u0119sto pe\u0142no jest zalegaj\u0105cego gruzu pobudowlanego, \u00a0w<\/span>\u00a0letnich miesi\u0105cach generuj\u0105cego tony kurzu, na wiosn\u0119 i jesie\u0144 b\u0142ota, za\u015b zim\u0105 b\u0119d\u0105cego wyzwaniem dla terenowych samochod\u00f3w.<\/p>\n<p>&nbsp;<\/p>\n<p><a href=\"http:\/\/www.tvk-gaj.pl\/~gajonline\/wp-content\/uploads\/2014\/07\/wojszycegaj2.jpg\"><img loading=\"lazy\" decoding=\"async\" class=\"aligncenter size-full wp-image-2990\" src=\"http:\/\/www.tvk-gaj.pl\/~gajonline\/wp-content\/uploads\/2014\/07\/wojszycegaj2.jpg\" alt=\"wojszycegaj2\" width=\"800\" height=\"600\" srcset=\"https:\/\/online.tvk-gaj.pl\/wp-content\/uploads\/2014\/07\/wojszycegaj2.jpg 800w, https:\/\/online.tvk-gaj.pl\/wp-content\/uploads\/2014\/07\/wojszycegaj2-300x225.jpg 300w\" sizes=\"auto, (max-width: 800px) 100vw, 800px\" \/><\/a><\/p>\n<p>&nbsp;<\/p>\n<p>W 2014r. przejazd zablokowano wbetonowanymi \u00a0w ziemi\u0119 s\u0142upkami, pozostawiaj\u0105c tras\u0119 tylko dla pieszych. Rozwi\u0105zanie to spotka\u0142o si\u0119 ze sporymi protestami ze strony sporej cz\u0119\u015bci mieszka\u0144c\u00f3w,w tym rodzic\u00f3w dzieci ucz\u0119szczaj\u0105cych do szko\u0142y na Pawiej.<\/p>\n<p><span style=\"color: #222222;\">Wroc\u0142awski Zarz\u0105d Dr\u00f3g i Utrzymania Miasta na pocz\u0105tku lipca og\u0142osi\u0142 przetarg na znalezienie wykonawcy budowy &#8222;ci\u0105gu pieszo-rowerowego, b\u0119d\u0105cego po\u0142\u0105czeniem ulic Pawiej i Kukuczki&#8221;.<\/span><\/p>\n<p><span style=\"color: #222222;\">Wed\u0142ug specyfiki zam\u00f3wienia droga ma by\u0107 jednak nadal zamkni\u0119ta dla ruchu samochodowego. Wzd\u0142u\u017c nowej drogi dla pieszych i rowerzyst\u00f3w pojawi si\u0119 jednak o\u015bwietlenie, dzi\u0119ki czemu b\u0119dzie mo\u017cna z niej korzysta\u0107 r\u00f3wnie\u017c po zmroku.<\/span><\/p>\n<p>&nbsp;<\/p>\n<p><span style=\"color: #222222;\">Pierwsze prace budowlane maj\u0105 rozpocz\u0105c si\u0119\u00a0w drugiej po\u0142owie sierpnia. Ca\u0142e zadanie ma zosta\u0107\u00a0zrealizowane do ko\u0144ca listopada.\u00a0<\/span><\/p>\n<p>&nbsp;<\/p>\n<p>&nbsp;<\/p>\n<p>&nbsp;<\/p>\n","protected":false},"excerpt":{"rendered":"<p>Na pocz\u0105tku lipca miasto rozpocz\u0119\u0142o poszukiwania wykonawcy, kt\u00f3ry zajmie si\u0119 wybudowaniem drogi \u0142\u0105cz\u0105cej Gaj z Wojszycami. Droga, kt\u00f3ra po\u0142\u0105czy ulice Pawi\u0105 z Kukuczki, ma by\u0107 o\u015bwietlona oraz posiada\u0107 wydzielon\u0105 \u015bcie\u017ck\u0119 rowerow\u0105. Realizacja inwestycji przewidziana jest na jesie\u0144 tego roku.<\/p>\n","protected":false},"author":1,"featured_media":2990,"comment_status":"open","ping_status":"open","sticky":false,"template":"","format":"standard","meta":{"footnotes":""},"categories":[14,12],"tags":[312,313,112,311,310],"class_list":["post-2986","post","type-post","status-publish","format-standard","has-post-thumbnail","hentry","category-aktualnosci","category-artykuly","tag-droga","tag-dwa-osiedla","tag-gaj","tag-polaczenie","tag-wojszyce"],"_links":{"self":[{"href":"https:\/\/online.tvk-gaj.pl\/index.php?rest_route=\/wp\/v2\/posts\/2986","targetHints":{"allow":["GET"]}}],"collection":[{"href":"https:\/\/online.tvk-gaj.pl\/index.php?rest_route=\/wp\/v2\/posts"}],"about":[{"href":"https:\/\/online.tvk-gaj.pl\/index.php?rest_route=\/wp\/v2\/types\/post"}],"author":[{"embeddable":true,"href":"https:\/\/online.tvk-gaj.pl\/index.php?rest_route=\/wp\/v2\/users\/1"}],"replies":[{"embeddable":true,"href":"https:\/\/online.tvk-gaj.pl\/index.php?rest_route=%2Fwp%2Fv2%2Fcomments&post=2986"}],"version-history":[{"count":4,"href":"https:\/\/online.tvk-gaj.pl\/index.php?rest_route=\/wp\/v2\/posts\/2986\/revisions"}],"predecessor-version":[{"id":2992,"href":"https:\/\/online.tvk-gaj.pl\/index.php?rest_route=\/wp\/v2\/posts\/2986\/revisions\/2992"}],"wp:featuredmedia":[{"embeddable":true,"href":"https:\/\/online.tvk-gaj.pl\/index.php?rest_route=\/wp\/v2\/media\/2990"}],"wp:attachment":[{"href":"https:\/\/online.tvk-gaj.pl\/index.php?rest_route=%2Fwp%2Fv2%2Fmedia&parent=2986"}],"wp:term":[{"taxonomy":"category","embeddable":true,"href":"https:\/\/online.tvk-gaj.pl\/index.php?rest_route=%2Fwp%2Fv2%2Fcategories&post=2986"},{"taxonomy":"post_tag","embeddable":true,"href":"https:\/\/online.tvk-gaj.pl\/index.php?rest_route=%2Fwp%2Fv2%2Ftags&post=2986"}],"curies":[{"name":"wp","href":"https:\/\/api.w.org\/{rel}","templated":true}]}}