{"id":2997,"date":"2014-07-16T17:57:06","date_gmt":"2014-07-16T15:57:06","guid":{"rendered":"http:\/\/www.tvk-gaj.pl\/~gajonline\/?p=2997"},"modified":"2014-07-16T17:57:06","modified_gmt":"2014-07-16T15:57:06","slug":"w-okresie-wakacyjnym-punkt-mops-na-gaju-bedzie-nieczynny","status":"publish","type":"post","link":"https:\/\/online.tvk-gaj.pl\/?p=2997","title":{"rendered":"W okresie wakacyjnym punkt MOPS na Gaju b\u0119dzie nieczynny"},"content":{"rendered":"<p>Informujemy, i\u017c w zwi\u0105zku z okresem wakacyjnym zawieszona zostaje dzia\u0142alno\u015b\u0107 Punktu informacyjno\u2013konsultacyjnego Miejskiego O\u015brodka Pomocy Spo\u0142ecznej, kt\u00f3ry dzia\u0142a w Radzie Osiedla Gaj. W miesi\u0105cach lipcu oraz sierpniu punkt zlokalizowany w siedzibie Rady Osiedla Gaj przy ul. Krynickiej 80 b\u0119dzie nieczynny.<\/p>\n<p>&nbsp;<\/p>\n<p>&nbsp;<\/p>\n","protected":false},"excerpt":{"rendered":"<p>Informujemy, i\u017c w zwi\u0105zku z okresem wakacyjnym zawieszona zostaje dzia\u0142alno\u015b\u0107 Punktu informacyjno\u2013konsultacyjnego Miejskiego O\u015brodka Pomocy Spo\u0142ecznej, kt\u00f3ry dzia\u0142a w Radzie Osiedla Gaj. W miesi\u0105cach lipcu oraz sierpniu punkt zlokalizowany w siedzibie Rady Osiedla Gaj przy ul. Krynickiej 80 b\u0119dzie nieczynny. &nbsp; &nbsp;<\/p>\n","protected":false},"author":1,"featured_media":1349,"comment_status":"open","ping_status":"open","sticky":false,"template":"","format":"standard","meta":{"footnotes":""},"categories":[14],"tags":[112,318,317,135],"class_list":["post-2997","post","type-post","status-publish","format-standard","has-post-thumbnail","hentry","category-aktualnosci","tag-gaj","tag-miejski-osrodek-pomocy-spolecznej","tag-mops","tag-rada-osiedla-gaj"],"_links":{"self":[{"href":"https:\/\/online.tvk-gaj.pl\/index.php?rest_route=\/wp\/v2\/posts\/2997","targetHints":{"allow":["GET"]}}],"collection":[{"href":"https:\/\/online.tvk-gaj.pl\/index.php?rest_route=\/wp\/v2\/posts"}],"about":[{"href":"https:\/\/online.tvk-gaj.pl\/index.php?rest_route=\/wp\/v2\/types\/post"}],"author":[{"embeddable":true,"href":"https:\/\/online.tvk-gaj.pl\/index.php?rest_route=\/wp\/v2\/users\/1"}],"replies":[{"embeddable":true,"href":"https:\/\/online.tvk-gaj.pl\/index.php?rest_route=%2Fwp%2Fv2%2Fcomments&post=2997"}],"version-history":[{"count":1,"href":"https:\/\/online.tvk-gaj.pl\/index.php?rest_route=\/wp\/v2\/posts\/2997\/revisions"}],"predecessor-version":[{"id":2998,"href":"https:\/\/online.tvk-gaj.pl\/index.php?rest_route=\/wp\/v2\/posts\/2997\/revisions\/2998"}],"wp:featuredmedia":[{"embeddable":true,"href":"https:\/\/online.tvk-gaj.pl\/index.php?rest_route=\/wp\/v2\/media\/1349"}],"wp:attachment":[{"href":"https:\/\/online.tvk-gaj.pl\/index.php?rest_route=%2Fwp%2Fv2%2Fmedia&parent=2997"}],"wp:term":[{"taxonomy":"category","embeddable":true,"href":"https:\/\/online.tvk-gaj.pl\/index.php?rest_route=%2Fwp%2Fv2%2Fcategories&post=2997"},{"taxonomy":"post_tag","embeddable":true,"href":"https:\/\/online.tvk-gaj.pl\/index.php?rest_route=%2Fwp%2Fv2%2Ftags&post=2997"}],"curies":[{"name":"wp","href":"https:\/\/api.w.org\/{rel}","templated":true}]}}