{"id":2999,"date":"2014-07-17T13:45:15","date_gmt":"2014-07-17T11:45:15","guid":{"rendered":"http:\/\/www.tvk-gaj.pl\/~gajonline\/?p=2999"},"modified":"2014-07-17T13:45:15","modified_gmt":"2014-07-17T11:45:15","slug":"przy-borowskiej-otwarto-nowego-lidla","status":"publish","type":"post","link":"https:\/\/online.tvk-gaj.pl\/?p=2999","title":{"rendered":"Przy Borowskiej otwarto nowego Lidla!"},"content":{"rendered":"<p>Dzi\u015b (17.07) o godzinie 8 rano nast\u0105pi\u0142o uroczyste otwarcie sklepu Lidl przy skrzy\u017cowaniu Borowskiej i Armii Krajowej. Zapraszamy do kr\u00f3tkiej fotorelacji z imprezy.<!--more--><\/p>\n<p>Kilka dni temu pisali\u015bmy o historii budowy sklepu oraz terminie otwarcia nowego sklepu wielkopowierzchniowego na Gaju &#8211;<a title=\"Znamy dat\u0119 otwarcia Lidla przy Borowskiej\" href=\"http:\/\/www.tvk-gaj.pl\/~gajonline\/?p=2950\" target=\"_blank\"> link do artyku\u0142u<\/a>.<\/p>\n<p>Dzi\u015b o godzinie 8 rano nast\u0105pi\u0142o uroczyste otwarcie sklepu. Wydarzeniu towarzyszy\u0142 piknik dla klient\u00f3w. Na parkingu sklepu, zlokalizowanego przy skrzy\u017cowaniu ul. Borowskiej i Armii Krajowej, zorganizowano zabaw\u0119 dla pierwszych klient\u00f3w.<\/p>\n<p>Pojawi\u0142y si\u0119 namioty z kaw\u0105 i pocz\u0119stunkiem oraz muzyka. Sklep przystrojono balonami, a pierwszym klientom wr\u0119czano kwiaty oraz balony.<\/p>\n<p>Dla najm\u0142odszych przygotowano punkt z balonami oraz stoisko, gdzie malowano twarze. Po parkingu i wzd\u0142u\u017c ulicy Borowskiej chodzi\u0142y hostessy reklamuj\u0105ce sklep oraz&#8230; klauni, kt\u00f3rzy poruszaj\u0105c si\u0119 na szczud\u0142ach przykuwali uwag\u0119 przechodni\u00f3w.<\/p>\n<p>Na parkingu szybko zabrak\u0142o wolnych miejsc postojowych.<\/p>\n<p>&nbsp;<\/p>\n<p><strong>Galeria z otwarcia sklepu Lidl.\u00a0<\/strong><\/p>\n<p>&nbsp;<\/p>\n<p><img decoding=\"async\" class=\"ngg_displayed_gallery mceItem\" src=\"http:\/\/www.tvk-gaj.pl\/~gajonline\/index.php\/nextgen-attach_to_post\/preview\/id--3025\" alt=\"\" \/><\/p>\n<p>&nbsp;<\/p>\n<p>&nbsp;<\/p>\n","protected":false},"excerpt":{"rendered":"<p>Dzi\u015b (17.07) o godzinie 8 rano nast\u0105pi\u0142o uroczyste otwarcie sklepu Lidl przy skrzy\u017cowaniu Borowskiej i Armii Krajowej. Zapraszamy do kr\u00f3tkiej fotorelacji z imprezy.<\/p>\n","protected":false},"author":1,"featured_media":3000,"comment_status":"open","ping_status":"open","sticky":false,"template":"","format":"standard","meta":{"footnotes":""},"categories":[14,12],"tags":[112,111,319,306,320],"class_list":["post-2999","post","type-post","status-publish","format-standard","has-post-thumbnail","hentry","category-aktualnosci","category-artykuly","tag-gaj","tag-lidl","tag-otwarcie-lidla-na-gaju","tag-sklep","tag-uroczyste-otwarcie"],"_links":{"self":[{"href":"https:\/\/online.tvk-gaj.pl\/index.php?rest_route=\/wp\/v2\/posts\/2999","targetHints":{"allow":["GET"]}}],"collection":[{"href":"https:\/\/online.tvk-gaj.pl\/index.php?rest_route=\/wp\/v2\/posts"}],"about":[{"href":"https:\/\/online.tvk-gaj.pl\/index.php?rest_route=\/wp\/v2\/types\/post"}],"author":[{"embeddable":true,"href":"https:\/\/online.tvk-gaj.pl\/index.php?rest_route=\/wp\/v2\/users\/1"}],"replies":[{"embeddable":true,"href":"https:\/\/online.tvk-gaj.pl\/index.php?rest_route=%2Fwp%2Fv2%2Fcomments&post=2999"}],"version-history":[{"count":1,"href":"https:\/\/online.tvk-gaj.pl\/index.php?rest_route=\/wp\/v2\/posts\/2999\/revisions"}],"predecessor-version":[{"id":3026,"href":"https:\/\/online.tvk-gaj.pl\/index.php?rest_route=\/wp\/v2\/posts\/2999\/revisions\/3026"}],"wp:featuredmedia":[{"embeddable":true,"href":"https:\/\/online.tvk-gaj.pl\/index.php?rest_route=\/wp\/v2\/media\/3000"}],"wp:attachment":[{"href":"https:\/\/online.tvk-gaj.pl\/index.php?rest_route=%2Fwp%2Fv2%2Fmedia&parent=2999"}],"wp:term":[{"taxonomy":"category","embeddable":true,"href":"https:\/\/online.tvk-gaj.pl\/index.php?rest_route=%2Fwp%2Fv2%2Fcategories&post=2999"},{"taxonomy":"post_tag","embeddable":true,"href":"https:\/\/online.tvk-gaj.pl\/index.php?rest_route=%2Fwp%2Fv2%2Ftags&post=2999"}],"curies":[{"name":"wp","href":"https:\/\/api.w.org\/{rel}","templated":true}]}}