{"id":3028,"date":"2014-08-02T15:06:25","date_gmt":"2014-08-02T13:06:25","guid":{"rendered":"http:\/\/www.tvk-gaj.pl\/~gajonline\/?p=3028"},"modified":"2014-08-02T16:29:08","modified_gmt":"2014-08-02T14:29:08","slug":"gaj-uczcil-70-rocznice-wybuchu-powstania-warszawskiego","status":"publish","type":"post","link":"https:\/\/online.tvk-gaj.pl\/?p=3028","title":{"rendered":"Gaj uczci\u0142 70 rocznic\u0119 wybuchu Powstania Warszawskiego"},"content":{"rendered":"<p>Gaj uczci\u0142 Powsta\u0144c\u00f3w Warszawskich. 1 sierpnia, r\u00f3wno o godzinie 17:00 w centrum osiedla (przy skrzy\u017cowaniu ulic Jab\u0142ecznej i Orzechowej) do wt\u00f3ru syren alarmowych odpalone zosta\u0142y \u015bwiece dymne. Zobacz zdj\u0119cia i film z wydarzenia.<!--more--> W ten spos\u00f3b mieszka\u0144cy Gaju uczcili 70 rocznic\u0119 wybuchu Powstania Warszawskiego. \u00a0 <a href=\"http:\/\/www.tvk-gaj.pl\/~gajonline\/wp-content\/uploads\/2014\/08\/10357779_794478370583026_8492059512734737931_o.jpg\"><img loading=\"lazy\" decoding=\"async\" class=\"aligncenter size-large wp-image-3029\" src=\"http:\/\/www.tvk-gaj.pl\/~gajonline\/wp-content\/uploads\/2014\/08\/10357779_794478370583026_8492059512734737931_o-1024x619.jpg\" alt=\"10357779_794478370583026_8492059512734737931_o\" width=\"838\" height=\"506\" srcset=\"https:\/\/online.tvk-gaj.pl\/wp-content\/uploads\/2014\/08\/10357779_794478370583026_8492059512734737931_o-1024x619.jpg 1024w, https:\/\/online.tvk-gaj.pl\/wp-content\/uploads\/2014\/08\/10357779_794478370583026_8492059512734737931_o-300x181.jpg 300w, https:\/\/online.tvk-gaj.pl\/wp-content\/uploads\/2014\/08\/10357779_794478370583026_8492059512734737931_o.jpg 1335w\" sizes=\"auto, (max-width: 838px) 100vw, 838px\" \/><\/a> \u00a0 <a href=\"http:\/\/www.tvk-gaj.pl\/~gajonline\/wp-content\/uploads\/2014\/08\/10496930_794013300629533_5500948646806873439_o.jpg\"><img loading=\"lazy\" decoding=\"async\" class=\"aligncenter size-large wp-image-3031\" src=\"http:\/\/www.tvk-gaj.pl\/~gajonline\/wp-content\/uploads\/2014\/08\/10496930_794013300629533_5500948646806873439_o-1024x543.jpg\" alt=\"10496930_794013300629533_5500948646806873439_o\" width=\"838\" height=\"444\" srcset=\"https:\/\/online.tvk-gaj.pl\/wp-content\/uploads\/2014\/08\/10496930_794013300629533_5500948646806873439_o-1024x543.jpg 1024w, https:\/\/online.tvk-gaj.pl\/wp-content\/uploads\/2014\/08\/10496930_794013300629533_5500948646806873439_o-300x159.jpg 300w, https:\/\/online.tvk-gaj.pl\/wp-content\/uploads\/2014\/08\/10496930_794013300629533_5500948646806873439_o.jpg 2048w\" sizes=\"auto, (max-width: 838px) 100vw, 838px\" \/><\/a><\/p>\n<p>&nbsp;<\/p>\n<p><strong>Film nagrany przez naszego czytelnika:<\/strong><\/p>\n<div class=\"fb-social-plugin fb-post\" data-href=\"https:\/\/www.facebook.com\/photo.php?v=534172876714992\"><\/div>\n<p>&nbsp;<\/p>\n<p>&nbsp;<\/p>\n","protected":false},"excerpt":{"rendered":"<p>Gaj uczci\u0142 Powsta\u0144c\u00f3w Warszawskich. 1 sierpnia, r\u00f3wno o godzinie 17:00 w centrum osiedla (przy skrzy\u017cowaniu ulic Jab\u0142ecznej i Orzechowej) do wt\u00f3ru syren alarmowych odpalone zosta\u0142y \u015bwiece dymne. Zobacz zdj\u0119cia i film z wydarzenia.<\/p>\n","protected":false},"author":1,"featured_media":3029,"comment_status":"open","ping_status":"open","sticky":false,"template":"","format":"standard","meta":{"footnotes":""},"categories":[14,12],"tags":[322,112,250,324,323,218,321,325],"class_list":["post-3028","post","type-post","status-publish","format-standard","has-post-thumbnail","hentry","category-aktualnosci","category-artykuly","tag-70-rocznica-powstania-warszawskiego","tag-gaj","tag-jableczna","tag-kibice","tag-na-gaju","tag-orzechowa","tag-powstanie-warszawskie","tag-wks-slask"],"_links":{"self":[{"href":"https:\/\/online.tvk-gaj.pl\/index.php?rest_route=\/wp\/v2\/posts\/3028","targetHints":{"allow":["GET"]}}],"collection":[{"href":"https:\/\/online.tvk-gaj.pl\/index.php?rest_route=\/wp\/v2\/posts"}],"about":[{"href":"https:\/\/online.tvk-gaj.pl\/index.php?rest_route=\/wp\/v2\/types\/post"}],"author":[{"embeddable":true,"href":"https:\/\/online.tvk-gaj.pl\/index.php?rest_route=\/wp\/v2\/users\/1"}],"replies":[{"embeddable":true,"href":"https:\/\/online.tvk-gaj.pl\/index.php?rest_route=%2Fwp%2Fv2%2Fcomments&post=3028"}],"version-history":[{"count":6,"href":"https:\/\/online.tvk-gaj.pl\/index.php?rest_route=\/wp\/v2\/posts\/3028\/revisions"}],"predecessor-version":[{"id":3037,"href":"https:\/\/online.tvk-gaj.pl\/index.php?rest_route=\/wp\/v2\/posts\/3028\/revisions\/3037"}],"wp:featuredmedia":[{"embeddable":true,"href":"https:\/\/online.tvk-gaj.pl\/index.php?rest_route=\/wp\/v2\/media\/3029"}],"wp:attachment":[{"href":"https:\/\/online.tvk-gaj.pl\/index.php?rest_route=%2Fwp%2Fv2%2Fmedia&parent=3028"}],"wp:term":[{"taxonomy":"category","embeddable":true,"href":"https:\/\/online.tvk-gaj.pl\/index.php?rest_route=%2Fwp%2Fv2%2Fcategories&post=3028"},{"taxonomy":"post_tag","embeddable":true,"href":"https:\/\/online.tvk-gaj.pl\/index.php?rest_route=%2Fwp%2Fv2%2Ftags&post=3028"}],"curies":[{"name":"wp","href":"https:\/\/api.w.org\/{rel}","templated":true}]}}