{"id":3050,"date":"2014-08-05T17:56:04","date_gmt":"2014-08-05T15:56:04","guid":{"rendered":"http:\/\/www.tvk-gaj.pl\/~gajonline\/?p=3050"},"modified":"2014-12-21T22:27:03","modified_gmt":"2014-12-21T21:27:03","slug":"z-kukuczki-na-pawia-sucha-noga-za-200-tysiecy-zlotych-wybuduja-chodnik-i-sciezke-rowerowa","status":"publish","type":"post","link":"https:\/\/online.tvk-gaj.pl\/?p=3050","title":{"rendered":"Z Kukuczki na Pawi\u0105 such\u0105 nog\u0105. Za 200 tysi\u0119cy z\u0142otych wybuduj\u0105 chodnik i \u015bcie\u017ck\u0119 rowerow\u0105"},"content":{"rendered":"<p><span style=\"color: #222222;\">Miasto znalaz\u0142o firm\u0119, kt\u00f3ry wybuduje ci\u0105g pieszo-rowerowy \u0142\u0105cz\u0105cy ulic\u0119 Pawi\u0105 z Kukuczki. Koszt ca\u0142ego przedsi\u0119wzi\u0119cia wyniesienie niewiele ponad 200 tysi\u0119cy z\u0142otych, a wszystkie prace powinny zako\u0144czy\u0107 si\u0119 pod koniec listopada.<\/span><\/p>\n<p><!--more--><\/p>\n<p>&nbsp;<\/p>\n<p><strong>[AKTUALIZACJA Z DNIA 21.12.2014r.] Prace w ramach inwestycji rozpocz\u0119\u0142y si\u0119 w czwartek 18 grudnia 2014r. Wi\u0119cej o inwestycji w artykule <span style=\"color: #000000;\"><a style=\"color: #000000;\" title=\"Ruszy\u0142a budowa \u0142\u0105cznika pomi\u0119dzy Gajem, a Wojszycami\" href=\"http:\/\/www.tvk-gaj.pl\/~gajonline\/?p=3898\" target=\"_blank\">&#8222;Ruszy\u0142a budowa \u0142\u0105cznika pomi\u0119dzy Gajem, a Wojszycami&#8221;<\/a>.<\/span><\/strong><\/p>\n<p>&nbsp;<\/p>\n<p><span style=\"color: #222222;\">Zarz\u0105d Dr\u00f3g i Utrzymania Miasta w\u0142a\u015bnie rozstrzygn\u0105\u0142 przetarg na wykonawc\u0119 budowy ci\u0105gu pieszo-rowerowego razem z o\u015bwietleniem, kt\u00f3ry po\u0142\u0105czy ulic\u0119 Pawi\u0105 i Kukuczki, wraz z opracowaniem dokumentacji projektowej ca\u0142ego przedsi\u0119wzi\u0119cia.<\/span><\/p>\n<p style=\"color: #222222;\">Do post\u0119powania stan\u0119\u0142o trzech zainteresowanych, a najkorzystniejsz\u0105 ofert\u0119 z\u0142o\u017cy\u0142a sp\u00f3\u0142ka Rotomat, kt\u00f3ra zaproponowa\u0142a cen\u0119 nieco ponad 208 tysi\u0119cy z\u0142otych.<\/p>\n<p style=\"color: #222222;\">Jak t\u0142umacz\u0105 urz\u0119dnicy, powstanie tam dwumetrowej szeroko\u015bci chodnik i 2,5-metrowej szeroko\u015bci \u015bcie\u017cka rowerowa, prowadz\u0105ce pod tunelem. Ca\u0142y odcinek, w\u0142\u0105cznie z tunelem, zostanie o\u015bwietlony lampami ledowymi.<\/p>\n<p style=\"color: #222222;\"><a href=\"http:\/\/www.tvk-gaj.pl\/~gajonline\/wp-content\/uploads\/2014\/07\/wojszycegaj2.jpg\"><img loading=\"lazy\" decoding=\"async\" class=\"aligncenter size-full wp-image-2990\" src=\"http:\/\/www.tvk-gaj.pl\/~gajonline\/wp-content\/uploads\/2014\/07\/wojszycegaj2.jpg\" alt=\"wojszycegaj2\" width=\"800\" height=\"600\" srcset=\"https:\/\/online.tvk-gaj.pl\/wp-content\/uploads\/2014\/07\/wojszycegaj2.jpg 800w, https:\/\/online.tvk-gaj.pl\/wp-content\/uploads\/2014\/07\/wojszycegaj2-300x225.jpg 300w\" sizes=\"auto, (max-width: 800px) 100vw, 800px\" \/><\/a><\/p>\n<p style=\"color: #222222;\">Projekt inwestycji powinien by\u0107 gotowy do ko\u0144ca wrze\u015bnia, a ca\u0142e przedsi\u0119wzi\u0119cie ma si\u0119 zako\u0144czy\u0107 do 30 listopada.<\/p>\n<p style=\"color: #222222;\">To \u015bwietna informacja dla mieszka\u0144c\u00f3w rejonu Wojszyc i Gaju. Dotychczas wroc\u0142awianie z osiedla zlokalizowanego przy ulicach Pirenejskiej, Himalajskiej, Alpejskiej, Rutkiewicz czy Kukuczki, aby doj\u015b\u0107 do Pawiej musieli grz\u0119zn\u0105\u0107 w b\u0142ocie i korzysta\u0107 z polnej drogi, na kt\u00f3rej cz\u0119sto pe\u0142no by\u0142o zalegaj\u0105cego gruzu pobudowlanego.<\/p>\n<p style=\"color: #222222;\">Ci\u0119\u017cko by\u0142o tamt\u0119dy r\u00f3wnie\u017c przejecha\u0107 rowerem, bo pod kolejowym wiaduktem nagminnie tworzy\u0142y si\u0119 wielkie ka\u0142u\u017ce. By\u0142o to bardzo uci\u0105\u017cliwe zw\u0142aszcza po zmroku. Mieszka\u0144cy \u017ca\u0142uj\u0105 tylko, \u017ce dopiero zim\u0105 b\u0119d\u0105 mogli korzysta\u0107 z nowego udogodnienia.<\/p>\n<p style=\"color: #222222;\"><a href=\"http:\/\/www.tvk-gaj.pl\/~gajonline\/wp-content\/uploads\/2014\/07\/wojszycegaj.jpg\"><img loading=\"lazy\" decoding=\"async\" class=\"aligncenter size-full wp-image-2989\" src=\"http:\/\/www.tvk-gaj.pl\/~gajonline\/wp-content\/uploads\/2014\/07\/wojszycegaj.jpg\" alt=\"wojszycegaj\" width=\"800\" height=\"600\" srcset=\"https:\/\/online.tvk-gaj.pl\/wp-content\/uploads\/2014\/07\/wojszycegaj.jpg 800w, https:\/\/online.tvk-gaj.pl\/wp-content\/uploads\/2014\/07\/wojszycegaj-300x225.jpg 300w\" sizes=\"auto, (max-width: 800px) 100vw, 800px\" \/><\/a><\/p>\n<p style=\"color: #222222;\">Przypomnijmy, \u017ce\u00a0ci\u0105g pieszo-rowerowy powstanie tak\u017ce na ulicy Borowskiej\u00a0&#8211; po\u0142\u0105czy on \u015bcie\u017cki dla cyklist\u00f3w na ul. Borowskiej i Grota-Roweckiego. W ramach tego przedsi\u0119wzi\u0119cia wykonany zostanie te\u017c lewoskr\u0119t w ul. Kukuczki, o kt\u00f3ry od dawna dopominaj\u0105 si\u0119 okoliczni mieszka\u0144cy.<\/p>\n<p style=\"color: #222222;\"><div class='et-learn-more clearfix'>\n\t\t\t\t\t<h3 class='heading-more'>\u0179r\u00f3d\u0142o<span class='et_learnmore_arrow'><span><\/span><\/span><\/h3>\n\t\t\t\t\t<div class='learn-more-content'>Autor: tm\/jg Data publikacji: 04.08.2014 \u0179r\u00f3d\u0142o: www.tuwroclaw.com<\/div>\n\t\t\t\t<\/div><\/p>\n","protected":false},"excerpt":{"rendered":"<p>Miasto znalaz\u0142o firm\u0119, kt\u00f3ry wybuduje ci\u0105g pieszo-rowerowy \u0142\u0105cz\u0105cy ulic\u0119 Pawi\u0105 z Kukuczki. Koszt ca\u0142ego przedsi\u0119wzi\u0119cia wyniesienie niewiele ponad 200 tysi\u0119cy z\u0142otych, a wszystkie prace powinny zako\u0144czy\u0107 si\u0119 pod koniec listopada.<\/p>\n","protected":false},"author":1,"featured_media":2989,"comment_status":"open","ping_status":"open","sticky":false,"template":"","format":"standard","meta":{"footnotes":""},"categories":[14,12],"tags":[158,312,112,242,326,327,243,310],"class_list":["post-3050","post","type-post","status-publish","format-standard","has-post-thumbnail","hentry","category-aktualnosci","category-artykuly","tag-budowa","tag-droga","tag-gaj","tag-kukuczki","tag-pawia","tag-przejscie","tag-sciezka-rowerowa","tag-wojszyce"],"_links":{"self":[{"href":"https:\/\/online.tvk-gaj.pl\/index.php?rest_route=\/wp\/v2\/posts\/3050","targetHints":{"allow":["GET"]}}],"collection":[{"href":"https:\/\/online.tvk-gaj.pl\/index.php?rest_route=\/wp\/v2\/posts"}],"about":[{"href":"https:\/\/online.tvk-gaj.pl\/index.php?rest_route=\/wp\/v2\/types\/post"}],"author":[{"embeddable":true,"href":"https:\/\/online.tvk-gaj.pl\/index.php?rest_route=\/wp\/v2\/users\/1"}],"replies":[{"embeddable":true,"href":"https:\/\/online.tvk-gaj.pl\/index.php?rest_route=%2Fwp%2Fv2%2Fcomments&post=3050"}],"version-history":[{"count":4,"href":"https:\/\/online.tvk-gaj.pl\/index.php?rest_route=\/wp\/v2\/posts\/3050\/revisions"}],"predecessor-version":[{"id":3904,"href":"https:\/\/online.tvk-gaj.pl\/index.php?rest_route=\/wp\/v2\/posts\/3050\/revisions\/3904"}],"wp:featuredmedia":[{"embeddable":true,"href":"https:\/\/online.tvk-gaj.pl\/index.php?rest_route=\/wp\/v2\/media\/2989"}],"wp:attachment":[{"href":"https:\/\/online.tvk-gaj.pl\/index.php?rest_route=%2Fwp%2Fv2%2Fmedia&parent=3050"}],"wp:term":[{"taxonomy":"category","embeddable":true,"href":"https:\/\/online.tvk-gaj.pl\/index.php?rest_route=%2Fwp%2Fv2%2Fcategories&post=3050"},{"taxonomy":"post_tag","embeddable":true,"href":"https:\/\/online.tvk-gaj.pl\/index.php?rest_route=%2Fwp%2Fv2%2Ftags&post=3050"}],"curies":[{"name":"wp","href":"https:\/\/api.w.org\/{rel}","templated":true}]}}