{"id":3087,"date":"2014-08-24T16:15:11","date_gmt":"2014-08-24T14:15:11","guid":{"rendered":"http:\/\/www.tvk-gaj.pl\/~gajonline\/?p=3087"},"modified":"2014-08-24T16:19:56","modified_gmt":"2014-08-24T14:19:56","slug":"fotorelacja-z-pikniku-osiedlowego-w-sobote-23-sierpnia","status":"publish","type":"post","link":"https:\/\/online.tvk-gaj.pl\/?p=3087","title":{"rendered":"Fotorelacja z pikniku osiedlowego"},"content":{"rendered":"<p>Zapraszamy do kr\u00f3tkiej fotorelacji z pikniku osiedlowego, kt\u00f3ry odby\u0142 si\u0119 w sobot\u0119, 23 sierpnia na terenie Parku S\u0142onecznego na Gaju.<!--more--><\/p>\n<p>&nbsp;<\/p>\n<p>Zapraszamy do kr\u00f3tkiej fotorelacji autorstwa Pana Andrzeja Nawrota &#8211; cz\u0142onka Zarz\u0105du Rady Osiedla Gaj.<\/p>\n<p>&nbsp;<\/p>\n<p><img decoding=\"async\" class=\"ngg_displayed_gallery mceItem\" src=\"http:\/\/www.tvk-gaj.pl\/~gajonline\/index.php\/nextgen-attach_to_post\/preview\/id--3089\" alt=\"\" \/><\/p>\n<p>&nbsp;<\/p>\n<p>&nbsp;<\/p>\n<p>&nbsp;<\/p>\n","protected":false},"excerpt":{"rendered":"<p>Zapraszamy do kr\u00f3tkiej fotorelacji z pikniku osiedlowego, kt\u00f3ry odby\u0142 si\u0119 w sobot\u0119, 23 sierpnia na terenie Parku S\u0142onecznego na Gaju.<\/p>\n","protected":false},"author":1,"featured_media":3088,"comment_status":"open","ping_status":"open","sticky":false,"template":"","format":"standard","meta":{"footnotes":""},"categories":[14,12],"tags":[285,166,128,330,88,135,331],"class_list":["post-3087","post","type-post","status-publish","format-standard","has-post-thumbnail","hentry","category-aktualnosci","category-artykuly","tag-impreza","tag-osiedle-gaj","tag-park-sloneczny","tag-piknik-osiedla-gaj","tag-piknik-osiedlowy","tag-rada-osiedla-gaj","tag-zabawa"],"_links":{"self":[{"href":"https:\/\/online.tvk-gaj.pl\/index.php?rest_route=\/wp\/v2\/posts\/3087","targetHints":{"allow":["GET"]}}],"collection":[{"href":"https:\/\/online.tvk-gaj.pl\/index.php?rest_route=\/wp\/v2\/posts"}],"about":[{"href":"https:\/\/online.tvk-gaj.pl\/index.php?rest_route=\/wp\/v2\/types\/post"}],"author":[{"embeddable":true,"href":"https:\/\/online.tvk-gaj.pl\/index.php?rest_route=\/wp\/v2\/users\/1"}],"replies":[{"embeddable":true,"href":"https:\/\/online.tvk-gaj.pl\/index.php?rest_route=%2Fwp%2Fv2%2Fcomments&post=3087"}],"version-history":[{"count":5,"href":"https:\/\/online.tvk-gaj.pl\/index.php?rest_route=\/wp\/v2\/posts\/3087\/revisions"}],"predecessor-version":[{"id":3094,"href":"https:\/\/online.tvk-gaj.pl\/index.php?rest_route=\/wp\/v2\/posts\/3087\/revisions\/3094"}],"wp:featuredmedia":[{"embeddable":true,"href":"https:\/\/online.tvk-gaj.pl\/index.php?rest_route=\/wp\/v2\/media\/3088"}],"wp:attachment":[{"href":"https:\/\/online.tvk-gaj.pl\/index.php?rest_route=%2Fwp%2Fv2%2Fmedia&parent=3087"}],"wp:term":[{"taxonomy":"category","embeddable":true,"href":"https:\/\/online.tvk-gaj.pl\/index.php?rest_route=%2Fwp%2Fv2%2Fcategories&post=3087"},{"taxonomy":"post_tag","embeddable":true,"href":"https:\/\/online.tvk-gaj.pl\/index.php?rest_route=%2Fwp%2Fv2%2Ftags&post=3087"}],"curies":[{"name":"wp","href":"https:\/\/api.w.org\/{rel}","templated":true}]}}