{"id":3095,"date":"2014-08-27T11:39:01","date_gmt":"2014-08-27T09:39:01","guid":{"rendered":"http:\/\/www.tvk-gaj.pl\/~gajonline\/?p=3095"},"modified":"2014-08-27T13:10:53","modified_gmt":"2014-08-27T11:10:53","slug":"punkt-mops-przy-radzie-osiedla-wzawia-dzialalnosc-i-zaprasza-na-spotkania","status":"publish","type":"post","link":"https:\/\/online.tvk-gaj.pl\/?p=3095","title":{"rendered":"Punkt MOPS przy Radzie Osiedla wzawia dzia\u0142alno\u015b\u0107 i zaprasza na spotkania"},"content":{"rendered":"<p>Po wakacjach swoja prac\u0119 wznawia punkt Miejskiego O\u015brodka Pomocy Spo\u0142ecznej mieszcz\u0105cy si\u0119 w siedzibie Rady Osiedla Gaj. W zwi\u0105zku z tym Zesp\u00f3\u0142 Terenowej Pracy Socjalnej nr 5 w MOPS zaprasza na jesienny cykl spotka\u0144 dla mieszka\u0144c\u00f3w osiedla.<!--more--><\/p>\n<p>&nbsp;<\/p>\n<p>Zesp\u00f3\u0142 Terenowej Pracy Socjalnej Nr 5 Miejskiego O\u015brodka Pomocy Spo\u0142ecznej we Wroc\u0142awiu przy ul. Kniaziewicza 29, prowadz\u0105cy punkt informacyjno-konsultacyjny przy siedzibie Rady Osiedla Gaj, zaprasza na jesienne spotkania dla mieszka\u0144c\u00f3w osiedla. W ramach spotka\u0144 z oddelegowanym pracownikiem z dzia\u0142u \u015bwiadcze\u0144 MOPS odb\u0119d\u0105 si\u0119 nast\u0119puj\u0105ce spotkania:<\/p>\n<p><strong>03.09.2014r. (\u015broda), godz. 16:30 &#8211; &#8222;Zasi\u0142ki rodzinne i przys\u0142uguj\u0105ce dodatki do zasi\u0142ku rodzinnego&#8221;<\/strong><\/p>\n<p><strong>01.10.2014r. (\u015broda), godz. 16:30 &#8211; &#8222;Dodatki mieszkaniowe i energetyczne&#8221;.\u00a0<\/strong><\/p>\n<p>&nbsp;<\/p>\n<p>W ramach dzia\u0142a\u0144 \u015brodowiskowych prowadzone b\u0119d\u0105 spotkania z mieszka\u0144cami osiedla. Miejsce spotka\u0144 to siedziba Rada Osiedla Gaj, przy ul. Krynickiej 80.<\/p>\n<p>&nbsp;<\/p>\n<p><a href=\"http:\/\/www.tvk-gaj.pl\/~gajonline\/wp-content\/uploads\/2013\/06\/mops.jpg\"><img loading=\"lazy\" decoding=\"async\" class=\"aligncenter size-large wp-image-1349\" src=\"http:\/\/www.tvk-gaj.pl\/~gajonline\/wp-content\/uploads\/2013\/06\/mops-1024x652.jpg\" alt=\"mops\" width=\"838\" height=\"533\" srcset=\"https:\/\/online.tvk-gaj.pl\/wp-content\/uploads\/2013\/06\/mops-1024x652.jpg 1024w, https:\/\/online.tvk-gaj.pl\/wp-content\/uploads\/2013\/06\/mops-300x191.jpg 300w, https:\/\/online.tvk-gaj.pl\/wp-content\/uploads\/2013\/06\/mops.jpg 1239w\" sizes=\"auto, (max-width: 838px) 100vw, 838px\" \/><\/a><\/p>\n<p>&nbsp;<\/p>\n<p>&nbsp;<\/p>\n","protected":false},"excerpt":{"rendered":"<p>Po wakacjach swoja prac\u0119 wznawia punkt Miejskiego O\u015brodka Pomocy Spo\u0142ecznej mieszcz\u0105cy si\u0119 w siedzibie Rady Osiedla Gaj. W zwi\u0105zku z tym Zesp\u00f3\u0142 Terenowej Pracy Socjalnej nr 5 w MOPS zaprasza na jesienny cykl spotka\u0144 dla mieszka\u0144c\u00f3w osiedla.<\/p>\n","protected":false},"author":1,"featured_media":1801,"comment_status":"open","ping_status":"open","sticky":false,"template":"","format":"standard","meta":{"footnotes":""},"categories":[14,12],"tags":[112,333,318,317,332,135,334],"class_list":["post-3095","post","type-post","status-publish","format-standard","has-post-thumbnail","hentry","category-aktualnosci","category-artykuly","tag-gaj","tag-krzyki","tag-miejski-osrodek-pomocy-spolecznej","tag-mops","tag-punkt-mops-przy-radzie-osiedla-gaj","tag-rada-osiedla-gaj","tag-zespol-terenowej-pracy-socjalnej-nr-5-wroclaw"],"_links":{"self":[{"href":"https:\/\/online.tvk-gaj.pl\/index.php?rest_route=\/wp\/v2\/posts\/3095","targetHints":{"allow":["GET"]}}],"collection":[{"href":"https:\/\/online.tvk-gaj.pl\/index.php?rest_route=\/wp\/v2\/posts"}],"about":[{"href":"https:\/\/online.tvk-gaj.pl\/index.php?rest_route=\/wp\/v2\/types\/post"}],"author":[{"embeddable":true,"href":"https:\/\/online.tvk-gaj.pl\/index.php?rest_route=\/wp\/v2\/users\/1"}],"replies":[{"embeddable":true,"href":"https:\/\/online.tvk-gaj.pl\/index.php?rest_route=%2Fwp%2Fv2%2Fcomments&post=3095"}],"version-history":[{"count":1,"href":"https:\/\/online.tvk-gaj.pl\/index.php?rest_route=\/wp\/v2\/posts\/3095\/revisions"}],"predecessor-version":[{"id":3096,"href":"https:\/\/online.tvk-gaj.pl\/index.php?rest_route=\/wp\/v2\/posts\/3095\/revisions\/3096"}],"wp:featuredmedia":[{"embeddable":true,"href":"https:\/\/online.tvk-gaj.pl\/index.php?rest_route=\/wp\/v2\/media\/1801"}],"wp:attachment":[{"href":"https:\/\/online.tvk-gaj.pl\/index.php?rest_route=%2Fwp%2Fv2%2Fmedia&parent=3095"}],"wp:term":[{"taxonomy":"category","embeddable":true,"href":"https:\/\/online.tvk-gaj.pl\/index.php?rest_route=%2Fwp%2Fv2%2Fcategories&post=3095"},{"taxonomy":"post_tag","embeddable":true,"href":"https:\/\/online.tvk-gaj.pl\/index.php?rest_route=%2Fwp%2Fv2%2Ftags&post=3095"}],"curies":[{"name":"wp","href":"https:\/\/api.w.org\/{rel}","templated":true}]}}