{"id":3116,"date":"2014-09-19T00:16:08","date_gmt":"2014-09-18T22:16:08","guid":{"rendered":"http:\/\/www.tvk-gaj.pl\/~gajonline\/?p=3116"},"modified":"2014-09-27T17:27:38","modified_gmt":"2014-09-27T15:27:38","slug":"zapraszamy-na-piknik-rodzinny-na-gaju","status":"publish","type":"post","link":"https:\/\/online.tvk-gaj.pl\/?p=3116","title":{"rendered":"Zapraszamy na Piknik Rodzinny na Gaju"},"content":{"rendered":"<p>Zapraszamy na Piknik Rodzinny na Gaju. Wi\u0119cej informacji w dalszej cz\u0119\u015bci artyku\u0142u&#8230;<!--more--><br \/>\nRada Osiedla Gaj serdecznie zaprasza na Piknik Rodzinny na Gaju.<\/p>\n<p>Impreza odb\u0119dzie si\u0119 20 wrze\u015bnia na ternie osiedlowego Parku S\u0142onecznego w godzinach 13-20. Has\u0142o tegorocznego pikniku to &#8222;\u017begnamy lato&#8221;!<\/p>\n<p>W programie przewidziano liczne atrakcje dla dzieci i m\u0142odzie\u017cy, w tym m.in. gry i zabawy poprowadzone przez profesjonalnych animator\u00f3w zabaw.<\/p>\n<p>Ponadto podczas pikniku b\u0119dzie mo\u017cliwo\u015b\u0107 zapoznania si\u0119 z projektami zg\u0142oszonymi do Wroc\u0142awskiego Bud\u017cetu Obywatelskiego 2014 oraz oddania na nie g\u0142osu w specjalnym punkcie do g\u0142osowania!<\/p>\n<p>&nbsp;<\/p>\n<p><a href=\"http:\/\/www.tvk-gaj.pl\/~gajonline\/wp-content\/uploads\/2014\/09\/ulotka_piknik.jpg\"><img loading=\"lazy\" decoding=\"async\" class=\"aligncenter size-large wp-image-3117\" src=\"http:\/\/www.tvk-gaj.pl\/~gajonline\/wp-content\/uploads\/2014\/09\/ulotka_piknik-727x1024.jpg\" alt=\"ulotka_piknik\" width=\"727\" height=\"1024\" srcset=\"https:\/\/online.tvk-gaj.pl\/wp-content\/uploads\/2014\/09\/ulotka_piknik-727x1024.jpg 727w, https:\/\/online.tvk-gaj.pl\/wp-content\/uploads\/2014\/09\/ulotka_piknik-213x300.jpg 213w, https:\/\/online.tvk-gaj.pl\/wp-content\/uploads\/2014\/09\/ulotka_piknik.jpg 1795w\" sizes=\"auto, (max-width: 727px) 100vw, 727px\" \/><\/a><\/p>\n<p>&nbsp;<\/p>\n<p>&nbsp;<\/p>\n<p><b>Zapraszamy!<\/b><\/p>\n<p>&nbsp;<\/p>\n<p>&nbsp;<\/p>\n","protected":false},"excerpt":{"rendered":"<p>Zapraszamy na Piknik Rodzinny na Gaju. Wi\u0119cej informacji w dalszej cz\u0119\u015bci artyku\u0142u&#8230;<\/p>\n","protected":false},"author":1,"featured_media":3121,"comment_status":"open","ping_status":"open","sticky":false,"template":"","format":"standard","meta":{"footnotes":""},"categories":[14],"tags":[112,285,128,330,88,268,135,274],"class_list":["post-3116","post","type-post","status-publish","format-standard","has-post-thumbnail","hentry","category-aktualnosci","tag-gaj","tag-impreza","tag-park-sloneczny","tag-piknik-osiedla-gaj","tag-piknik-osiedlowy","tag-piknik-rodzinny","tag-rada-osiedla-gaj","tag-wroclawski-budzet-obywatelski-2014"],"_links":{"self":[{"href":"https:\/\/online.tvk-gaj.pl\/index.php?rest_route=\/wp\/v2\/posts\/3116","targetHints":{"allow":["GET"]}}],"collection":[{"href":"https:\/\/online.tvk-gaj.pl\/index.php?rest_route=\/wp\/v2\/posts"}],"about":[{"href":"https:\/\/online.tvk-gaj.pl\/index.php?rest_route=\/wp\/v2\/types\/post"}],"author":[{"embeddable":true,"href":"https:\/\/online.tvk-gaj.pl\/index.php?rest_route=\/wp\/v2\/users\/1"}],"replies":[{"embeddable":true,"href":"https:\/\/online.tvk-gaj.pl\/index.php?rest_route=%2Fwp%2Fv2%2Fcomments&post=3116"}],"version-history":[{"count":4,"href":"https:\/\/online.tvk-gaj.pl\/index.php?rest_route=\/wp\/v2\/posts\/3116\/revisions"}],"predecessor-version":[{"id":4813,"href":"https:\/\/online.tvk-gaj.pl\/index.php?rest_route=\/wp\/v2\/posts\/3116\/revisions\/4813"}],"wp:featuredmedia":[{"embeddable":true,"href":"https:\/\/online.tvk-gaj.pl\/index.php?rest_route=\/wp\/v2\/media\/3121"}],"wp:attachment":[{"href":"https:\/\/online.tvk-gaj.pl\/index.php?rest_route=%2Fwp%2Fv2%2Fmedia&parent=3116"}],"wp:term":[{"taxonomy":"category","embeddable":true,"href":"https:\/\/online.tvk-gaj.pl\/index.php?rest_route=%2Fwp%2Fv2%2Fcategories&post=3116"},{"taxonomy":"post_tag","embeddable":true,"href":"https:\/\/online.tvk-gaj.pl\/index.php?rest_route=%2Fwp%2Fv2%2Ftags&post=3116"}],"curies":[{"name":"wp","href":"https:\/\/api.w.org\/{rel}","templated":true}]}}