{"id":3122,"date":"2014-09-13T15:33:04","date_gmt":"2014-09-13T13:33:04","guid":{"rendered":"http:\/\/www.tvk-gaj.pl\/~gajonline\/?p=3122"},"modified":"2014-09-13T15:33:04","modified_gmt":"2014-09-13T13:33:04","slug":"32-wroclaw-maraton-przypominamy-o-utrudnieniach-w-ruchu-drogowym","status":"publish","type":"post","link":"https:\/\/online.tvk-gaj.pl\/?p=3122","title":{"rendered":"32 Wroc\u0142aw Maraton. Przypominamy o utrudnieniach w ruchu drogowym"},"content":{"rendered":"<p><span style=\"color: #141823;\">Uwaga! Przypominamy, \u017ce w dniu jutrzejszym, tj. w niedziel\u0119, 14 wrze\u015bnia, odb\u0119dzie si\u0119 32 Wroc\u0142aw Maraton. W zwi\u0105zku z tym nast\u0105pi\u0105 utrudnienia w ruchu drogowym.\u00a0<\/span><!--more--><\/p>\n<p>&nbsp;<\/p>\n<p><span style=\"color: #141823;\">Uwaga! Przypominamy, \u017ce w dniu jutrzejszym, tj. w niedziel\u0119, 14 wrze\u015bnia, odb\u0119dzie si\u0119 32 Wroc\u0142aw Maraton. <\/span><\/p>\n<p><span style=\"color: #141823;\">W zwi\u0105zku z tym nast\u0105pi\u0105 utrudnienia w ruchu drogowym. <\/span><\/p>\n<p><span style=\"color: #141823;\">Na terenie naszego osiedla zamkni\u0119ta zostanie ulica Borowska oraz Armii Krajowej. Utrudnienia potrwaj\u0105 od godziny 9 do oko\u0142o godziny 15.<\/span><\/p>\n<p>&nbsp;<\/p>\n<p><a href=\"http:\/\/www.tvk-gaj.pl\/~gajonline\/wp-content\/uploads\/2014\/09\/2014-09-13-13.38.55.jpg\"><img loading=\"lazy\" decoding=\"async\" class=\"aligncenter size-large wp-image-3123\" src=\"http:\/\/www.tvk-gaj.pl\/~gajonline\/wp-content\/uploads\/2014\/09\/2014-09-13-13.38.55-1024x576.jpg\" alt=\"2014-09-13 13.38.55\" width=\"838\" height=\"471\" srcset=\"https:\/\/online.tvk-gaj.pl\/wp-content\/uploads\/2014\/09\/2014-09-13-13.38.55-1024x576.jpg 1024w, https:\/\/online.tvk-gaj.pl\/wp-content\/uploads\/2014\/09\/2014-09-13-13.38.55-300x168.jpg 300w, https:\/\/online.tvk-gaj.pl\/wp-content\/uploads\/2014\/09\/2014-09-13-13.38.55.jpg 1836w\" sizes=\"auto, (max-width: 838px) 100vw, 838px\" \/><\/a><\/p>\n<p>&nbsp;<\/p>\n<p><strong>Trasa Maratonu<\/strong><\/p>\n<p>&nbsp;<\/p>\n<p><a href=\"http:\/\/www.tvk-gaj.pl\/~gajonline\/wp-content\/uploads\/2014\/09\/mapa_32._wroc__aw_maraton.jpg\"><img loading=\"lazy\" decoding=\"async\" class=\"aligncenter size-large wp-image-3124\" src=\"http:\/\/www.tvk-gaj.pl\/~gajonline\/wp-content\/uploads\/2014\/09\/mapa_32._wroc__aw_maraton-1024x724.jpg\" alt=\"mapa_32._wroc__aw_maraton\" width=\"838\" height=\"592\" srcset=\"https:\/\/online.tvk-gaj.pl\/wp-content\/uploads\/2014\/09\/mapa_32._wroc__aw_maraton-1024x724.jpg 1024w, https:\/\/online.tvk-gaj.pl\/wp-content\/uploads\/2014\/09\/mapa_32._wroc__aw_maraton-300x212.jpg 300w\" sizes=\"auto, (max-width: 838px) 100vw, 838px\" \/><\/a><\/p>\n<p>&nbsp;<\/p>\n<p>&nbsp;<\/p>\n<p>&nbsp;<\/p>\n","protected":false},"excerpt":{"rendered":"<p>Uwaga! Przypominamy, \u017ce w dniu jutrzejszym, tj. w niedziel\u0119, 14 wrze\u015bnia, odb\u0119dzie si\u0119 32 Wroc\u0142aw Maraton. W zwi\u0105zku z tym nast\u0105pi\u0105 utrudnienia w ruchu drogowym.\u00a0<\/p>\n","protected":false},"author":1,"featured_media":3123,"comment_status":"open","ping_status":"open","sticky":false,"template":"","format":"standard","meta":{"footnotes":""},"categories":[14],"tags":[343,112,342,291],"class_list":["post-3122","post","type-post","status-publish","format-standard","has-post-thumbnail","hentry","category-aktualnosci","tag-32-wroclaw-maraton-gaj","tag-gaj","tag-maraton-wroclaw","tag-utrudnienia-w-ruchu-drogowym"],"_links":{"self":[{"href":"https:\/\/online.tvk-gaj.pl\/index.php?rest_route=\/wp\/v2\/posts\/3122","targetHints":{"allow":["GET"]}}],"collection":[{"href":"https:\/\/online.tvk-gaj.pl\/index.php?rest_route=\/wp\/v2\/posts"}],"about":[{"href":"https:\/\/online.tvk-gaj.pl\/index.php?rest_route=\/wp\/v2\/types\/post"}],"author":[{"embeddable":true,"href":"https:\/\/online.tvk-gaj.pl\/index.php?rest_route=\/wp\/v2\/users\/1"}],"replies":[{"embeddable":true,"href":"https:\/\/online.tvk-gaj.pl\/index.php?rest_route=%2Fwp%2Fv2%2Fcomments&post=3122"}],"version-history":[{"count":1,"href":"https:\/\/online.tvk-gaj.pl\/index.php?rest_route=\/wp\/v2\/posts\/3122\/revisions"}],"predecessor-version":[{"id":3125,"href":"https:\/\/online.tvk-gaj.pl\/index.php?rest_route=\/wp\/v2\/posts\/3122\/revisions\/3125"}],"wp:featuredmedia":[{"embeddable":true,"href":"https:\/\/online.tvk-gaj.pl\/index.php?rest_route=\/wp\/v2\/media\/3123"}],"wp:attachment":[{"href":"https:\/\/online.tvk-gaj.pl\/index.php?rest_route=%2Fwp%2Fv2%2Fmedia&parent=3122"}],"wp:term":[{"taxonomy":"category","embeddable":true,"href":"https:\/\/online.tvk-gaj.pl\/index.php?rest_route=%2Fwp%2Fv2%2Fcategories&post=3122"},{"taxonomy":"post_tag","embeddable":true,"href":"https:\/\/online.tvk-gaj.pl\/index.php?rest_route=%2Fwp%2Fv2%2Ftags&post=3122"}],"curies":[{"name":"wp","href":"https:\/\/api.w.org\/{rel}","templated":true}]}}