{"id":3126,"date":"2014-09-16T00:48:57","date_gmt":"2014-09-15T22:48:57","guid":{"rendered":"http:\/\/www.tvk-gaj.pl\/~gajonline\/?p=3126"},"modified":"2014-09-16T23:44:05","modified_gmt":"2014-09-16T21:44:05","slug":"rozpoczelo-sie-glosowanie-do-wroclawskiego-budzetu-obywatelskiego","status":"publish","type":"post","link":"https:\/\/online.tvk-gaj.pl\/?p=3126","title":{"rendered":"Rozpocz\u0119\u0142o si\u0119 g\u0142osowanie do Wroc\u0142awskiego Bud\u017cetu Obywatelskiego"},"content":{"rendered":"<p><span style=\"color: #141823;\">Rozpocz\u0119\u0142o si\u0119 g\u0142osowanie na tegoroczny Wroc\u0142awski Bud\u017cet Obywatelski. W ramach tej akcji zapraszamy i zach\u0119camy do g\u0142osowania na projekty dotycz\u0105ce naszego osiedla.\u00a0<\/span><\/p>\n<p><!--more--><\/p>\n<p><span style=\"color: #141823;\">Zapraszamy do g\u0142osowania na projekty z Gaju!<\/span><\/p>\n<p><a href=\"http:\/\/www.tvk-gaj.pl\/~gajonline\/wp-content\/uploads\/2014\/09\/ulotka_WBO_str1.jpg\"><img loading=\"lazy\" decoding=\"async\" class=\"aligncenter size-large wp-image-3127\" src=\"http:\/\/www.tvk-gaj.pl\/~gajonline\/wp-content\/uploads\/2014\/09\/ulotka_WBO_str1-727x1024.jpg\" alt=\"ulotka_WBO_str1\" width=\"727\" height=\"1024\" srcset=\"https:\/\/online.tvk-gaj.pl\/wp-content\/uploads\/2014\/09\/ulotka_WBO_str1-727x1024.jpg 727w, https:\/\/online.tvk-gaj.pl\/wp-content\/uploads\/2014\/09\/ulotka_WBO_str1-213x300.jpg 213w, https:\/\/online.tvk-gaj.pl\/wp-content\/uploads\/2014\/09\/ulotka_WBO_str1.jpg 1795w\" sizes=\"auto, (max-width: 727px) 100vw, 727px\" \/><\/a><\/p>\n<p><img loading=\"lazy\" decoding=\"async\" class=\"aligncenter size-large wp-image-3128\" src=\"http:\/\/www.tvk-gaj.pl\/~gajonline\/wp-content\/uploads\/2014\/09\/ulotka_WBO_str2-727x1024.jpg\" alt=\"ulotka_WBO_str2\" width=\"727\" height=\"1024\" srcset=\"https:\/\/online.tvk-gaj.pl\/wp-content\/uploads\/2014\/09\/ulotka_WBO_str2-727x1024.jpg 727w, https:\/\/online.tvk-gaj.pl\/wp-content\/uploads\/2014\/09\/ulotka_WBO_str2-213x300.jpg 213w, https:\/\/online.tvk-gaj.pl\/wp-content\/uploads\/2014\/09\/ulotka_WBO_str2.jpg 1795w\" sizes=\"auto, (max-width: 727px) 100vw, 727px\" \/><\/p>\n<p>&nbsp;<\/p>\n<h2>G\u0142osowanie odbywa si\u0119 pod adresem:\u00a0<span style=\"color: #000000;\"><a href=\"https:\/\/www.wroclaw.pl\/budzet-obywatelski-wroclaw\/glosowanie\" target=\"_blank\"><span style=\"color: #000000;\">https:\/\/www.wroclaw.pl\/budzet-obywatelski-wroclaw\/glosowanie\u00a0<\/span><\/a><\/span><\/h2>\n<p>&nbsp;<\/p>\n<p><span style=\"color: #141823;\">Wi\u0119cej informacji na stronie\u00a0<\/span><span style=\"color: #000000;\"><a style=\"color: #3b5998;\" href=\"http:\/\/www.wroclaw.pl\/wroclawski-budzet-obywatelski\" target=\"_blank\" rel=\"nofollow nofollow\"><span style=\"color: #000000;\">http:\/\/www.wroclaw.pl\/wroclawski-budzet-obywatelski<\/span><\/a><\/span><span style=\"color: #141823;\"><span style=\"color: #000000;\">!<\/span> Wkr\u00f3tce te\u017c wi\u0119cej informacji na naszym profilu oraz na terenie Gaju!<\/span><\/p>\n<p>&nbsp;<\/p>\n<p>&nbsp;<\/p>\n","protected":false},"excerpt":{"rendered":"<p>Rozpocz\u0119\u0142o si\u0119 g\u0142osowanie na tegoroczny Wroc\u0142awski Bud\u017cet Obywatelski. W ramach tej akcji zapraszamy i zach\u0119camy do g\u0142osowania na projekty dotycz\u0105ce naszego osiedla.\u00a0<\/p>\n","protected":false},"author":1,"featured_media":1283,"comment_status":"open","ping_status":"open","sticky":false,"template":"","format":"standard","meta":{"footnotes":""},"categories":[14,12],"tags":[112,345,340,135,275,339,344,274],"class_list":["post-3126","post","type-post","status-publish","format-standard","has-post-thumbnail","hentry","category-aktualnosci","category-artykuly","tag-gaj","tag-glosowanie","tag-projekty","tag-rada-osiedla-gaj","tag-wbo","tag-wbo-2014","tag-wroclawski-budzet-obywatelski","tag-wroclawski-budzet-obywatelski-2014"],"_links":{"self":[{"href":"https:\/\/online.tvk-gaj.pl\/index.php?rest_route=\/wp\/v2\/posts\/3126","targetHints":{"allow":["GET"]}}],"collection":[{"href":"https:\/\/online.tvk-gaj.pl\/index.php?rest_route=\/wp\/v2\/posts"}],"about":[{"href":"https:\/\/online.tvk-gaj.pl\/index.php?rest_route=\/wp\/v2\/types\/post"}],"author":[{"embeddable":true,"href":"https:\/\/online.tvk-gaj.pl\/index.php?rest_route=\/wp\/v2\/users\/1"}],"replies":[{"embeddable":true,"href":"https:\/\/online.tvk-gaj.pl\/index.php?rest_route=%2Fwp%2Fv2%2Fcomments&post=3126"}],"version-history":[{"count":5,"href":"https:\/\/online.tvk-gaj.pl\/index.php?rest_route=\/wp\/v2\/posts\/3126\/revisions"}],"predecessor-version":[{"id":3135,"href":"https:\/\/online.tvk-gaj.pl\/index.php?rest_route=\/wp\/v2\/posts\/3126\/revisions\/3135"}],"wp:featuredmedia":[{"embeddable":true,"href":"https:\/\/online.tvk-gaj.pl\/index.php?rest_route=\/wp\/v2\/media\/1283"}],"wp:attachment":[{"href":"https:\/\/online.tvk-gaj.pl\/index.php?rest_route=%2Fwp%2Fv2%2Fmedia&parent=3126"}],"wp:term":[{"taxonomy":"category","embeddable":true,"href":"https:\/\/online.tvk-gaj.pl\/index.php?rest_route=%2Fwp%2Fv2%2Fcategories&post=3126"},{"taxonomy":"post_tag","embeddable":true,"href":"https:\/\/online.tvk-gaj.pl\/index.php?rest_route=%2Fwp%2Fv2%2Ftags&post=3126"}],"curies":[{"name":"wp","href":"https:\/\/api.w.org\/{rel}","templated":true}]}}