{"id":3352,"date":"2014-09-25T00:08:51","date_gmt":"2014-09-24T22:08:51","guid":{"rendered":"http:\/\/www.tvk-gaj.pl\/~gajonline\/?p=3352"},"modified":"2014-09-27T11:16:17","modified_gmt":"2014-09-27T09:16:17","slug":"nowe-progi-zwalniajace-na-osiedlu","status":"publish","type":"post","link":"https:\/\/online.tvk-gaj.pl\/?p=3352","title":{"rendered":"Nowe progi zwalniaj\u0105ce na osiedlu"},"content":{"rendered":"<p>Na wniosek Rady Osiedla Gaj w najbli\u017cszych tygodniach na terenie osiedla pojawi\u0105 si\u0119 nowe progi zwalniaj\u0105ce&#8230;<!--more--><\/p>\n<p>&nbsp;<\/p>\n<p style=\"text-align: center;\"><a href=\"http:\/\/www.tvk-gaj.pl\/~gajonline\/wp-content\/uploads\/2012\/10\/IMG_1126.jpg\"><img loading=\"lazy\" decoding=\"async\" class=\"aligncenter size-large wp-image-197\" src=\"http:\/\/www.tvk-gaj.pl\/~gajonline\/wp-content\/uploads\/2012\/10\/IMG_1126-1024x764.jpg\" alt=\"IMG_1126\" width=\"838\" height=\"625\" srcset=\"https:\/\/online.tvk-gaj.pl\/wp-content\/uploads\/2012\/10\/IMG_1126-1024x764.jpg 1024w, https:\/\/online.tvk-gaj.pl\/wp-content\/uploads\/2012\/10\/IMG_1126-300x224.jpg 300w\" sizes=\"auto, (max-width: 838px) 100vw, 838px\" \/><\/a>\u00a0<i>Monta\u017c progu zwalniaj\u0105cego przy ul. Orzechowej &#8211; zdj\u0119cie archiwalne<\/i><\/p>\n<p>&nbsp;<\/p>\n<p>Nowe progi zwalniaj\u0105ce pojawi\u0105 si\u0119 na ulicach:<\/p>\n<p><strong>Krynickiej<\/strong><br \/>\n<strong>Orzechowej<\/strong><\/p>\n<p>&nbsp;<\/p>\n<p>Powstanie 8 nowych prog\u00f3w zwalniaj\u0105cych, maj\u0105cych na celu uspokojenie ruchu drogowego w obr\u0119bie centrum osiedla. Progi zbuduje firma\u00a0<span style=\"color: #000000;\">Elektrotim, za\u015b roboty rozpoczn\u0105 si\u0119 w przysz\u0142ym tygodniu.<\/span><\/p>\n<p>Jak t\u0142umacz\u0105 urz\u0119dnicy<span style=\"color: #000000;\">\u00a0nowe progi s\u0105 przyjazne dla samochod\u00f3w \u2013 oczywi\u015bcie, je\u015bli kierowca jedzie z pr\u0119dko\u015bci\u0105 30 km\/godz. Wysoko\u015b\u0107 prog\u00f3w to 12 cm, a ich krzywizna jest \u0142agodna. Progi wykonane b\u0119d\u0105 z gotowych betonowych element\u00f3w, kt\u00f3re zostan\u0105 wmontowane w nawierzchni\u0119.\u00a0<\/span><br style=\"color: #000000;\" \/><br style=\"color: #000000;\" \/><br \/>\nCo s\u0105dzicie o budowie prog\u00f3w zwalniaj\u0105cych? Podzielcie si\u0119 swoj\u0105 opini\u0105 na ten temat!<\/p>\n<p>&nbsp;<\/p>\n<p>&nbsp;<\/p>\n<p>&nbsp;<\/p>\n","protected":false},"excerpt":{"rendered":"<p>Na wniosek Rady Osiedla Gaj w najbli\u017cszych tygodniach na terenie osiedla pojawi\u0105 si\u0119 nowe progi zwalniaj\u0105ce&#8230;<\/p>\n","protected":false},"author":1,"featured_media":197,"comment_status":"open","ping_status":"open","sticky":false,"template":"","format":"standard","meta":{"footnotes":""},"categories":[14,12],"tags":[112,209,218,352,351],"class_list":["post-3352","post","type-post","status-publish","format-standard","has-post-thumbnail","hentry","category-aktualnosci","category-artykuly","tag-gaj","tag-krynicka","tag-orzechowa","tag-osiedle-2","tag-progi-zwalniajace"],"_links":{"self":[{"href":"https:\/\/online.tvk-gaj.pl\/index.php?rest_route=\/wp\/v2\/posts\/3352","targetHints":{"allow":["GET"]}}],"collection":[{"href":"https:\/\/online.tvk-gaj.pl\/index.php?rest_route=\/wp\/v2\/posts"}],"about":[{"href":"https:\/\/online.tvk-gaj.pl\/index.php?rest_route=\/wp\/v2\/types\/post"}],"author":[{"embeddable":true,"href":"https:\/\/online.tvk-gaj.pl\/index.php?rest_route=\/wp\/v2\/users\/1"}],"replies":[{"embeddable":true,"href":"https:\/\/online.tvk-gaj.pl\/index.php?rest_route=%2Fwp%2Fv2%2Fcomments&post=3352"}],"version-history":[{"count":4,"href":"https:\/\/online.tvk-gaj.pl\/index.php?rest_route=\/wp\/v2\/posts\/3352\/revisions"}],"predecessor-version":[{"id":3356,"href":"https:\/\/online.tvk-gaj.pl\/index.php?rest_route=\/wp\/v2\/posts\/3352\/revisions\/3356"}],"wp:featuredmedia":[{"embeddable":true,"href":"https:\/\/online.tvk-gaj.pl\/index.php?rest_route=\/wp\/v2\/media\/197"}],"wp:attachment":[{"href":"https:\/\/online.tvk-gaj.pl\/index.php?rest_route=%2Fwp%2Fv2%2Fmedia&parent=3352"}],"wp:term":[{"taxonomy":"category","embeddable":true,"href":"https:\/\/online.tvk-gaj.pl\/index.php?rest_route=%2Fwp%2Fv2%2Fcategories&post=3352"},{"taxonomy":"post_tag","embeddable":true,"href":"https:\/\/online.tvk-gaj.pl\/index.php?rest_route=%2Fwp%2Fv2%2Ftags&post=3352"}],"curies":[{"name":"wp","href":"https:\/\/api.w.org\/{rel}","templated":true}]}}