{"id":3358,"date":"2014-10-05T18:58:03","date_gmt":"2014-10-05T16:58:03","guid":{"rendered":"http:\/\/www.tvk-gaj.pl\/~gajonline\/?p=3358"},"modified":"2014-10-05T19:21:06","modified_gmt":"2014-10-05T17:21:06","slug":"konczy-sie-budowa-nowej-sciezki-na-borowskiej","status":"publish","type":"post","link":"https:\/\/online.tvk-gaj.pl\/?p=3358","title":{"rendered":"Ko\u0144czy si\u0119 budowa nowej \u015bcie\u017cki rowerowej na Borowskiej"},"content":{"rendered":"<p>Ko\u0144czy si\u0119 budowa brakuj\u0105cego fragmentu \u015bcie\u017cki rowerowej na ul. Borowskiej. Na inwestycji zyskali r\u00f3wnie\u017c kierowcy, bo powsta\u0142 dodatkowy pas skr\u0119tu w ul. Kukuczki.<!--more--><\/p>\n<p>&nbsp;<\/p>\n\n\t\t<style type=\"text\/css\">\n\t\t\t#gallery-1 {\n\t\t\t\tmargin: auto;\n\t\t\t}\n\t\t\t#gallery-1 .gallery-item {\n\t\t\t\tfloat: left;\n\t\t\t\tmargin-top: 10px;\n\t\t\t\ttext-align: center;\n\t\t\t\twidth: 25%;\n\t\t\t}\n\t\t\t#gallery-1 img {\n\t\t\t\tborder: 2px solid #cfcfcf;\n\t\t\t}\n\t\t\t#gallery-1 .gallery-caption {\n\t\t\t\tmargin-left: 0;\n\t\t\t}\n\t\t\t\/* see gallery_shortcode() in wp-includes\/media.php *\/\n\t\t<\/style>\n\t\t<div id='gallery-1' class='gallery galleryid-3358 gallery-columns-4 gallery-size-thumbnail'><dl class='gallery-item'>\n\t\t\t<dt class='gallery-icon landscape'>\n\t\t\t\t<a href='https:\/\/online.tvk-gaj.pl\/wp-content\/uploads\/2014\/10\/borowska-sciezka-rowerowa-1.jpg'><img loading=\"lazy\" decoding=\"async\" width=\"150\" height=\"150\" src=\"https:\/\/online.tvk-gaj.pl\/wp-content\/uploads\/2014\/10\/borowska-sciezka-rowerowa-1-150x150.jpg\" class=\"attachment-thumbnail size-thumbnail\" alt=\"\" srcset=\"https:\/\/online.tvk-gaj.pl\/wp-content\/uploads\/2014\/10\/borowska-sciezka-rowerowa-1-150x150.jpg 150w, https:\/\/online.tvk-gaj.pl\/wp-content\/uploads\/2014\/10\/borowska-sciezka-rowerowa-1-160x160.jpg 160w, https:\/\/online.tvk-gaj.pl\/wp-content\/uploads\/2014\/10\/borowska-sciezka-rowerowa-1-240x240.jpg 240w, https:\/\/online.tvk-gaj.pl\/wp-content\/uploads\/2014\/10\/borowska-sciezka-rowerowa-1-60x60.jpg 60w, https:\/\/online.tvk-gaj.pl\/wp-content\/uploads\/2014\/10\/borowska-sciezka-rowerowa-1-184x184.jpg 184w\" sizes=\"auto, (max-width: 150px) 100vw, 150px\" \/><\/a>\n\t\t\t<\/dt><\/dl><dl class='gallery-item'>\n\t\t\t<dt class='gallery-icon landscape'>\n\t\t\t\t<a href='https:\/\/online.tvk-gaj.pl\/wp-content\/uploads\/2014\/10\/borowska-sciezka-rowerowa-3.jpg'><img loading=\"lazy\" decoding=\"async\" width=\"150\" height=\"150\" src=\"https:\/\/online.tvk-gaj.pl\/wp-content\/uploads\/2014\/10\/borowska-sciezka-rowerowa-3-150x150.jpg\" class=\"attachment-thumbnail size-thumbnail\" alt=\"\" srcset=\"https:\/\/online.tvk-gaj.pl\/wp-content\/uploads\/2014\/10\/borowska-sciezka-rowerowa-3-150x150.jpg 150w, https:\/\/online.tvk-gaj.pl\/wp-content\/uploads\/2014\/10\/borowska-sciezka-rowerowa-3-160x160.jpg 160w, https:\/\/online.tvk-gaj.pl\/wp-content\/uploads\/2014\/10\/borowska-sciezka-rowerowa-3-240x240.jpg 240w, https:\/\/online.tvk-gaj.pl\/wp-content\/uploads\/2014\/10\/borowska-sciezka-rowerowa-3-60x60.jpg 60w, https:\/\/online.tvk-gaj.pl\/wp-content\/uploads\/2014\/10\/borowska-sciezka-rowerowa-3-184x184.jpg 184w\" sizes=\"auto, (max-width: 150px) 100vw, 150px\" \/><\/a>\n\t\t\t<\/dt><\/dl><dl class='gallery-item'>\n\t\t\t<dt class='gallery-icon landscape'>\n\t\t\t\t<a href='https:\/\/online.tvk-gaj.pl\/wp-content\/uploads\/2014\/10\/borowska-sciezka-rowerowa-4.jpg'><img loading=\"lazy\" decoding=\"async\" width=\"150\" height=\"150\" src=\"https:\/\/online.tvk-gaj.pl\/wp-content\/uploads\/2014\/10\/borowska-sciezka-rowerowa-4-150x150.jpg\" class=\"attachment-thumbnail size-thumbnail\" alt=\"\" srcset=\"https:\/\/online.tvk-gaj.pl\/wp-content\/uploads\/2014\/10\/borowska-sciezka-rowerowa-4-150x150.jpg 150w, https:\/\/online.tvk-gaj.pl\/wp-content\/uploads\/2014\/10\/borowska-sciezka-rowerowa-4-160x160.jpg 160w, https:\/\/online.tvk-gaj.pl\/wp-content\/uploads\/2014\/10\/borowska-sciezka-rowerowa-4-240x240.jpg 240w, https:\/\/online.tvk-gaj.pl\/wp-content\/uploads\/2014\/10\/borowska-sciezka-rowerowa-4-60x60.jpg 60w, https:\/\/online.tvk-gaj.pl\/wp-content\/uploads\/2014\/10\/borowska-sciezka-rowerowa-4-184x184.jpg 184w\" sizes=\"auto, (max-width: 150px) 100vw, 150px\" \/><\/a>\n\t\t\t<\/dt><\/dl>\n\t\t\t<br style='clear: both' \/>\n\t\t<\/div>\n\n<p>&nbsp;<\/p>\n<p>Najprawdopobniej w drugiej po\u0142owie pa\u017adziernika rowerzy\u015bci pojad\u0105 now\u0105 \u015bcie\u017ck\u0105 rowerow\u0105 na ul. Borowskiej. Dotychczas cykli\u015bci od Uniwersyteckiego Szpitala Klinicznego musieli jecha\u0107 po ulicy albo chodniku. Kolejny odcinek zaczyna si\u0119 dopiero na wysoko\u015bci wiaduktu kolejowego nad ul. Grota-Roweckiego. Teraz ma to si\u0119 zmieni\u0107.<\/p>\n<p>Nowa \u015bcie\u017cka zaczyna si\u0119 na wysoko\u015bci wjazdu na parking USK. Do skrzy\u017cowania z ul. Kukuczki wytyczono j\u0105 po zachodniej stronie jezdni, a dalej \u015bcie\u017cka rowerowa wybudowana zosta\u0142a po stronie wschodniej. W wi\u0119kszo\u015bci wytyczono j\u0105 z pas\u00f3w zieleni.<\/p>\n<p>Z nowego udogodnienia ciesz\u0105 si\u0119 rowerzy\u015bci. \u2013 Cz\u0119sto by\u0142 tu problem, bo jad\u0105c chodnikiem trzeba by\u0142o przejecha\u0107 przez przystanek autobusowy. Z tego powodu dochodzi\u0142o do konflikt\u00f3w na linii cyklista pasa\u017cer MPK \u2013 m\u00f3wi Marcin Paj\u0105k, kt\u00f3ry codziennie do pracy doje\u017cd\u017ca jedno\u015bladem do pracy. Dodaje, \u017ce teraz to si\u0119 zmieni, bo \u015bcie\u017ck\u0119 wyznaczono za wiat\u0105 przystanku.<\/p>\n<p>Dzi\u0119ki inwestycji\u00a0 zyskali r\u00f3wnie\u017c kierowcy. Na wysoko\u015bci skrzy\u017cowania z ul. Kukuczki poszerzono jezdni\u0119. Dzi\u0119ki temu zmotoryzowani jad\u0105cy od centrum zyskali lewoskr\u0119t. \u2013 Od momentu, gdy mo\u017cna z niego korzysta\u0107 zmniejszy\u0142y si\u0119 tu korki . Dotychczas kierowcy, kt\u00f3rzy chcieli skr\u0119ci\u0107 w Kukuczki blokowali ruch na Borowskiej \u2013 opowiada Andrzej Markiewicz, kierowca czarnego volkswagena.<\/p>\n<p>Prace wykonuje firma Rotomat. Koszt inwestycji to prawie 750 tys. z\u0142.<\/p>\n<p>&nbsp;<\/p>\n<div class='et-learn-more clearfix'>\n\t\t\t\t\t<h3 class='heading-more'>\u0179r\u00f3d\u0142\u00f3<span class='et_learnmore_arrow'><span><\/span><\/span><\/h3>\n\t\t\t\t\t<div class='learn-more-content'>Autor: Przemys\u0142aw Wronecki\n\u0179r\u00f3d\u0142o: http:\/\/www.wroclaw.pl\/konczy-sie-budowa-nowej-sciezki-na-borowskiej-zdjecia<\/div>\n\t\t\t\t<\/div>\n<p>&nbsp;<\/p>\n<p>&nbsp;<\/p>\n","protected":false},"excerpt":{"rendered":"<p>Ko\u0144czy si\u0119 budowa brakuj\u0105cego fragmentu \u015bcie\u017cki rowerowej na ul. Borowskiej. Na inwestycji zyskali r\u00f3wnie\u017c kierowcy, bo powsta\u0142 dodatkowy pas skr\u0119tu w ul. Kukuczki.<\/p>\n","protected":false},"author":1,"featured_media":3363,"comment_status":"open","ping_status":"open","sticky":false,"template":"","format":"standard","meta":{"footnotes":""},"categories":[14,12],"tags":[113,158,312,112,353,242,354,243,310],"class_list":["post-3358","post","type-post","status-publish","format-standard","has-post-thumbnail","hentry","category-aktualnosci","category-artykuly","tag-borowska","tag-budowa","tag-droga","tag-gaj","tag-grota-roweckiego","tag-kukuczki","tag-rower","tag-sciezka-rowerowa","tag-wojszyce"],"_links":{"self":[{"href":"https:\/\/online.tvk-gaj.pl\/index.php?rest_route=\/wp\/v2\/posts\/3358","targetHints":{"allow":["GET"]}}],"collection":[{"href":"https:\/\/online.tvk-gaj.pl\/index.php?rest_route=\/wp\/v2\/posts"}],"about":[{"href":"https:\/\/online.tvk-gaj.pl\/index.php?rest_route=\/wp\/v2\/types\/post"}],"author":[{"embeddable":true,"href":"https:\/\/online.tvk-gaj.pl\/index.php?rest_route=\/wp\/v2\/users\/1"}],"replies":[{"embeddable":true,"href":"https:\/\/online.tvk-gaj.pl\/index.php?rest_route=%2Fwp%2Fv2%2Fcomments&post=3358"}],"version-history":[{"count":4,"href":"https:\/\/online.tvk-gaj.pl\/index.php?rest_route=\/wp\/v2\/posts\/3358\/revisions"}],"predecessor-version":[{"id":3367,"href":"https:\/\/online.tvk-gaj.pl\/index.php?rest_route=\/wp\/v2\/posts\/3358\/revisions\/3367"}],"wp:featuredmedia":[{"embeddable":true,"href":"https:\/\/online.tvk-gaj.pl\/index.php?rest_route=\/wp\/v2\/media\/3363"}],"wp:attachment":[{"href":"https:\/\/online.tvk-gaj.pl\/index.php?rest_route=%2Fwp%2Fv2%2Fmedia&parent=3358"}],"wp:term":[{"taxonomy":"category","embeddable":true,"href":"https:\/\/online.tvk-gaj.pl\/index.php?rest_route=%2Fwp%2Fv2%2Fcategories&post=3358"},{"taxonomy":"post_tag","embeddable":true,"href":"https:\/\/online.tvk-gaj.pl\/index.php?rest_route=%2Fwp%2Fv2%2Ftags&post=3358"}],"curies":[{"name":"wp","href":"https:\/\/api.w.org\/{rel}","templated":true}]}}