{"id":3388,"date":"2014-10-27T20:35:25","date_gmt":"2014-10-27T19:35:25","guid":{"rendered":"http:\/\/www.tvk-gaj.pl\/~gajonline\/?p=3388"},"modified":"2014-12-06T18:11:30","modified_gmt":"2014-12-06T17:11:30","slug":"na-gaju-inwestycje-w-bezpieczenstwo","status":"publish","type":"post","link":"https:\/\/online.tvk-gaj.pl\/?p=3388","title":{"rendered":"Na Gaju inwestycje w bezpiecze\u0144stwo"},"content":{"rendered":"<p>\u015acie\u017cka dla rower\u00f3w, lewoskr\u0119t w ul. Kukuczki, progi zwalniaj\u0105ce, nowe przej\u015bcia dla pieszych, zakazy parkowania na skrzy\u017cowaniach, o\u015bwietlone przej\u015bcie mi\u0119dzy Gajem, a Wojszycami. To wszystko inwestycje, kt\u00f3re zosta\u0142y zrealizowane na przestrzeni ostatnich kilku tygodni. Wszystkie wi\u0105\u017c\u0105 si\u0119 z bezpiecze\u0144stwem w ruchu pieszych i drogowym, maj\u0105c na celu popraw\u0119 bezpiecze\u0144stwa na osiedlu&#8230;<!--more--><\/p>\n<p>&nbsp;<\/p>\n<p>Bezpiecze\u0144stwo w ruchu drogowym oraz pieszym to jeden z priorytet\u00f3w w\u0142adz. Tyczy si\u0119 to nie tylko skali kraju, ale i lokalnych dzia\u0142a\u0144.<\/p>\n<p>Przyk\u0142adem tego stanu rzeczy s\u0105 inwestycje, kt\u00f3re zosta\u0142y zrealizowane na Gaju we wrze\u015bniu i pa\u017adzierniku.<\/p>\n<p>&nbsp;<\/p>\n<p><strong>Nowa \u015bcie\u017cka rowerowa na po\u0142udniu osiedla, wzd\u0142u\u017c ulicy Borowskiej.<\/strong><\/p>\n<p>W po\u0142owie tego miesi\u0105ca oddano do u\u017cytku nowy odcinek drogi dla rower\u00f3w przy ul. Borowskiej, kt\u00f3ry po\u0142\u0105czy\u0142 dotychczas istniej\u0105ce \u015bcie\u017cki. Te ko\u0144czy\u0142y si\u0119 od p\u00f3\u0142nocy na wysoko\u015bci Uniwersyteckiego Szpitala Klinicznego oraz na po\u0142udniu na wysoko\u015bci wiaduktu pomi\u0119dzy ulicami Borowsk\u0105 oraz Grota Roweckiego. \u00a0Dzi\u0119ki inwestycji rowerzy\u015bci \u00a0mog\u0105 ca\u0142y czas pozostawa\u0107 na swojej \u015bcie\u017cce poruszaj\u0105c si\u0119 pomi\u0119dzy Gajem, a Wojszycami. Jest to szczeg\u00f3lnie istotne ze wzgl\u0119du na nat\u0119\u017cenie ruchu w tym rejonie.<\/p>\n<p>&nbsp;<\/p>\n<p><a href=\"http:\/\/www.tvk-gaj.pl\/~gajonline\/wp-content\/uploads\/2014\/10\/2014-10-25-14.55.14.jpg\"><img loading=\"lazy\" decoding=\"async\" class=\"aligncenter wp-image-3386 size-large\" src=\"http:\/\/www.tvk-gaj.pl\/~gajonline\/wp-content\/uploads\/2014\/10\/2014-10-25-14.55.14-1024x576.jpg\" alt=\"2014-10-25 14.55.14\" width=\"838\" height=\"471\" srcset=\"https:\/\/online.tvk-gaj.pl\/wp-content\/uploads\/2014\/10\/2014-10-25-14.55.14-1024x576.jpg 1024w, https:\/\/online.tvk-gaj.pl\/wp-content\/uploads\/2014\/10\/2014-10-25-14.55.14-300x168.jpg 300w, https:\/\/online.tvk-gaj.pl\/wp-content\/uploads\/2014\/10\/2014-10-25-14.55.14.jpg 1920w\" sizes=\"auto, (max-width: 838px) 100vw, 838px\" \/><\/a><\/p>\n<p>&nbsp;<\/p>\n<p><strong>Lewoskr\u0119t w ulic\u0119 Kukuczki<\/strong><\/p>\n<p>Wraz z budow\u0105 nowego odcinka \u015bcie\u017cki dla rower\u00f3w na Borowskiej powsta\u0142 lewoskr\u0119t w ulic\u0119 Jerzego Kukuczki ze ulicy Borowskiej. Dzi\u0119ki odpowiedniemu poszerzeniu i oznakowaniu jezdni, kierowcy kt\u00f3rzy jad\u0105 z centrum i chc\u0105 skr\u0119ci\u0107 w lewo w ul. Kukuczki nie tamuj\u0105 ju\u017c ruchu na Borowskiej, staj\u0105c na wydzielonym do skr\u0119tu w lewo pasie ruchu.<\/p>\n<p>&nbsp;<\/p>\n<p><a href=\"http:\/\/www.tvk-gaj.pl\/~gajonline\/wp-content\/uploads\/2014\/10\/borowska-sciezka-rowerowa-1.jpg\"><img loading=\"lazy\" decoding=\"async\" class=\"aligncenter wp-image-3359 size-full\" src=\"http:\/\/www.tvk-gaj.pl\/~gajonline\/wp-content\/uploads\/2014\/10\/borowska-sciezka-rowerowa-1.jpg\" alt=\"borowska-sciezka-rowerowa (1)\" width=\"630\" height=\"350\" srcset=\"https:\/\/online.tvk-gaj.pl\/wp-content\/uploads\/2014\/10\/borowska-sciezka-rowerowa-1.jpg 630w, https:\/\/online.tvk-gaj.pl\/wp-content\/uploads\/2014\/10\/borowska-sciezka-rowerowa-1-300x166.jpg 300w\" sizes=\"auto, (max-width: 630px) 100vw, 630px\" \/><\/a><\/p>\n<p>&nbsp;<\/p>\n<p><strong>Progi zwalniaj\u0105ce przy ul. Orzechowej<\/strong><\/p>\n<p>Progi zwalniaj\u0105ce, czyli temat odwiecznego sporu na temat technicznych sposob\u00f3w ograniczania pr\u0119dko\u015bci ruchu. Jak\u0105kolwiek jednak przyj\u0105\u0107 stron\u0119 sporu, nale\u017cy przyzna\u0107, i\u017c jest to skuteczna metoda na powstrzymanie kierowc\u00f3w od nadmiernej pr\u0119dko\u015bci. St\u0105d we wrze\u015bniu na osiedlu pojawi\u0142o si\u0119 kilka nowych prog\u00f3w zwalniaj\u0105cych. Ustawione zosta\u0142y na ul. Orzechowej.<\/p>\n<p>&nbsp;<\/p>\n<p><a href=\"http:\/\/www.tvk-gaj.pl\/~gajonline\/wp-content\/uploads\/2013\/07\/dziury072013.jpg\"><img loading=\"lazy\" decoding=\"async\" class=\"aligncenter wp-image-1400 size-large\" src=\"http:\/\/www.tvk-gaj.pl\/~gajonline\/wp-content\/uploads\/2013\/07\/dziury072013-1024x768.jpg\" alt=\"dziury072013\" width=\"838\" height=\"628\" srcset=\"https:\/\/online.tvk-gaj.pl\/wp-content\/uploads\/2013\/07\/dziury072013-1024x768.jpg 1024w, https:\/\/online.tvk-gaj.pl\/wp-content\/uploads\/2013\/07\/dziury072013-300x225.jpg 300w, https:\/\/online.tvk-gaj.pl\/wp-content\/uploads\/2013\/07\/dziury072013.jpg 1540w\" sizes=\"auto, (max-width: 838px) 100vw, 838px\" \/><\/a><\/p>\n<p>&nbsp;<\/p>\n<p><strong>Nowe przej\u015bcia dla pieszych oraz zakazy parkowania na skrzy\u017cowaniu<\/strong><\/p>\n<p>Pod koniec pa\u017adziernika na terenie po\u0142udnia osiedla, w obr\u0119bie ulic Kukuczki, Rutkiewicz, Himalajskiej, Pirenejskiej, Alpejskiej i Uzna\u0144skiego pojawi\u0142y si\u0119 \u015bwie\u017co wymalowane poziome oznaczenia przej\u015b\u0107 dla pieszych. Popularne &#8222;zebry&#8221; pojawi\u0142y si\u0119 jako po\u0142\u0105czenia chodnik\u00f3w w rejonie. Ze wzgl\u0119du na bardzo du\u017cy ruch samochodowy postanowiono r\u00f3wnie\u017c wprowadzi\u0107 znaki zakazu parkowania na \u0142ukach jezdni. Dotychczas w godzinach wieczornych na terenie ca\u0142ego osiedla samochody parkowa\u0142y r\u00f3wnie\u017c wzd\u0142u\u017c i na skrzy\u017cowaniach, co bardzo utrudnia\u0142o ruch ko\u0142owy oraz blokowa\u0142o pieszym przej\u015bcia w poprzek ulic. \u00a0Nowo zainstalowane oznakowanie ma rozwi\u0105za\u0107 problemy parkuj\u0105cych w niedozwolonych miejscach pojazd\u00f3w.<\/p>\n<p>Inwestycje powsta\u0142y z inicjatywy Zarz\u0105du Sp\u00f3\u0142dzielni i ze \u015brodk\u00f3w finansowych Sp\u00f3\u0142dzielni Mieszkaniowej \u00a0&#8222;Osada&#8221;.<\/p>\n<p>&nbsp;<\/p>\n<p><a href=\"http:\/\/www.tvk-gaj.pl\/~gajonline\/wp-content\/uploads\/2014\/10\/2014-10-25-11.49.50.jpg\"><img loading=\"lazy\" decoding=\"async\" class=\"aligncenter wp-image-3384 size-large\" src=\"http:\/\/www.tvk-gaj.pl\/~gajonline\/wp-content\/uploads\/2014\/10\/2014-10-25-11.49.50-1024x576.jpg\" alt=\"2014-10-25 11.49.50\" width=\"838\" height=\"471\" srcset=\"https:\/\/online.tvk-gaj.pl\/wp-content\/uploads\/2014\/10\/2014-10-25-11.49.50-1024x576.jpg 1024w, https:\/\/online.tvk-gaj.pl\/wp-content\/uploads\/2014\/10\/2014-10-25-11.49.50-300x168.jpg 300w, https:\/\/online.tvk-gaj.pl\/wp-content\/uploads\/2014\/10\/2014-10-25-11.49.50.jpg 1920w\" sizes=\"auto, (max-width: 838px) 100vw, 838px\" \/><\/a><\/p>\n<p>&nbsp;<\/p>\n<p><strong>Po\u0142\u0105czenie ul. Pawiej i Kukuczki pomi\u0119dzy Gajem, a Wojszycami.\u00a0<\/strong><\/p>\n<p>W wakacje miasto postanowi\u0142o rozwi\u0105za\u0107 problem mieszka\u0144c\u00f3w Gaju i Wojszyc, kt\u00f3ry dotyczy\u0142 przej\u015bcia pod wiaduktem, kt\u00f3ry \u0142\u0105czy\u0142 ul. Pawi\u0105 i Kukuczki. W miejsce b\u0142otnistej, dziurawej i nieo\u015bwietlonej drogi zaplanowano wybudowanie ci\u0105gu pieszo-rowerowego razem z o\u015bwietleniem. Powstanie tam dwumetrowej szeroko\u015bci chodnik i 2,5-metrowej szeroko\u015bci \u015bcie\u017cka rowerowa, prowadz\u0105ce pod tunelem. Ca\u0142y odcinek, w\u0142\u0105cznie z tunelem, zostanie o\u015bwietlony lampami ledowymi. Koniec inwestycji przewidziany jest na listopad 2014r.<\/p>\n<p>&nbsp;<\/p>\n<p><a href=\"http:\/\/www.tvk-gaj.pl\/~gajonline\/wp-content\/uploads\/2014\/07\/wojszycegaj.jpg\"><img loading=\"lazy\" decoding=\"async\" class=\"aligncenter wp-image-2989 size-full\" src=\"http:\/\/www.tvk-gaj.pl\/~gajonline\/wp-content\/uploads\/2014\/07\/wojszycegaj.jpg\" alt=\"wojszycegaj\" width=\"800\" height=\"600\" srcset=\"https:\/\/online.tvk-gaj.pl\/wp-content\/uploads\/2014\/07\/wojszycegaj.jpg 800w, https:\/\/online.tvk-gaj.pl\/wp-content\/uploads\/2014\/07\/wojszycegaj-300x225.jpg 300w\" sizes=\"auto, (max-width: 800px) 100vw, 800px\" \/><\/a><\/p>\n<p>&nbsp;<\/p>\n<p>&nbsp;<\/p>\n<p>&nbsp;<\/p>\n<p>&nbsp;<\/p>\n","protected":false},"excerpt":{"rendered":"<p>\u015acie\u017cka dla rower\u00f3w, lewoskr\u0119t w ul. Kukuczki, progi zwalniaj\u0105ce, nowe przej\u015bcia dla pieszych, zakazy parkowania na skrzy\u017cowaniach, o\u015bwietlone przej\u015bcie mi\u0119dzy Gajem, a Wojszycami. To wszystko inwestycje, kt\u00f3re zosta\u0142y zrealizowane na przestrzeni ostatnich kilku tygodni. Wszystkie wi\u0105\u017c\u0105 si\u0119 z bezpiecze\u0144stwem w ruchu pieszych i drogowym, maj\u0105c na celu popraw\u0119 bezpiecze\u0144stwa na osiedlu&#8230;<\/p>\n","protected":false},"author":1,"featured_media":3384,"comment_status":"open","ping_status":"open","sticky":false,"template":"","format":"standard","meta":{"footnotes":""},"categories":[14,12],"tags":[147,113,112,153,242,218,362,326,351,363,135,243],"class_list":["post-3388","post","type-post","status-publish","format-standard","has-post-thumbnail","hentry","category-aktualnosci","category-artykuly","tag-bezpieczenstwo","tag-borowska","tag-gaj","tag-inwestycje","tag-kukuczki","tag-orzechowa","tag-pasy","tag-pawia","tag-progi-zwalniajace","tag-przejscia-dla-pieszych","tag-rada-osiedla-gaj","tag-sciezka-rowerowa"],"_links":{"self":[{"href":"https:\/\/online.tvk-gaj.pl\/index.php?rest_route=\/wp\/v2\/posts\/3388","targetHints":{"allow":["GET"]}}],"collection":[{"href":"https:\/\/online.tvk-gaj.pl\/index.php?rest_route=\/wp\/v2\/posts"}],"about":[{"href":"https:\/\/online.tvk-gaj.pl\/index.php?rest_route=\/wp\/v2\/types\/post"}],"author":[{"embeddable":true,"href":"https:\/\/online.tvk-gaj.pl\/index.php?rest_route=\/wp\/v2\/users\/1"}],"replies":[{"embeddable":true,"href":"https:\/\/online.tvk-gaj.pl\/index.php?rest_route=%2Fwp%2Fv2%2Fcomments&post=3388"}],"version-history":[{"count":4,"href":"https:\/\/online.tvk-gaj.pl\/index.php?rest_route=\/wp\/v2\/posts\/3388\/revisions"}],"predecessor-version":[{"id":3612,"href":"https:\/\/online.tvk-gaj.pl\/index.php?rest_route=\/wp\/v2\/posts\/3388\/revisions\/3612"}],"wp:featuredmedia":[{"embeddable":true,"href":"https:\/\/online.tvk-gaj.pl\/index.php?rest_route=\/wp\/v2\/media\/3384"}],"wp:attachment":[{"href":"https:\/\/online.tvk-gaj.pl\/index.php?rest_route=%2Fwp%2Fv2%2Fmedia&parent=3388"}],"wp:term":[{"taxonomy":"category","embeddable":true,"href":"https:\/\/online.tvk-gaj.pl\/index.php?rest_route=%2Fwp%2Fv2%2Fcategories&post=3388"},{"taxonomy":"post_tag","embeddable":true,"href":"https:\/\/online.tvk-gaj.pl\/index.php?rest_route=%2Fwp%2Fv2%2Ftags&post=3388"}],"curies":[{"name":"wp","href":"https:\/\/api.w.org\/{rel}","templated":true}]}}