{"id":3392,"date":"2014-10-29T18:10:22","date_gmt":"2014-10-29T17:10:22","guid":{"rendered":"http:\/\/www.tvk-gaj.pl\/~gajonline\/?p=3392"},"modified":"2014-10-29T18:22:44","modified_gmt":"2014-10-29T17:22:44","slug":"wszystkich-swietych-zmiany-w-komunikacji-na-osiedlu","status":"publish","type":"post","link":"https:\/\/online.tvk-gaj.pl\/?p=3392","title":{"rendered":"Wszystkich \u015awi\u0119tych &#8211; zmiany w komunikacji na osiedlu"},"content":{"rendered":"<p>Przedstawiamy szczeg\u00f3\u0142y zmian w organizacji ruchu i komunikacji miejskiej na Wszystkich \u015awi\u0119tych we Wroc\u0142awiu, a w szczeg\u00f3lno\u015bci na Gaju.\u00a0<!--more--><span id=\"more-1715\"><\/span><\/p>\n<p>&nbsp;<\/p>\n<p>Na terenie osiedla znajduj\u0105 si\u0119 dwa cmentarze parafialne \u2013 \u015aw. Ducha na ul. Bardziej oraz \u015aw. Maurycego na ul. Dzia\u0142kowej.<\/p>\n<p>&nbsp;<\/p>\n<p><strong>Cmentarz ul. Bardzka<\/strong><\/p>\n<p><a href=\"http:\/\/www.tvk-gaj.pl\/~gajonline\/wp-content\/uploads\/2013\/10\/2013-10-31-12.34.12.jpg\"><img loading=\"lazy\" decoding=\"async\" class=\"aligncenter size-large wp-image-1722\" src=\"http:\/\/www.tvk-gaj.pl\/~gajonline\/wp-content\/uploads\/2013\/10\/2013-10-31-12.34.12-1024x575.jpg\" alt=\"2013-10-31 12.34.12\" width=\"838\" height=\"470\" srcset=\"https:\/\/online.tvk-gaj.pl\/wp-content\/uploads\/2013\/10\/2013-10-31-12.34.12-1024x575.jpg 1024w, https:\/\/online.tvk-gaj.pl\/wp-content\/uploads\/2013\/10\/2013-10-31-12.34.12-300x168.jpg 300w, https:\/\/online.tvk-gaj.pl\/wp-content\/uploads\/2013\/10\/2013-10-31-12.34.12.jpg 1462w\" sizes=\"auto, (max-width: 838px) 100vw, 838px\" \/><\/a><\/p>\n<p>&nbsp;<\/p>\n<p><a href=\"http:\/\/www.tvk-gaj.pl\/~gajonline\/wp-content\/uploads\/2014\/10\/wszystkich-swietych-2014-cmentarz-przy-bardzkiej.jpg\"><img loading=\"lazy\" decoding=\"async\" class=\"aligncenter size-large wp-image-3393\" src=\"http:\/\/www.tvk-gaj.pl\/~gajonline\/wp-content\/uploads\/2014\/10\/wszystkich-swietych-2014-cmentarz-przy-bardzkiej-1024x724.jpg\" alt=\"wszystkich-swietych-2014-cmentarz-przy-bardzkiej\" width=\"838\" height=\"592\" srcset=\"https:\/\/online.tvk-gaj.pl\/wp-content\/uploads\/2014\/10\/wszystkich-swietych-2014-cmentarz-przy-bardzkiej-1024x724.jpg 1024w, https:\/\/online.tvk-gaj.pl\/wp-content\/uploads\/2014\/10\/wszystkich-swietych-2014-cmentarz-przy-bardzkiej-300x212.jpg 300w\" sizes=\"auto, (max-width: 838px) 100vw, 838px\" \/><\/a><\/p>\n<p>&nbsp;<\/p>\n<p>W rejonie cmentarza przy ul. Bardzkiej zorganizowany zostanie parking p\u0142atny na terenie nale\u017c\u0105cym do Przedsi\u0119biorstwa Handlu Chemikaliami Chemia \u2013 Wroc\u0142aw S.A. przy ulicy Buforowej 2. Parking zlokalizowany b\u0119dzie na terenie tzw. \u201echemii\u201d. Koszt pozostawienia tam samochodu to 5z\u0142.<\/p>\n<p>Na ul. Morwowej zostanie wprowadzony jeden kierunek ruchu od ul. Bardzkiej do ul. Tarnogajskiej. Cz\u0119\u015b\u0107 jezdni Morwowej przeznaczona zostanie do parkowania pojazd\u00f3w.<\/p>\n<p>&nbsp;<\/p>\n<p><strong>Cmentarz ul. Dzia\u0142kowa<\/strong><\/p>\n<p><a href=\"http:\/\/www.tvk-gaj.pl\/~gajonline\/wp-content\/uploads\/2013\/10\/2013-10-31-13.25.46.jpg\"><img loading=\"lazy\" decoding=\"async\" class=\"aligncenter size-large wp-image-1724\" src=\"http:\/\/www.tvk-gaj.pl\/~gajonline\/wp-content\/uploads\/2013\/10\/2013-10-31-13.25.46-1024x576.jpg\" alt=\"2013-10-31 13.25.46\" width=\"838\" height=\"471\" srcset=\"https:\/\/online.tvk-gaj.pl\/wp-content\/uploads\/2013\/10\/2013-10-31-13.25.46-1024x576.jpg 1024w, https:\/\/online.tvk-gaj.pl\/wp-content\/uploads\/2013\/10\/2013-10-31-13.25.46-300x168.jpg 300w, https:\/\/online.tvk-gaj.pl\/wp-content\/uploads\/2013\/10\/2013-10-31-13.25.46.jpg 1536w\" sizes=\"auto, (max-width: 838px) 100vw, 838px\" \/><\/a><\/p>\n<p>&nbsp;<\/p>\n<p>Nie b\u0119dzie zamian w organizacji ruchu dla cmentarza \u201eSkowronia G\u00f3ra\u201d przy ul. Dzia\u0142kowej.<br \/>\nPrzy cmentarzu Policja wprowadzi zakaz zatrzymywania si\u0119 pojazd\u00f3w.<\/p>\n<p>&nbsp;<\/p>\n<p>Wi\u0119cej informacji na temat komunikacji miejskiej we Wszystkich \u015awi\u0119tych <a href=\"http:\/\/www.wroclaw.pl\/wszystkich-swietych-2014-komunikacja-miejska\" target=\"_blank\">znajduje si\u0119 na stronie miasta<\/a>.<\/p>\n<p>&nbsp;<\/p>\n","protected":false},"excerpt":{"rendered":"<p>Przedstawiamy szczeg\u00f3\u0142y zmian w organizacji ruchu i komunikacji miejskiej na Wszystkich \u015awi\u0119tych we Wroc\u0142awiu, a w szczeg\u00f3lno\u015bci na Gaju.\u00a0<\/p>\n","protected":false},"author":1,"featured_media":1721,"comment_status":"open","ping_status":"open","sticky":false,"template":"","format":"standard","meta":{"footnotes":""},"categories":[14,12],"tags":[364,197,367,368,369,370,251,112,122,121,366,365],"class_list":["post-3392","post","type-post","status-publish","format-standard","has-post-thumbnail","hentry","category-aktualnosci","category-artykuly","tag-1-listopada","tag-bardzka","tag-cmentarz-bardzka","tag-cmentarz-dzialkowa","tag-cmentarz-na-skowroniej-gorze","tag-cmentarz-parafia-sw-ducha","tag-dzialkowa","tag-gaj","tag-komunikacja","tag-wszystkich-swietych","tag-zmiany-w-komunikacji","tag-zmiany-w-ruchu"],"_links":{"self":[{"href":"https:\/\/online.tvk-gaj.pl\/index.php?rest_route=\/wp\/v2\/posts\/3392","targetHints":{"allow":["GET"]}}],"collection":[{"href":"https:\/\/online.tvk-gaj.pl\/index.php?rest_route=\/wp\/v2\/posts"}],"about":[{"href":"https:\/\/online.tvk-gaj.pl\/index.php?rest_route=\/wp\/v2\/types\/post"}],"author":[{"embeddable":true,"href":"https:\/\/online.tvk-gaj.pl\/index.php?rest_route=\/wp\/v2\/users\/1"}],"replies":[{"embeddable":true,"href":"https:\/\/online.tvk-gaj.pl\/index.php?rest_route=%2Fwp%2Fv2%2Fcomments&post=3392"}],"version-history":[{"count":3,"href":"https:\/\/online.tvk-gaj.pl\/index.php?rest_route=\/wp\/v2\/posts\/3392\/revisions"}],"predecessor-version":[{"id":3396,"href":"https:\/\/online.tvk-gaj.pl\/index.php?rest_route=\/wp\/v2\/posts\/3392\/revisions\/3396"}],"wp:featuredmedia":[{"embeddable":true,"href":"https:\/\/online.tvk-gaj.pl\/index.php?rest_route=\/wp\/v2\/media\/1721"}],"wp:attachment":[{"href":"https:\/\/online.tvk-gaj.pl\/index.php?rest_route=%2Fwp%2Fv2%2Fmedia&parent=3392"}],"wp:term":[{"taxonomy":"category","embeddable":true,"href":"https:\/\/online.tvk-gaj.pl\/index.php?rest_route=%2Fwp%2Fv2%2Fcategories&post=3392"},{"taxonomy":"post_tag","embeddable":true,"href":"https:\/\/online.tvk-gaj.pl\/index.php?rest_route=%2Fwp%2Fv2%2Ftags&post=3392"}],"curies":[{"name":"wp","href":"https:\/\/api.w.org\/{rel}","templated":true}]}}