{"id":3398,"date":"2014-11-14T23:47:05","date_gmt":"2014-11-14T22:47:05","guid":{"rendered":"http:\/\/www.tvk-gaj.pl\/~gajonline\/?p=3398"},"modified":"2014-11-14T23:49:47","modified_gmt":"2014-11-14T22:49:47","slug":"wybory-samorzadowe-2014-jak-i-gdzie-glosowac-na-osiedlu","status":"publish","type":"post","link":"https:\/\/online.tvk-gaj.pl\/?p=3398","title":{"rendered":"Wybory samorz\u0105dowe 2014 &#8211; jak i gdzie g\u0142osowa\u0107\u00a0na osiedlu"},"content":{"rendered":"<p>Wybory samorz\u0105dowe odb\u0119d\u0105 si\u0119 w najbli\u017csz\u0105 niedziel\u0119, 16 listopada. W zwi\u0105zku z tym zamieszczamy informacje o tym jak, gdzie i kiedy g\u0142osowa\u0107 na Gaju.\u00a0<!--more--><\/p>\n<p><a href=\"http:\/\/www.tvk-gaj.pl\/~gajonline\/wp-content\/uploads\/2013\/05\/519522a55c996_k1.jpg\"><img loading=\"lazy\" decoding=\"async\" class=\"aligncenter size-large wp-image-1257\" src=\"http:\/\/www.tvk-gaj.pl\/~gajonline\/wp-content\/uploads\/2013\/05\/519522a55c996_k1-1024x328.jpg\" alt=\"519522a55c996_k1\" width=\"838\" height=\"268\" srcset=\"https:\/\/online.tvk-gaj.pl\/wp-content\/uploads\/2013\/05\/519522a55c996_k1-1024x328.jpg 1024w, https:\/\/online.tvk-gaj.pl\/wp-content\/uploads\/2013\/05\/519522a55c996_k1-300x96.jpg 300w, https:\/\/online.tvk-gaj.pl\/wp-content\/uploads\/2013\/05\/519522a55c996_k1.jpg 1036w\" sizes=\"auto, (max-width: 838px) 100vw, 838px\" \/><\/a><br \/>\nWybory samorz\u0105dowe to jedno z najwi\u0119kszych \u015bwi\u0105t demokracji. To w\u0142a\u015bnie podczas tego g\u0142osowania wybieramy ludzi, kt\u00f3rzy b\u0119d\u0105 rz\u0105dzi\u0107 w naszych miastach, gminach, powiatach i wojew\u00f3dztwach. Poniewa\u017c na co dzie\u0144 \u017cyjemy w lokalnych spo\u0142eczno\u015bciach skupionych w obr\u0119bie miast i wsi, tak wa\u017cne jest oddanie g\u0142osu na kandydat\u00f3w, kt\u00f3rzy jak najlepiej powinni reprezentowa\u0107 nasze zdanie przy sprowowaniu w\u0142adzy w miejscu gdzie mieszkamy.<\/p>\n<p>W zwi\u0105zku z tym oddajemy w Wasze r\u0119ce poradnik dotycz\u0105cy tego jak i gdzie g\u0142osowa\u0107 na terenie osiedla.<\/p>\n<p>&nbsp;<\/p>\n<p><strong>Kogo wybieramy?<\/strong><\/p>\n<p>Podczas wybor\u00f3w samorz\u0105dowych wybieramy prezydenta Wroc\u0142awia, radnych Rady Miejskiej oraz radnych Sejmiku Wojew\u00f3dztwa Dolno\u015bl\u0105skiego.<\/p>\n<p>&nbsp;<\/p>\n<p><strong>Kiedy g\u0142osujemy?<\/strong><\/p>\n<p>Wybory samorz\u0105dowe 2014 odb\u0119d\u0105 si\u0119 w niedziel\u0119, 16 listopada. G\u0142osowa\u0107 b\u0119dzie mo\u017cna w godz. 7.00-21.00.<\/p>\n<p>&nbsp;<\/p>\n<p><strong>Gdzie g\u0142osujemy?<\/strong><\/p>\n<p>Miasto odda\u0142o do dyspozycji mieszka\u0144c\u00f3w Wroc\u0142awia specjaln\u0105 stron\u0119 na kt\u00f3rej po wpisaniu ulicy zamieszkania pojawi si\u0119 informacja o lokalizacji lokalu wyborczego.<\/p>\n<p>Link do strony:\u00a0<a href=\"http:\/\/www.wroclaw.pl\/komisje-wyborcze-lokale-wyborcze-wroclaw-wyszukiwarka\" target=\"_blank\">http:\/\/www.wroclaw.pl\/komisje-wyborcze-lokale-wyborcze-wroclaw-wyszukiwarka<\/a><\/p>\n<p><a href=\"http:\/\/www.wroclaw.pl\/komisje-wyborcze-lokale-wyborcze-wroclaw-wyszukiwarka\" target=\"_blank\"><img loading=\"lazy\" decoding=\"async\" class=\"aligncenter size-full wp-image-3399\" src=\"http:\/\/www.tvk-gaj.pl\/~gajonline\/wp-content\/uploads\/2014\/11\/baner_wyborysamrzadowe-2014.jpg\" alt=\"baner_wyborysamrzadowe-2014\" width=\"630\" height=\"350\" srcset=\"https:\/\/online.tvk-gaj.pl\/wp-content\/uploads\/2014\/11\/baner_wyborysamrzadowe-2014.jpg 630w, https:\/\/online.tvk-gaj.pl\/wp-content\/uploads\/2014\/11\/baner_wyborysamrzadowe-2014-300x166.jpg 300w\" sizes=\"auto, (max-width: 630px) 100vw, 630px\" \/><\/a><\/p>\n<p>&nbsp;<\/p>\n<p><span style=\"text-decoration: underline;\">Na terenie Gaju g\u0142osowa\u0107 b\u0119dzie mo\u017cna w komisjach:<\/span><\/p>\n<p>Komisja nr\u00a0112<br \/>\nSzko\u0142a Podstawowa nr 90<br \/>\nOrzechowa 62<\/p>\n<p>Komisja nr\u00a0108<br \/>\nKomenda Wojew\u00f3dzka Pa\u0144stwowej Stra\u017cy Po\u017carnej<br \/>\nBorowska 138<\/p>\n<p>Komisja nr\u00a0113<br \/>\nO\u015brodek Szkolenia Zawodowego we Wroc\u0142awiu<br \/>\nOrzechowa 2<\/p>\n<p>Komisja nr\u00a0107<br \/>\nO\u015brodek Postaw Tw\u00f3rczych<br \/>\nDzia\u0142kowa 15<\/p>\n<p>&nbsp;<\/p>\n<p><strong>Jak g\u0142osowa\u0107?<\/strong><\/p>\n<p>Bia\u0142y, niebieski i r\u00f3\u017cowy \u2013 takie kolory b\u0119d\u0105 kr\u00f3lowa\u0142y w lokalach wyborczych we Wroc\u0142awiu. Pa\u0144stwowa Komisja Wyborcza ustali\u0142a wzory kart na jakich oddamy g\u0142osy w listopadowych wyborach.<\/p>\n<p>Karty do g\u0142osowania b\u0119d\u0105 formatu A4. B\u0119d\u0105 one dostosowane do nak\u0142adek z alfabetem Braille\u2019a dla os\u00f3b niewidomych i niedowidz\u0105cych. G\u0142osujemy stawiaj\u0105c w kratce obok nazwiska dwie krzy\u017cuj\u0105ce si\u0119 ze sob\u0105 linie np. X.<\/p>\n<p>Przyk\u0142adowa karta do g\u0142osowania na radnych Rady Miejskiej.<\/p>\n<p><a href=\"http:\/\/www.tvk-gaj.pl\/~gajonline\/wp-content\/uploads\/2014\/11\/karta-do-glosowania-wzor-rad-miast-na-prawach-powiatu.jpg\"><img loading=\"lazy\" decoding=\"async\" class=\"aligncenter size-large wp-image-3400\" src=\"http:\/\/www.tvk-gaj.pl\/~gajonline\/wp-content\/uploads\/2014\/11\/karta-do-glosowania-wzor-rad-miast-na-prawach-powiatu-760x1024.jpg\" alt=\"karta-do-glosowania-wzor-rad-miast-na-prawach-powiatu\" width=\"760\" height=\"1024\" srcset=\"https:\/\/online.tvk-gaj.pl\/wp-content\/uploads\/2014\/11\/karta-do-glosowania-wzor-rad-miast-na-prawach-powiatu-760x1024.jpg 760w, https:\/\/online.tvk-gaj.pl\/wp-content\/uploads\/2014\/11\/karta-do-glosowania-wzor-rad-miast-na-prawach-powiatu-222x300.jpg 222w\" sizes=\"auto, (max-width: 760px) 100vw, 760px\" \/><\/a><\/p>\n<p>&nbsp;<\/p>\n<p>&nbsp;<\/p>\n<p><strong>Zach\u0119camy do g\u0142osowania! Pami\u0119tajcie, Wasz g\u0142os ma znaczenie!<\/strong><\/p>\n<p>&nbsp;<\/p>\n","protected":false},"excerpt":{"rendered":"<p>Wybory samorz\u0105dowe odb\u0119d\u0105 si\u0119 w najbli\u017csz\u0105 niedziel\u0119, 16 listopada. W zwi\u0105zku z tym zamieszczamy informacje o tym jak, gdzie i kiedy g\u0142osowa\u0107 na Gaju.\u00a0<\/p>\n","protected":false},"author":1,"featured_media":1139,"comment_status":"open","ping_status":"open","sticky":false,"template":"","format":"standard","meta":{"footnotes":""},"categories":[14,12],"tags":[112,378,377,166,376,375,135,371,373,374,372],"class_list":["post-3398","post","type-post","status-publish","format-standard","has-post-thumbnail","hentry","category-aktualnosci","category-artykuly","tag-gaj","tag-gdzie-glosowac-na-gaju","tag-jak-glosowac","tag-osiedle-gaj","tag-prezydent-wroclawia","tag-rada-miejska-wroclawia","tag-rada-osiedla-gaj","tag-wybory","tag-wybory-na-prezydenta-wroclawia","tag-wybory-na-radnych","tag-wybory-samorzadowe"],"_links":{"self":[{"href":"https:\/\/online.tvk-gaj.pl\/index.php?rest_route=\/wp\/v2\/posts\/3398","targetHints":{"allow":["GET"]}}],"collection":[{"href":"https:\/\/online.tvk-gaj.pl\/index.php?rest_route=\/wp\/v2\/posts"}],"about":[{"href":"https:\/\/online.tvk-gaj.pl\/index.php?rest_route=\/wp\/v2\/types\/post"}],"author":[{"embeddable":true,"href":"https:\/\/online.tvk-gaj.pl\/index.php?rest_route=\/wp\/v2\/users\/1"}],"replies":[{"embeddable":true,"href":"https:\/\/online.tvk-gaj.pl\/index.php?rest_route=%2Fwp%2Fv2%2Fcomments&post=3398"}],"version-history":[{"count":3,"href":"https:\/\/online.tvk-gaj.pl\/index.php?rest_route=\/wp\/v2\/posts\/3398\/revisions"}],"predecessor-version":[{"id":3403,"href":"https:\/\/online.tvk-gaj.pl\/index.php?rest_route=\/wp\/v2\/posts\/3398\/revisions\/3403"}],"wp:featuredmedia":[{"embeddable":true,"href":"https:\/\/online.tvk-gaj.pl\/index.php?rest_route=\/wp\/v2\/media\/1139"}],"wp:attachment":[{"href":"https:\/\/online.tvk-gaj.pl\/index.php?rest_route=%2Fwp%2Fv2%2Fmedia&parent=3398"}],"wp:term":[{"taxonomy":"category","embeddable":true,"href":"https:\/\/online.tvk-gaj.pl\/index.php?rest_route=%2Fwp%2Fv2%2Fcategories&post=3398"},{"taxonomy":"post_tag","embeddable":true,"href":"https:\/\/online.tvk-gaj.pl\/index.php?rest_route=%2Fwp%2Fv2%2Ftags&post=3398"}],"curies":[{"name":"wp","href":"https:\/\/api.w.org\/{rel}","templated":true}]}}