{"id":343,"date":"2012-11-08T14:53:47","date_gmt":"2012-11-08T13:53:47","guid":{"rendered":"http:\/\/www.gaj-osiedle.wroclaw.pl\/?p=343"},"modified":"2012-11-19T17:16:46","modified_gmt":"2012-11-19T16:16:46","slug":"docieplanie-i-remont-elewacji-w-bloku-przy-orzechowej-45-47","status":"publish","type":"post","link":"https:\/\/online.tvk-gaj.pl\/?p=343","title":{"rendered":"Docieplanie i remont elewacji w bloku przy Orzechowej 45-57"},"content":{"rendered":"<p>Trwa remont bloku przy ul. Orzechowej 45-57.\u00a0<!--more--><\/p>\n<p>Jako jeden z ostatnich na naszym osiedlu blok\u00f3w budynek przy ul. Orzechowej 45-57 doczeka\u0142 si\u0119 renowacji. Obecnie trwaj\u0105 prace remontowe zwi\u0105zane z dociepleniem budynku oraz po\u0142o\u017ceniem nowe elewacji oraz malowaniem.<\/p>\n<p>Zako\u0144czenie prac przewidziane jest na zim\u0119.<\/p>\n<p>&nbsp;<\/p>\n<p><a href=\"http:\/\/www.tvk-gaj.pl\/~gajonline\/wp-content\/uploads\/2012\/11\/IMG_1269.jpg\"><img loading=\"lazy\" decoding=\"async\" class=\"alignleft  wp-image-345\" title=\"IMG_1267\" src=\"http:\/\/www.tvk-gaj.pl\/~gajonline\/wp-content\/uploads\/2012\/11\/IMG_1267-764x1024.jpg\" alt=\"\" width=\"458\" height=\"614\" srcset=\"https:\/\/online.tvk-gaj.pl\/wp-content\/uploads\/2012\/11\/IMG_1267-764x1024.jpg 764w, https:\/\/online.tvk-gaj.pl\/wp-content\/uploads\/2012\/11\/IMG_1267-224x300.jpg 224w, https:\/\/online.tvk-gaj.pl\/wp-content\/uploads\/2012\/11\/IMG_1267.jpg 968w\" sizes=\"auto, (max-width: 458px) 100vw, 458px\" \/><\/a><\/p>\n<p>&nbsp;<\/p>\n<p><a href=\"http:\/\/www.tvk-gaj.pl\/~gajonline\/wp-content\/uploads\/2012\/11\/IMG_1269.jpg\"><img loading=\"lazy\" decoding=\"async\" title=\"IMG_1269\" src=\"http:\/\/www.tvk-gaj.pl\/~gajonline\/wp-content\/uploads\/2012\/11\/IMG_1269-764x1024.jpg\" alt=\"\" width=\"458\" height=\"614\" \/><\/a><\/p>\n<p>&nbsp;<\/p>\n<p>&nbsp;<\/p>\n","protected":false},"excerpt":{"rendered":"<p>Trwa remont bloku przy ul. Orzechowej 45-57.\u00a0<\/p>\n","protected":false},"author":1,"featured_media":344,"comment_status":"open","ping_status":"open","sticky":false,"template":"","format":"standard","meta":{"footnotes":""},"categories":[12],"tags":[25],"class_list":["post-343","post","type-post","status-publish","format-standard","has-post-thumbnail","hentry","category-artykuly","tag-docieplanie-remont-elewacji-orzechowa"],"_links":{"self":[{"href":"https:\/\/online.tvk-gaj.pl\/index.php?rest_route=\/wp\/v2\/posts\/343","targetHints":{"allow":["GET"]}}],"collection":[{"href":"https:\/\/online.tvk-gaj.pl\/index.php?rest_route=\/wp\/v2\/posts"}],"about":[{"href":"https:\/\/online.tvk-gaj.pl\/index.php?rest_route=\/wp\/v2\/types\/post"}],"author":[{"embeddable":true,"href":"https:\/\/online.tvk-gaj.pl\/index.php?rest_route=\/wp\/v2\/users\/1"}],"replies":[{"embeddable":true,"href":"https:\/\/online.tvk-gaj.pl\/index.php?rest_route=%2Fwp%2Fv2%2Fcomments&post=343"}],"version-history":[{"count":7,"href":"https:\/\/online.tvk-gaj.pl\/index.php?rest_route=\/wp\/v2\/posts\/343\/revisions"}],"predecessor-version":[{"id":434,"href":"https:\/\/online.tvk-gaj.pl\/index.php?rest_route=\/wp\/v2\/posts\/343\/revisions\/434"}],"wp:featuredmedia":[{"embeddable":true,"href":"https:\/\/online.tvk-gaj.pl\/index.php?rest_route=\/wp\/v2\/media\/344"}],"wp:attachment":[{"href":"https:\/\/online.tvk-gaj.pl\/index.php?rest_route=%2Fwp%2Fv2%2Fmedia&parent=343"}],"wp:term":[{"taxonomy":"category","embeddable":true,"href":"https:\/\/online.tvk-gaj.pl\/index.php?rest_route=%2Fwp%2Fv2%2Fcategories&post=343"},{"taxonomy":"post_tag","embeddable":true,"href":"https:\/\/online.tvk-gaj.pl\/index.php?rest_route=%2Fwp%2Fv2%2Ftags&post=343"}],"curies":[{"name":"wp","href":"https:\/\/api.w.org\/{rel}","templated":true}]}}