{"id":3566,"date":"2014-11-18T20:26:07","date_gmt":"2014-11-18T19:26:07","guid":{"rendered":"http:\/\/www.tvk-gaj.pl\/~gajonline\/?p=3566"},"modified":"2014-11-18T20:26:07","modified_gmt":"2014-11-18T19:26:07","slug":"15-lecie-gimnazjum-nr-25-na-gaju","status":"publish","type":"post","link":"https:\/\/online.tvk-gaj.pl\/?p=3566","title":{"rendered":"15-lecie Gimnazjum Nr 25 na Gaju"},"content":{"rendered":"<p>Zapraszamy do fotorelacji z 15 lecia Gimnazjum Nr 25 na Gaju.<!--more--><\/p>\n<p>30 pa\u017adziernika b.r. Gimnazjum Nr 25 im.\u00a0m. W\u0142adys\u0142awa Kopali\u0144skiego przy ul. Orzechowej 62 obchodzi\u0142o 15 lecie istnienia. W zwi\u0105zku z rocznic\u0105 odby\u0142 si\u0119 uroczysty apel upami\u0119tniaj\u0105cy 15 lat pracy plac\u00f3wki.<\/p>\n<p>Na uroczysto\u015bci pojawili si\u0119 zaproszeni go\u015bcie, w tym m.in. Prezydent Wroc\u0142awia Pan Rafa\u0142 Dudkiewicz. Rad\u0119 Osiedla Gaj reprezentowali Przewodnicz\u0105cy Rady Osiedla Adam Wojtaszewski oraz Przewodnicz\u0105cy Zarz\u0105du Osiedla Stefan Zydorowicz. W\u015br\u00f3d go\u015bci pojawili si\u0119 r\u00f3wnie\u017c przedstawiciele rodzic\u00f3w, absolwenci oraz Proboszcz Parafii \u015awi\u0119tego Franciszka z Asy\u017cu z ul. Borowskiej &#8211; ks. Proboszcz Kazimierz Sroka.<\/p>\n<p>Pierwszy dzwonek w szkole rozbrzmia\u0142 1 wrze\u015bnia 1999r., kiedy to pierwszy rocznik gimnazjalist\u00f3w rozpocz\u0105\u0142 nauk\u0119 po reformie szkolnictwa. Pocz\u0105tkowo zaj\u0119cia odbywa\u0142y si\u0119 w wydzielonej cz\u0119\u015bci Szko\u0142y Podstawowej Nr 90, z kt\u00f3r\u0105 do dzi\u015b Gimnazjum dzieli du\u017cy budynek w centrum osiedla. W raz z przybywaniem klas kolejnych rocznik\u00f3w szko\u0142a powi\u0119ksza\u0142a si\u0119 i rozwija\u0142a. Dzi\u015b to nowoczesna plac\u00f3wka edukacyjna kszta\u0142c\u0105ca m\u0142odzie\u017c z terenu Gaju oraz cz\u0119\u015bciowo z teren\u00f3w s\u0105siednich osiedli.<\/p>\n<p>Rada Osiedla Gaj wspiera szko\u0142\u0119 i od lat \u015bci\u015ble wsp\u00f3\u0142pracuje na rzecz m\u0142odzie\u017cy z osiedla.<\/p>\n<p>Gratulujemy wi\u0119c pi\u0119knej rocznicy i \u017cyczymy dalszych lat sukces\u00f3w wszystkim nauczycielom, pracownikom oraz uczniom i absolwentom szko\u0142y.<\/p>\n<p>&nbsp;<\/p>\n<p><strong>Galeria zdj\u0119\u0107<\/strong><\/p>\n<p><img decoding=\"async\" class=\"ngg_displayed_gallery mceItem\" src=\"http:\/\/www.tvk-gaj.pl\/~gajonline\/index.php\/nextgen-attach_to_post\/preview\/id--3568\" alt=\"\" \/><\/p>\n<p>&nbsp;<\/p>\n<p>&nbsp;<\/p>\n","protected":false},"excerpt":{"rendered":"<p>Zapraszamy do fotorelacji z 15 lecia Gimnazjum Nr 25 na Gaju.<\/p>\n","protected":false},"author":1,"featured_media":3567,"comment_status":"open","ping_status":"open","sticky":false,"template":"","format":"standard","meta":{"footnotes":""},"categories":[14,12],"tags":[112,383,381,299,380,382,273,165],"class_list":["post-3566","post","type-post","status-publish","format-standard","has-post-thumbnail","hentry","category-aktualnosci","category-artykuly","tag-gaj","tag-gimnazju","tag-gimnazjum-na-gaju","tag-gimnazjum-nr-25","tag-gimnazjum-nr-25-m-wladyslawa-kopalinskiego","tag-orzechowa-62a","tag-szkola","tag-wroclaw"],"_links":{"self":[{"href":"https:\/\/online.tvk-gaj.pl\/index.php?rest_route=\/wp\/v2\/posts\/3566","targetHints":{"allow":["GET"]}}],"collection":[{"href":"https:\/\/online.tvk-gaj.pl\/index.php?rest_route=\/wp\/v2\/posts"}],"about":[{"href":"https:\/\/online.tvk-gaj.pl\/index.php?rest_route=\/wp\/v2\/types\/post"}],"author":[{"embeddable":true,"href":"https:\/\/online.tvk-gaj.pl\/index.php?rest_route=\/wp\/v2\/users\/1"}],"replies":[{"embeddable":true,"href":"https:\/\/online.tvk-gaj.pl\/index.php?rest_route=%2Fwp%2Fv2%2Fcomments&post=3566"}],"version-history":[{"count":1,"href":"https:\/\/online.tvk-gaj.pl\/index.php?rest_route=\/wp\/v2\/posts\/3566\/revisions"}],"predecessor-version":[{"id":3569,"href":"https:\/\/online.tvk-gaj.pl\/index.php?rest_route=\/wp\/v2\/posts\/3566\/revisions\/3569"}],"wp:featuredmedia":[{"embeddable":true,"href":"https:\/\/online.tvk-gaj.pl\/index.php?rest_route=\/wp\/v2\/media\/3567"}],"wp:attachment":[{"href":"https:\/\/online.tvk-gaj.pl\/index.php?rest_route=%2Fwp%2Fv2%2Fmedia&parent=3566"}],"wp:term":[{"taxonomy":"category","embeddable":true,"href":"https:\/\/online.tvk-gaj.pl\/index.php?rest_route=%2Fwp%2Fv2%2Fcategories&post=3566"},{"taxonomy":"post_tag","embeddable":true,"href":"https:\/\/online.tvk-gaj.pl\/index.php?rest_route=%2Fwp%2Fv2%2Ftags&post=3566"}],"curies":[{"name":"wp","href":"https:\/\/api.w.org\/{rel}","templated":true}]}}