{"id":3572,"date":"2014-11-29T16:52:51","date_gmt":"2014-11-29T15:52:51","guid":{"rendered":"http:\/\/www.tvk-gaj.pl\/~gajonline\/?p=3572"},"modified":"2014-11-29T17:51:08","modified_gmt":"2014-11-29T16:51:08","slug":"rekolekcje-adwentowe-2014","status":"publish","type":"post","link":"https:\/\/online.tvk-gaj.pl\/?p=3572","title":{"rendered":"Rekolekcje adwentowe 2014"},"content":{"rendered":"<p>Tradycyjnie w I niedziel\u0119 adwentu, tj. 30 listopada,\u00a0rozpoczn\u0105 si\u0119 rekolekcje adwentowe w Parafii \u015awi\u0119tego Franciszka z Asy\u017cu przy ul. Borowskiej 174. W zwi\u0105zku z powy\u017cszym publikujemy dok\u0142adny plan rekolekcji.<!--more--><\/p>\n<p>&nbsp;<\/p>\n<p><a href=\"http:\/\/www.tvk-gaj.pl\/~gajonline\/wp-content\/uploads\/2014\/11\/rekolekcje-adwentowe-2014.jpg\"><img loading=\"lazy\" decoding=\"async\" class=\"aligncenter size-large wp-image-3573\" src=\"http:\/\/www.tvk-gaj.pl\/~gajonline\/wp-content\/uploads\/2014\/11\/rekolekcje-adwentowe-2014-704x1024.jpg\" alt=\"rekolekcje adwentowe 2014\" width=\"704\" height=\"1024\" srcset=\"https:\/\/online.tvk-gaj.pl\/wp-content\/uploads\/2014\/11\/rekolekcje-adwentowe-2014-704x1024.jpg 704w, https:\/\/online.tvk-gaj.pl\/wp-content\/uploads\/2014\/11\/rekolekcje-adwentowe-2014-206x300.jpg 206w, https:\/\/online.tvk-gaj.pl\/wp-content\/uploads\/2014\/11\/rekolekcje-adwentowe-2014.jpg 1626w\" sizes=\"auto, (max-width: 704px) 100vw, 704px\" \/><\/a><\/p>\n<p>&nbsp;<\/p>\n<p>&nbsp;<\/p>\n","protected":false},"excerpt":{"rendered":"<p>Tradycyjnie w I niedziel\u0119 adwentu, tj. 30 listopada,\u00a0rozpoczn\u0105 si\u0119 rekolekcje adwentowe w Parafii \u015awi\u0119tego Franciszka z Asy\u017cu przy ul. Borowskiej 174. W zwi\u0105zku z powy\u017cszym publikujemy dok\u0142adny plan rekolekcji.<\/p>\n","protected":false},"author":1,"featured_media":2128,"comment_status":"open","ping_status":"open","sticky":false,"template":"","format":"standard","meta":{"footnotes":""},"categories":[14,12],"tags":[112,387,190,385,384,388,386,389],"class_list":["post-3572","post","type-post","status-publish","format-standard","has-post-thumbnail","hentry","category-aktualnosci","category-artykuly","tag-gaj","tag-kosciol-borowska","tag-parafia-swietego-franciszka-z-asyzu","tag-rekolekcje","tag-rekolekcje-adwentowe","tag-rekolekcje-na-gaju-2014","tag-sw-franciszek-borowska","tag-swiety-franciszek-rekolekcje"],"_links":{"self":[{"href":"https:\/\/online.tvk-gaj.pl\/index.php?rest_route=\/wp\/v2\/posts\/3572","targetHints":{"allow":["GET"]}}],"collection":[{"href":"https:\/\/online.tvk-gaj.pl\/index.php?rest_route=\/wp\/v2\/posts"}],"about":[{"href":"https:\/\/online.tvk-gaj.pl\/index.php?rest_route=\/wp\/v2\/types\/post"}],"author":[{"embeddable":true,"href":"https:\/\/online.tvk-gaj.pl\/index.php?rest_route=\/wp\/v2\/users\/1"}],"replies":[{"embeddable":true,"href":"https:\/\/online.tvk-gaj.pl\/index.php?rest_route=%2Fwp%2Fv2%2Fcomments&post=3572"}],"version-history":[{"count":2,"href":"https:\/\/online.tvk-gaj.pl\/index.php?rest_route=\/wp\/v2\/posts\/3572\/revisions"}],"predecessor-version":[{"id":3610,"href":"https:\/\/online.tvk-gaj.pl\/index.php?rest_route=\/wp\/v2\/posts\/3572\/revisions\/3610"}],"wp:featuredmedia":[{"embeddable":true,"href":"https:\/\/online.tvk-gaj.pl\/index.php?rest_route=\/wp\/v2\/media\/2128"}],"wp:attachment":[{"href":"https:\/\/online.tvk-gaj.pl\/index.php?rest_route=%2Fwp%2Fv2%2Fmedia&parent=3572"}],"wp:term":[{"taxonomy":"category","embeddable":true,"href":"https:\/\/online.tvk-gaj.pl\/index.php?rest_route=%2Fwp%2Fv2%2Fcategories&post=3572"},{"taxonomy":"post_tag","embeddable":true,"href":"https:\/\/online.tvk-gaj.pl\/index.php?rest_route=%2Fwp%2Fv2%2Ftags&post=3572"}],"curies":[{"name":"wp","href":"https:\/\/api.w.org\/{rel}","templated":true}]}}