{"id":3575,"date":"2014-11-28T17:05:37","date_gmt":"2014-11-28T16:05:37","guid":{"rendered":"http:\/\/www.tvk-gaj.pl\/~gajonline\/?p=3575"},"modified":"2014-11-29T17:50:31","modified_gmt":"2014-11-29T16:50:31","slug":"wystawa-oczaruj-nas-gajem-w-ferio-gaj","status":"publish","type":"post","link":"https:\/\/online.tvk-gaj.pl\/?p=3575","title":{"rendered":"Wystawa &#8222;Oczaruj nas Gajem&#8221; w Ferio Gaj"},"content":{"rendered":"<p>Do 1 grudnia w Centrum Handlowym Ferio Gaj przy ul. \u015awieradowskiej mo\u017cna ogl\u0105da\u0107 wystaw\u0119 \u201eOczaruj nas Gajem\u201d.<!--more--><\/p>\n<p>Wystawa zosta\u0142a przygotowana na podstawie najlepszych prac nad<span class=\"text_exposed_show\">es\u0142anych w wakacyjnym konkursie fotograficznym \u2013 pod has\u0142em \u201eOczaruj nas Gajem\u201d, kt\u00f3ry zosta\u0142 zorganizowany przez FERIO Gaj we Wroc\u0142awiu.<\/span><\/p>\n<p><span class=\"text_exposed_show\">Na wystawie opr\u00f3cz zdj\u0119\u0107 laureat\u00f3w prezentujemy r\u00f3wnie\u017c najlepsze zdj\u0119cia, kt\u00f3rych autorzy nie zostali nagrodzeni, ale ich prace spodoba\u0142y si\u0119 jury.<\/span><\/p>\n<p><strong>\u00a0Galeria zdj\u0119\u0107:\u00a0<\/strong><\/p>\n<p><img decoding=\"async\" class=\"ngg_displayed_gallery mceItem\" src=\"http:\/\/www.tvk-gaj.pl\/~gajonline\/index.php\/nextgen-attach_to_post\/preview\/id--3606\" alt=\"\" \/><\/p>\n<p>&nbsp;<\/p>\n<p>Zapraszamy do zwiedzenia wystawy!<\/p>\n<p>&nbsp;<\/p>\n<p>&nbsp;<\/p>\n<p><em>(*) Zdj\u0119cie b\u0119d\u0105ce t\u0142em artyku\u0142u pochodzi ze strony dolny-slask.org.pl i jest w\u0142asno\u015bci\u0105 serwisu.<\/em><\/p>\n<p>&nbsp;<\/p>\n","protected":false},"excerpt":{"rendered":"<p>Do 1 grudnia w Centrum Handlowym Ferio Gaj przy ul. \u015awieradowskiej mo\u017cna ogl\u0105da\u0107 wystaw\u0119 \u201eOczaruj nas Gajem\u201d.<\/p>\n","protected":false},"author":1,"featured_media":3607,"comment_status":"open","ping_status":"open","sticky":false,"template":"","format":"standard","meta":{"footnotes":""},"categories":[14,12],"tags":[131,391,390,392],"class_list":["post-3575","post","type-post","status-publish","format-standard","has-post-thumbnail","hentry","category-aktualnosci","category-artykuly","tag-ferio-gaj","tag-wystawa-oczaruj-nas-gajem","tag-wystawa-zdjec","tag-zdjecia-osiedle-gaj"],"_links":{"self":[{"href":"https:\/\/online.tvk-gaj.pl\/index.php?rest_route=\/wp\/v2\/posts\/3575","targetHints":{"allow":["GET"]}}],"collection":[{"href":"https:\/\/online.tvk-gaj.pl\/index.php?rest_route=\/wp\/v2\/posts"}],"about":[{"href":"https:\/\/online.tvk-gaj.pl\/index.php?rest_route=\/wp\/v2\/types\/post"}],"author":[{"embeddable":true,"href":"https:\/\/online.tvk-gaj.pl\/index.php?rest_route=\/wp\/v2\/users\/1"}],"replies":[{"embeddable":true,"href":"https:\/\/online.tvk-gaj.pl\/index.php?rest_route=%2Fwp%2Fv2%2Fcomments&post=3575"}],"version-history":[{"count":6,"href":"https:\/\/online.tvk-gaj.pl\/index.php?rest_route=\/wp\/v2\/posts\/3575\/revisions"}],"predecessor-version":[{"id":3609,"href":"https:\/\/online.tvk-gaj.pl\/index.php?rest_route=\/wp\/v2\/posts\/3575\/revisions\/3609"}],"wp:featuredmedia":[{"embeddable":true,"href":"https:\/\/online.tvk-gaj.pl\/index.php?rest_route=\/wp\/v2\/media\/3607"}],"wp:attachment":[{"href":"https:\/\/online.tvk-gaj.pl\/index.php?rest_route=%2Fwp%2Fv2%2Fmedia&parent=3575"}],"wp:term":[{"taxonomy":"category","embeddable":true,"href":"https:\/\/online.tvk-gaj.pl\/index.php?rest_route=%2Fwp%2Fv2%2Fcategories&post=3575"},{"taxonomy":"post_tag","embeddable":true,"href":"https:\/\/online.tvk-gaj.pl\/index.php?rest_route=%2Fwp%2Fv2%2Ftags&post=3575"}],"curies":[{"name":"wp","href":"https:\/\/api.w.org\/{rel}","templated":true}]}}