{"id":3614,"date":"2014-12-11T20:49:36","date_gmt":"2014-12-11T19:49:36","guid":{"rendered":"http:\/\/www.tvk-gaj.pl\/~gajonline\/?p=3614"},"modified":"2014-12-11T21:05:56","modified_gmt":"2014-12-11T20:05:56","slug":"nowy-wiceprzewodniczacy-rady-osiedla-gaj","status":"publish","type":"post","link":"https:\/\/online.tvk-gaj.pl\/?p=3614","title":{"rendered":"Nowy wiceprzewodnicz\u0105cy Rady Osiedla Gaj"},"content":{"rendered":"<p>W sk\u0142adzie Rady Osiedla Gaj nast\u0105pi\u0142a zmiana personalna. Funkcj\u0119 za-przewodnicz\u0105cego Rady Osiedla obj\u0105\u0142 Pan Grzegorz Pytlarz. Wi\u0119cej o sk\u0142adzie RO Gaj w zak\u0142adce Rada Osiedla.<\/p>\n<p>Panu Mieczys\u0142awowi \u0141ukaszukowi dzi\u0119kujemy za wieloletni\u0105 prac\u0119 i zaanga\u017cowanie w pe\u0142nienie funkcji zast\u0119pcy przewodnicz\u0105cego Rady Osiedla. Jego nast\u0119pcy, Panu Grzegorzowi Pytlarzowi \u017cyczymy tymczasem wielu sukces\u00f3w oraz satysfakcji z pe\u0142nionej, na rzecz lokalnej spo\u0142eczno\u015bci, funkcji.<\/p>\n<p>&nbsp;<\/p>\n<p>&nbsp;<\/p>\n<p>&nbsp;<\/p>\n<p>&nbsp;<\/p>\n","protected":false},"excerpt":{"rendered":"<p>W sk\u0142adzie Rady Osiedla Gaj nast\u0105pi\u0142a zmiana personalna. Funkcj\u0119 za-przewodnicz\u0105cego Rady Osiedla obj\u0105\u0142 Pan Grzegorz Pytlarz. Wi\u0119cej o sk\u0142adzie RO Gaj w zak\u0142adce Rada Osiedla. Panu Mieczys\u0142awowi \u0141ukaszukowi dzi\u0119kujemy za wieloletni\u0105 prac\u0119 i zaanga\u017cowanie w pe\u0142nienie funkcji zast\u0119pcy przewodnicz\u0105cego Rady Osiedla. Jego nast\u0119pcy, Panu Grzegorzowi Pytlarzowi \u017cyczymy tymczasem wielu sukces\u00f3w oraz satysfakcji z pe\u0142nionej, na [&hellip;]<\/p>\n","protected":false},"author":1,"featured_media":2477,"comment_status":"open","ping_status":"open","sticky":false,"template":"","format":"standard","meta":{"footnotes":""},"categories":[14],"tags":[393,395,394],"class_list":["post-3614","post","type-post","status-publish","format-standard","has-post-thumbnail","hentry","category-aktualnosci","tag-rada-osiedla-gaj-sklad","tag-radni-gaju","tag-zarzad"],"_links":{"self":[{"href":"https:\/\/online.tvk-gaj.pl\/index.php?rest_route=\/wp\/v2\/posts\/3614","targetHints":{"allow":["GET"]}}],"collection":[{"href":"https:\/\/online.tvk-gaj.pl\/index.php?rest_route=\/wp\/v2\/posts"}],"about":[{"href":"https:\/\/online.tvk-gaj.pl\/index.php?rest_route=\/wp\/v2\/types\/post"}],"author":[{"embeddable":true,"href":"https:\/\/online.tvk-gaj.pl\/index.php?rest_route=\/wp\/v2\/users\/1"}],"replies":[{"embeddable":true,"href":"https:\/\/online.tvk-gaj.pl\/index.php?rest_route=%2Fwp%2Fv2%2Fcomments&post=3614"}],"version-history":[{"count":4,"href":"https:\/\/online.tvk-gaj.pl\/index.php?rest_route=\/wp\/v2\/posts\/3614\/revisions"}],"predecessor-version":[{"id":3800,"href":"https:\/\/online.tvk-gaj.pl\/index.php?rest_route=\/wp\/v2\/posts\/3614\/revisions\/3800"}],"wp:featuredmedia":[{"embeddable":true,"href":"https:\/\/online.tvk-gaj.pl\/index.php?rest_route=\/wp\/v2\/media\/2477"}],"wp:attachment":[{"href":"https:\/\/online.tvk-gaj.pl\/index.php?rest_route=%2Fwp%2Fv2%2Fmedia&parent=3614"}],"wp:term":[{"taxonomy":"category","embeddable":true,"href":"https:\/\/online.tvk-gaj.pl\/index.php?rest_route=%2Fwp%2Fv2%2Fcategories&post=3614"},{"taxonomy":"post_tag","embeddable":true,"href":"https:\/\/online.tvk-gaj.pl\/index.php?rest_route=%2Fwp%2Fv2%2Ftags&post=3614"}],"curies":[{"name":"wp","href":"https:\/\/api.w.org\/{rel}","templated":true}]}}