{"id":374,"date":"2012-11-19T15:16:56","date_gmt":"2012-11-19T14:16:56","guid":{"rendered":"http:\/\/www.gaj-osiedle.wroclaw.pl\/?p=374"},"modified":"2013-01-12T15:02:22","modified_gmt":"2013-01-12T14:02:22","slug":"relacja-z-dnia-seniora-na-gaju","status":"publish","type":"post","link":"https:\/\/online.tvk-gaj.pl\/?p=374","title":{"rendered":"Relacja z Dnia Seniora na Gaju"},"content":{"rendered":"<p>W pi\u0105tek, 16 listopada odby\u0142 si\u0119 &#8211; co jest ju\u017c tradycj\u0105 na Gaju &#8211; osiedlowy Dzie\u0144 Seniora. Na spotkaniu zorganizowanym przez Rad\u0119 Osiedla pojawili si\u0119 starsi mieszka\u0144cy osiedla, w\u0142adze osiedla, a tak\u017ce zaproszeni go\u015bcie, w tym nasi przyjaciele, sponsorzy oraz lokalni dzia\u0142acze spo\u0142eczni.<!--more--><br \/>\nSpotkanie mia\u0142o miejsce na terenie Szko\u0142y Podstawowej Nr 90 przy ulicy Orzechowej 62.<br \/>\nRozpocz\u0119\u0142o si\u0119 o godzinie 17:00 przygotowanym przez uczni\u00f3w Szko\u0142y Podstawowej blokiem artystycznym.<br \/>\nNast\u0119pnie pojawi\u0142y si\u0119 przem\u00f3wienia gospodarzy i zaproszonych go\u015bci.<\/p>\n<p>&nbsp;<\/p>\n<p>G\u0142os zabrali m.in.:<\/p>\n<p>Adam Wojtaszewski &#8211; Przewodnicz\u0105cy Rady Osiedla Gaj<\/p>\n<p>Stefan Zydorowicz &#8211; Przewodnicz\u0105cy Zarz\u0105du Rady Osiedla Gaj<\/p>\n<p>Andrzej Nawrot &#8211; cz\u0142onek Zarz\u0105du Rady Osiedla Gaj<\/p>\n<p>Joanna Sinicka &#8211; Dyrektor Szko\u0142y Podstawowej Nr 90<\/p>\n<p>Dyrektor Banku PKO BP \u00a0Oddzia\u0142 7 we Wroc\u0142awiu<\/p>\n<p>Kazimierz Zagrodnik &#8211; Cz\u0142onek Zwi\u0105zku Emeryt\u00f3w Wojskowych oraz Sekretarz Rady Osiedla Gaj<\/p>\n<p>Rybicki Ryszard &#8211; Przewodnicz\u0105cy Stowarzyszenia Odr\u0119bna W\u0142asno\u015b\u0107 w nieruchomo\u015bci Krynicka 2-52<\/p>\n<p>Ryfa Ma\u0142gorzata &#8211; Prezes Fundacji &#8222;Dla Dobrych Dzie\u0142&#8221;<\/p>\n<p>Rzepecki Mieczys\u0142aw &#8211; Przedstawiciel Kolejarzy z Osiedla Gaj<\/p>\n<p>Mieczys\u0142aw \u0141ukaszuk &#8211; Prezes Zarz\u0105du Wojew\u00f3dzkiego Stowarzyszenia Diabetyk\u00f3w we Wroc\u0142awiu<\/p>\n<p>Kuczy\u0144ska Krystyna i Idzikowska Miros\u0142awa &#8211; Miejski O\u015brodek Pomocy Spo\u0142ecznej<\/p>\n<p>Przedstawiciele Ko\u0142a Emeryt\u00f3w<\/p>\n<p>oraz wielu znamienitych Go\u015bci!<\/p>\n<p>&nbsp;<\/p>\n<p>Rozmowy dotyczy\u0142y nie tylko przesz\u0142o\u015bci, w tym przesz\u0142o\u015bci osiedla, ale tak\u017ce obecnej sytuacji senior\u00f3w w \u017cyciu spo\u0142ecznym i kulturalnym oraz wp\u0142ywu starszych os\u00f3b na rozw\u00f3j swojego miejsca zamieszkania.<\/p>\n<p>Rada Osiedla Gaj pragnie podzi\u0119kowa\u0107 wszystkim przyby\u0142ym go\u015bciom za wsp\u00f3lnie sp\u0119dzony czas, kt\u00f3ry b\u0119d\u0105c ju\u017c niejako &#8222;\u015bwieck\u0105 tradycj\u0105&#8221; przyczynia si\u0119 do publicznej debaty na temat naszych wsp\u00f3lnych spraw. Debaty, kt\u00f3rej tak potrzebuje wsp\u00f3\u0142czesne \u017cycie spo\u0142eczno-polityczne.<\/p>\n<p><span style=\"text-decoration: underline;\">Poni\u017cej kr\u00f3tka fotorelacja z imprezy.<\/span><\/p>\n<p>[nggallery id=11]<\/p>\n<p>&nbsp;<\/p>\n<p>&nbsp;<\/p>\n","protected":false},"excerpt":{"rendered":"<p>W pi\u0105tek, 16 listopada odby\u0142 si\u0119 &#8211; co jest ju\u017c tradycj\u0105 na Gaju &#8211; osiedlowy Dzie\u0144 Seniora. Na spotkaniu zorganizowanym przez Rad\u0119 Osiedla pojawili si\u0119 starsi mieszka\u0144cy osiedla, w\u0142adze osiedla, a tak\u017ce zaproszeni go\u015bcie, w tym nasi przyjaciele, sponsorzy oraz lokalni dzia\u0142acze spo\u0142eczni.<\/p>\n","protected":false},"author":1,"featured_media":375,"comment_status":"open","ping_status":"open","sticky":false,"template":"","format":"standard","meta":{"footnotes":""},"categories":[12],"tags":[28],"class_list":["post-374","post","type-post","status-publish","format-standard","has-post-thumbnail","hentry","category-artykuly","tag-dzien-seniora-gaj"],"_links":{"self":[{"href":"https:\/\/online.tvk-gaj.pl\/index.php?rest_route=\/wp\/v2\/posts\/374","targetHints":{"allow":["GET"]}}],"collection":[{"href":"https:\/\/online.tvk-gaj.pl\/index.php?rest_route=\/wp\/v2\/posts"}],"about":[{"href":"https:\/\/online.tvk-gaj.pl\/index.php?rest_route=\/wp\/v2\/types\/post"}],"author":[{"embeddable":true,"href":"https:\/\/online.tvk-gaj.pl\/index.php?rest_route=\/wp\/v2\/users\/1"}],"replies":[{"embeddable":true,"href":"https:\/\/online.tvk-gaj.pl\/index.php?rest_route=%2Fwp%2Fv2%2Fcomments&post=374"}],"version-history":[{"count":11,"href":"https:\/\/online.tvk-gaj.pl\/index.php?rest_route=\/wp\/v2\/posts\/374\/revisions"}],"predecessor-version":[{"id":546,"href":"https:\/\/online.tvk-gaj.pl\/index.php?rest_route=\/wp\/v2\/posts\/374\/revisions\/546"}],"wp:featuredmedia":[{"embeddable":true,"href":"https:\/\/online.tvk-gaj.pl\/index.php?rest_route=\/wp\/v2\/media\/375"}],"wp:attachment":[{"href":"https:\/\/online.tvk-gaj.pl\/index.php?rest_route=%2Fwp%2Fv2%2Fmedia&parent=374"}],"wp:term":[{"taxonomy":"category","embeddable":true,"href":"https:\/\/online.tvk-gaj.pl\/index.php?rest_route=%2Fwp%2Fv2%2Fcategories&post=374"},{"taxonomy":"post_tag","embeddable":true,"href":"https:\/\/online.tvk-gaj.pl\/index.php?rest_route=%2Fwp%2Fv2%2Ftags&post=374"}],"curies":[{"name":"wp","href":"https:\/\/api.w.org\/{rel}","templated":true}]}}