{"id":3813,"date":"2014-12-12T11:06:50","date_gmt":"2014-12-12T10:06:50","guid":{"rendered":"http:\/\/www.tvk-gaj.pl\/~gajonline\/?p=3813"},"modified":"2014-12-11T21:20:09","modified_gmt":"2014-12-11T20:20:09","slug":"mikolaj-zawital-do-dzieci-na-gaju","status":"publish","type":"post","link":"https:\/\/online.tvk-gaj.pl\/?p=3813","title":{"rendered":"Miko\u0142aj zawita\u0142 do dzieci na Gaju"},"content":{"rendered":"<p>W tym roku\u00a0Miko\u0142aj na Gaju mia\u0142 pe\u0142ne r\u0119ce roboty. Starszy, sympatyczny jegomo\u015b\u0107 w czerwonym wdzianku pojawi\u0142 si\u0119 w dw\u00f3ch osiedlowych Przedszkolach. Przedszkolu Nr 49 przy ulicy Borowskiej oraz w Przedszkolu Nr 92 przy ulicy Bardziej. W to wszystko opr\u00f3cz podr\u00f3\u017cnika z Laponii, magicznych renifer\u00f3w oraz ogromu dobrej woli zamieszana by\u0142a Rada Osiedla Gaj.<br \/>\n<!--more--><\/p>\n<p>5 grudnia \u00a0Miko\u0142aj pojawi\u0142 si\u0119 w Przedszkolu Nr 49 przy ul. Borowskiej 181-187. Kilka dni p\u00f3\u017aniej, 9 grudnia zawita\u0142 do Przedszkola Nr 92 z ul. Bardzkiej 5.<\/p>\n<p>Miko\u0142aj wr\u0119czy\u0142 dzieciom imienne paczki (ufundowane przez rodzic\u00f3w) oraz prezenty dla przedszkola i przedszkolnych grup (ufundowane przez Rad\u0119 Osiedla Gaj).<\/p>\n<p><strong>Od kilku lat Rada Osiedla Gaj co roku dofinansowuje przedszkola dzia\u0142aj\u0105ce na \u00a0terenie osiedla, przeznaczaj\u0105c na ten cel \u015brodki pieni\u0119\u017cne z w\u0142asnego bud\u017cetu.<\/strong><br \/>\n<strong>Paczki przekazywane s\u0105 og\u00f3\u0142owi dzieci jako dary dla przedszkola oraz poszczeg\u00f3lnych grup. W ten spos\u00f3b mieszka\u0144cy osiedla staj\u0105 si\u0119 po cz\u0119\u015bci mecenasami dzieci\u0119cego u\u015bmiechu oraz rado\u015bci.<\/strong><\/p>\n<p>Dzi\u0119ki tak przygotowanej akcji maluchy z Borowskiej oraz Bardzkiej co roku maj\u0105 nowe zabawki. A Miko\u0142aj pe\u0142ne r\u0119ce roboty, bowiem obdarowanie blisko 200 dzieci nie jest \u0142atw\u0105 prac\u0105. Rozmowy, sadzanie na kolanie, \u015bpiewy i okrzyki to tylko niekt\u00f3re rzeczy kt\u00f3rym Miko\u0142aj musi sprosta\u0107.<\/p>\n<p>Cieszymy si\u0119, ze i w tym roku mogli\u015bmy podarowa\u0107 u\u015bmiech i rado\u015b\u0107 naszym najmilszym;-)<\/p>\n<p>&nbsp;<\/p>\n<p><strong>Fotorelacja z Przedszkola Nr 92<\/strong><\/p>\n<p><img decoding=\"async\" class=\"ngg_displayed_gallery mceItem\" src=\"http:\/\/www.tvk-gaj.pl\/~gajonline\/index.php\/nextgen-attach_to_post\/preview\/id--3841\" alt=\"\" \/><\/p>\n<p>&nbsp;<\/p>\n<p><strong>Fotorelacja z Przedszkola Nr 49<\/strong><\/p>\n<p><img decoding=\"async\" class=\"ngg_displayed_gallery mceItem\" src=\"http:\/\/www.tvk-gaj.pl\/~gajonline\/index.php\/nextgen-attach_to_post\/preview\/id--3842\" alt=\"\" \/><\/p>\n<p>&nbsp;<\/p>\n\n\t\t\t<div class='et-tabs-container et_sliderfx_fade et_sliderauto_false et_sliderauto_speed_5000 et_slidertype_top_tabs'>\n\t\t\t\t<ul class='et-tabs-control'>\n\t\t\t<li><a href='#'>\n\t\t\tPrzedszkole Nr 49\n\t\t<\/a><\/li> \n\t\t<li><a href='#'>\n\t\t\tPrzedszkole Nr 92\n\t\t<\/a><\/li>\n\t\t<\/ul> <!-- .et-tabs-control --> \n\t\t<div class='et-tabs-content'>\n\t\t\t<div class='et-tabs-content-main-wrap'>\n\t\t\t\t<div class='et-tabs-content-wrapper'>\n\t\t\t\t\t<div class='et_slidecontent'>\n\t\t\tPrzedszkole nr 49 im. Tysi\u0105clecia Miasta Wroc\u0142awia Adres: Borowska 181-187, Wroc\u0142aw Telefon:71 367 19 62 www: http:\/\/www.przedszkole49.wroclaw.pl\n\t\t<\/div> \n\t\t<div class='et_slidecontent'>\n\t\t\tPrzedszkole nr 92 Adres: Bardzka 5, Wroc\u0142aw Telefon:71 333 14 12 www: http:\/\/www.przedszkole92.wroc.pl\n\t\t<\/div>\n\t\t\t\t<\/div>\n\t\t\t<\/div>\n\t\t<\/div>\n\t\t\t<\/div> <!-- .et-tabs-container -->\n<p>&nbsp;<\/p>\n<p>&nbsp;<\/p>\n","protected":false},"excerpt":{"rendered":"<p>W tym roku\u00a0Miko\u0142aj na Gaju mia\u0142 pe\u0142ne r\u0119ce roboty. Starszy, sympatyczny jegomo\u015b\u0107 w czerwonym wdzianku pojawi\u0142 si\u0119 w dw\u00f3ch osiedlowych Przedszkolach. Przedszkolu Nr 49 przy ulicy Borowskiej oraz w Przedszkolu Nr 92 przy ulicy Bardziej. W to wszystko opr\u00f3cz podr\u00f3\u017cnika z Laponii, magicznych renifer\u00f3w oraz ogromu dobrej woli zamieszana by\u0142a Rada Osiedla Gaj.<\/p>\n","protected":false},"author":1,"featured_media":3840,"comment_status":"open","ping_status":"open","sticky":false,"template":"","format":"standard","meta":{"footnotes":""},"categories":[14,12],"tags":[400,396,397,177,398,399,135],"class_list":["post-3813","post","type-post","status-publish","format-standard","has-post-thumbnail","hentry","category-aktualnosci","category-artykuly","tag-dzieci","tag-mikolaj-na-gaju","tag-mikolajki-2014","tag-prezenty","tag-przedszkole-ul-bardzka","tag-przedszkole-ul-borowska","tag-rada-osiedla-gaj"],"_links":{"self":[{"href":"https:\/\/online.tvk-gaj.pl\/index.php?rest_route=\/wp\/v2\/posts\/3813","targetHints":{"allow":["GET"]}}],"collection":[{"href":"https:\/\/online.tvk-gaj.pl\/index.php?rest_route=\/wp\/v2\/posts"}],"about":[{"href":"https:\/\/online.tvk-gaj.pl\/index.php?rest_route=\/wp\/v2\/types\/post"}],"author":[{"embeddable":true,"href":"https:\/\/online.tvk-gaj.pl\/index.php?rest_route=\/wp\/v2\/users\/1"}],"replies":[{"embeddable":true,"href":"https:\/\/online.tvk-gaj.pl\/index.php?rest_route=%2Fwp%2Fv2%2Fcomments&post=3813"}],"version-history":[{"count":3,"href":"https:\/\/online.tvk-gaj.pl\/index.php?rest_route=\/wp\/v2\/posts\/3813\/revisions"}],"predecessor-version":[{"id":5277,"href":"https:\/\/online.tvk-gaj.pl\/index.php?rest_route=\/wp\/v2\/posts\/3813\/revisions\/5277"}],"wp:featuredmedia":[{"embeddable":true,"href":"https:\/\/online.tvk-gaj.pl\/index.php?rest_route=\/wp\/v2\/media\/3840"}],"wp:attachment":[{"href":"https:\/\/online.tvk-gaj.pl\/index.php?rest_route=%2Fwp%2Fv2%2Fmedia&parent=3813"}],"wp:term":[{"taxonomy":"category","embeddable":true,"href":"https:\/\/online.tvk-gaj.pl\/index.php?rest_route=%2Fwp%2Fv2%2Fcategories&post=3813"},{"taxonomy":"post_tag","embeddable":true,"href":"https:\/\/online.tvk-gaj.pl\/index.php?rest_route=%2Fwp%2Fv2%2Ftags&post=3813"}],"curies":[{"name":"wp","href":"https:\/\/api.w.org\/{rel}","templated":true}]}}