{"id":3846,"date":"2014-12-19T17:11:28","date_gmt":"2014-12-19T16:11:28","guid":{"rendered":"http:\/\/www.tvk-gaj.pl\/~gajonline\/?p=3846"},"modified":"2014-12-19T17:11:28","modified_gmt":"2014-12-19T16:11:28","slug":"wigilia-w-radzie-osiedla-gaj","status":"publish","type":"post","link":"https:\/\/online.tvk-gaj.pl\/?p=3846","title":{"rendered":"Wigilia w Radzie Osiedla Gaj"},"content":{"rendered":"<p>W poniedzia\u0142ek, 15 grudnia b.r. w siedzibie Rady Osiedla Gaj przy ulicy Krynickiej 80 odby\u0142a si\u0119 uroczysta wigilia radnych Osiedla Gaj. Zapraszamy do kr\u00f3tkiej fotorelacji z imprezy.<!--more--><span id=\"more-501\"><\/span><\/p>\n<p>&nbsp;<\/p>\n<p>Na spotkaniu, przy tradycyjnym wigilijnym stole spotkali si\u0119 osiedlowi radni.<\/p>\n<p>\u015awi\u0105teczna atmosfera sprzyja\u0142a nie tylko podsumowaniu mijaj\u0105cego roku, ale i rozmowom odno\u015bnie plan\u00f3w na przysz\u0142o\u015b\u0107.<\/p>\n<p>G\u0142os zabra\u0142 m.in. Przewodnicz\u0105cy Rady Osiedla Gaj \u2013 Adam Wojtaszewski.<\/p>\n<p>Spotkanie odby\u0142o si\u0119 z \u015brodk\u00f3w w\u0142asnych Radnych Osiedla GAJ i mia\u0142o charakter oficjalny.<\/p>\n<p>Zapraszamy do kr\u00f3tkiej fotorelacji.<\/p>\n<p>&nbsp;<\/p>\n<p><img decoding=\"async\" class=\"ngg_displayed_gallery mceItem\" src=\"http:\/\/www.tvk-gaj.pl\/~gajonline\/index.php\/nextgen-attach_to_post\/preview\/id--3876\" alt=\"\" \/><\/p>\n<p>&nbsp;<\/p>\n<p>&nbsp;<\/p>\n","protected":false},"excerpt":{"rendered":"<p>W poniedzia\u0142ek, 15 grudnia b.r. w siedzibie Rady Osiedla Gaj przy ulicy Krynickiej 80 odby\u0142a si\u0119 uroczysta wigilia radnych Osiedla Gaj. Zapraszamy do kr\u00f3tkiej fotorelacji z imprezy.<\/p>\n","protected":false},"author":1,"featured_media":3847,"comment_status":"open","ping_status":"open","sticky":false,"template":"","format":"standard","meta":{"footnotes":""},"categories":[14,12],"tags":[112,292,135,403,145,402,404,401],"class_list":["post-3846","post","type-post","status-publish","format-standard","has-post-thumbnail","hentry","category-aktualnosci","category-artykuly","tag-gaj","tag-rada-osiedla-2","tag-rada-osiedla-gaj","tag-radni-osiedlowi","tag-spotkanie","tag-wigilia","tag-wigilia-2014","tag-wigilia-w-radzie-osiedla-gaj"],"_links":{"self":[{"href":"https:\/\/online.tvk-gaj.pl\/index.php?rest_route=\/wp\/v2\/posts\/3846","targetHints":{"allow":["GET"]}}],"collection":[{"href":"https:\/\/online.tvk-gaj.pl\/index.php?rest_route=\/wp\/v2\/posts"}],"about":[{"href":"https:\/\/online.tvk-gaj.pl\/index.php?rest_route=\/wp\/v2\/types\/post"}],"author":[{"embeddable":true,"href":"https:\/\/online.tvk-gaj.pl\/index.php?rest_route=\/wp\/v2\/users\/1"}],"replies":[{"embeddable":true,"href":"https:\/\/online.tvk-gaj.pl\/index.php?rest_route=%2Fwp%2Fv2%2Fcomments&post=3846"}],"version-history":[{"count":1,"href":"https:\/\/online.tvk-gaj.pl\/index.php?rest_route=\/wp\/v2\/posts\/3846\/revisions"}],"predecessor-version":[{"id":3897,"href":"https:\/\/online.tvk-gaj.pl\/index.php?rest_route=\/wp\/v2\/posts\/3846\/revisions\/3897"}],"wp:featuredmedia":[{"embeddable":true,"href":"https:\/\/online.tvk-gaj.pl\/index.php?rest_route=\/wp\/v2\/media\/3847"}],"wp:attachment":[{"href":"https:\/\/online.tvk-gaj.pl\/index.php?rest_route=%2Fwp%2Fv2%2Fmedia&parent=3846"}],"wp:term":[{"taxonomy":"category","embeddable":true,"href":"https:\/\/online.tvk-gaj.pl\/index.php?rest_route=%2Fwp%2Fv2%2Fcategories&post=3846"},{"taxonomy":"post_tag","embeddable":true,"href":"https:\/\/online.tvk-gaj.pl\/index.php?rest_route=%2Fwp%2Fv2%2Ftags&post=3846"}],"curies":[{"name":"wp","href":"https:\/\/api.w.org\/{rel}","templated":true}]}}